{"id":749,"date":"2017-06-20T09:48:11","date_gmt":"2017-06-20T07:48:11","guid":{"rendered":"http:\/\/agora.xtec.cat\/escolapratdelariba\/?p=749"},"modified":"2017-06-20T09:50:51","modified_gmt":"2017-06-20T07:50:51","slug":"els-bons-resultats-shan-de-celebrar","status":"publish","type":"post","link":"https:\/\/agora.xtec.cat\/escolapratdelariba\/general\/els-bons-resultats-shan-de-celebrar\/","title":{"rendered":"ELS BONS RESULTATS S&#8217;HAN DE CELEBRAR"},"content":{"rendered":"<p>A l&#8217;escola ens agrada participar en projectes i activitats diverses organitzades per entitats que potencien les matem\u00e0tiques i la llengua i des de fa uns cursos ho estem fent per motivar els alumnes i fomentar\u00a0les ganes d&#8217;aprendre.<\/p>\n<p>L&#8217;objectiu principal \u00e9s l&#8217;anterior, per\u00f2 tamb\u00e9 ens fa molt il\u00b7lusi\u00f3 quan els nostres alumnes queden seleccionats o tenen bons resultats, i aquest any en volem felicitar uns quants!<\/p>\n<table style=\"width: 1059px;\">\n<tbody>\n<tr>\n<td style=\"width: 332px;\"><a href=\"http:\/\/agora.xtec.cat\/escolapratdelariba\/wp-content\/uploads\/usu534\/2017\/06\/IMG-20170514-WA0301.jpg\"><img loading=\"lazy\" decoding=\"async\" class=\"aligncenter size-medium wp-image-750\" src=\"http:\/\/agora.xtec.cat\/escolapratdelariba\/wp-content\/uploads\/usu534\/2017\/06\/IMG-20170514-WA0301-225x300.jpg\" alt=\"IMG-20170514-WA0301\" width=\"225\" height=\"300\" srcset=\"https:\/\/agora.xtec.cat\/escolapratdelariba\/wp-content\/uploads\/usu534\/2017\/06\/IMG-20170514-WA0301-225x300.jpg 225w, https:\/\/agora.xtec.cat\/escolapratdelariba\/wp-content\/uploads\/usu534\/2017\/06\/IMG-20170514-WA0301-768x1024.jpg 768w, https:\/\/agora.xtec.cat\/escolapratdelariba\/wp-content\/uploads\/usu534\/2017\/06\/IMG-20170514-WA0301.jpg 1200w\" sizes=\"auto, (max-width: 225px) 100vw, 225px\" \/><\/a><\/td>\n<td style=\"width: 346px;\"><a href=\"http:\/\/agora.xtec.cat\/escolapratdelariba\/wp-content\/uploads\/usu534\/2017\/06\/IMG_6702.jpg\"><img loading=\"lazy\" decoding=\"async\" class=\"aligncenter size-medium wp-image-751\" src=\"http:\/\/agora.xtec.cat\/escolapratdelariba\/wp-content\/uploads\/usu534\/2017\/06\/IMG_6702-300x225.jpg\" alt=\"IMG_6702\" width=\"300\" height=\"225\" srcset=\"https:\/\/agora.xtec.cat\/escolapratdelariba\/wp-content\/uploads\/usu534\/2017\/06\/IMG_6702-300x225.jpg 300w, https:\/\/agora.xtec.cat\/escolapratdelariba\/wp-content\/uploads\/usu534\/2017\/06\/IMG_6702-768x576.jpg 768w, https:\/\/agora.xtec.cat\/escolapratdelariba\/wp-content\/uploads\/usu534\/2017\/06\/IMG_6702-1024x768.jpg 1024w, https:\/\/agora.xtec.cat\/escolapratdelariba\/wp-content\/uploads\/usu534\/2017\/06\/IMG_6702-200x150.jpg 200w\" sizes=\"auto, (max-width: 300px) 100vw, 300px\" \/><\/a><\/td>\n<td style=\"width: 371px;\"><a href=\"http:\/\/agora.xtec.cat\/escolapratdelariba\/wp-content\/uploads\/usu534\/2017\/06\/cvl.jpg\"><img loading=\"lazy\" decoding=\"async\" class=\"aligncenter size-medium wp-image-752\" src=\"http:\/\/agora.xtec.cat\/escolapratdelariba\/wp-content\/uploads\/usu534\/2017\/06\/cvl-217x300.jpg\" alt=\"cvl\" width=\"217\" height=\"300\" srcset=\"https:\/\/agora.xtec.cat\/escolapratdelariba\/wp-content\/uploads\/usu534\/2017\/06\/cvl-217x300.jpg 217w, https:\/\/agora.xtec.cat\/escolapratdelariba\/wp-content\/uploads\/usu534\/2017\/06\/cvl-768x1063.jpg 768w, https:\/\/agora.xtec.cat\/escolapratdelariba\/wp-content\/uploads\/usu534\/2017\/06\/cvl-740x1024.jpg 740w, https:\/\/agora.xtec.cat\/escolapratdelariba\/wp-content\/uploads\/usu534\/2017\/06\/cvl.jpg 1727w\" sizes=\"auto, (max-width: 217px) 100vw, 217px\" \/><\/a><\/td>\n<\/tr>\n<tr>\n<td style=\"width: 332px; text-align: center;\">Ariadna L\u00f3pez, P4<\/p>\n<p>1r acc\u00e8sit al concurs de dibuixos matem\u00e0tics de l&#8217;ABEAM.<\/td>\n<td style=\"width: 346px; text-align: center;\">Ariadna Garcia i Ivo Vizuete 6\u00e8<\/p>\n<p>L&#8217;Ari va quedar entre l&#8217;1% d&#8217;alumnes amb millors resultats a les proves cangur de matem\u00e0tiques i l&#8217;Ivo entre el 5% millor<\/td>\n<td style=\"width: 371px; text-align: center;\">M\u00edriam Troyano 6\u00e8 i Leire Ramos 4t<\/p>\n<p>Totes dues van anar als quarts de final del Certamen de lectura en veu alta de Catalunya. La Leire tamb\u00e9 va aconseguir arribar a les semifinals<\/td>\n<\/tr>\n<\/tbody>\n<\/table>\n<p>Molt\u00edssimes felicitats a tots cinc, esperem que gaudissiu de l&#8217;experi\u00e8ncia!!<\/p>\n<p>&nbsp;<\/p>\n","protected":false},"excerpt":{"rendered":"<p>A l&#8217;escola ens agrada participar en projectes i activitats diverses organitzades per entitats que potencien les matem\u00e0tiques i la llengua i des de fa uns cursos ho estem fent per motivar els alumnes i fomentar\u00a0les ganes d&#8217;aprendre. L&#8217;objectiu principal \u00e9s l&#8217;anterior, per\u00f2 tamb\u00e9 ens fa molt il\u00b7lusi\u00f3 quan els nostres alumnes queden seleccionats o tenen [&hellip;]<\/p>\n","protected":false},"author":1,"featured_media":0,"comment_status":"open","ping_status":"closed","sticky":false,"template":"","format":"standard","meta":{"_bbp_topic_count":0,"_bbp_reply_count":0,"_bbp_total_topic_count":0,"_bbp_total_reply_count":0,"_bbp_voice_count":0,"_bbp_anonymous_reply_count":0,"_bbp_topic_count_hidden":0,"_bbp_reply_count_hidden":0,"_bbp_forum_subforum_count":0,"site-sidebar-layout":"default","site-content-layout":"","ast-site-content-layout":"","site-content-style":"default","site-sidebar-style":"default","ast-global-header-display":"","ast-banner-title-visibility":"","ast-main-header-display":"","ast-hfb-above-header-display":"","ast-hfb-below-header-display":"","ast-hfb-mobile-header-display":"","site-post-title":"","ast-breadcrumbs-content":"","ast-featured-img":"","footer-sml-layout":"","theme-transparent-header-meta":"","adv-header-id-meta":"","stick-header-meta":"","header-above-stick-meta":"","header-main-stick-meta":"","header-below-stick-meta":"","astra-migrate-meta-layouts":"default","ast-page-background-enabled":"default","ast-page-background-meta":{"desktop":{"background-color":"var(--ast-global-color-4)","background-image":"","background-repeat":"repeat","background-position":"center center","background-size":"auto","background-attachment":"scroll","background-type":"","background-media":"","overlay-type":"","overlay-color":"","overlay-opacity":"","overlay-gradient":""},"tablet":{"background-color":"","background-image":"","background-repeat":"repeat","background-position":"center center","background-size":"auto","background-attachment":"scroll","background-type":"","background-media":"","overlay-type":"","overlay-color":"","overlay-opacity":"","overlay-gradient":""},"mobile":{"background-color":"","background-image":"","background-repeat":"repeat","background-position":"center center","background-size":"auto","background-attachment":"scroll","background-type":"","background-media":"","overlay-type":"","overlay-color":"","overlay-opacity":"","overlay-gradient":""}},"ast-content-background-meta":{"desktop":{"background-color":"var(--ast-global-color-5)","background-image":"","background-repeat":"repeat","background-position":"center center","background-size":"auto","background-attachment":"scroll","background-type":"","background-media":"","overlay-type":"","overlay-color":"","overlay-opacity":"","overlay-gradient":""},"tablet":{"background-color":"var(--ast-global-color-5)","background-image":"","background-repeat":"repeat","background-position":"center center","background-size":"auto","background-attachment":"scroll","background-type":"","background-media":"","overlay-type":"","overlay-color":"","overlay-opacity":"","overlay-gradient":""},"mobile":{"background-color":"var(--ast-global-color-5)","background-image":"","background-repeat":"repeat","background-position":"center center","background-size":"auto","background-attachment":"scroll","background-type":"","background-media":"","overlay-type":"","overlay-color":"","overlay-opacity":"","overlay-gradient":""}},"footnotes":""},"categories":[1,4],"tags":[],"class_list":["post-749","post","type-post","status-publish","format-standard","hentry","category-general","category-portada"],"post_mailing_queue_ids":[],"_links":{"self":[{"href":"https:\/\/agora.xtec.cat\/escolapratdelariba\/wp-json\/wp\/v2\/posts\/749","targetHints":{"allow":["GET"]}}],"collection":[{"href":"https:\/\/agora.xtec.cat\/escolapratdelariba\/wp-json\/wp\/v2\/posts"}],"about":[{"href":"https:\/\/agora.xtec.cat\/escolapratdelariba\/wp-json\/wp\/v2\/types\/post"}],"author":[{"embeddable":true,"href":"https:\/\/agora.xtec.cat\/escolapratdelariba\/wp-json\/wp\/v2\/users\/1"}],"replies":[{"embeddable":true,"href":"https:\/\/agora.xtec.cat\/escolapratdelariba\/wp-json\/wp\/v2\/comments?post=749"}],"version-history":[{"count":3,"href":"https:\/\/agora.xtec.cat\/escolapratdelariba\/wp-json\/wp\/v2\/posts\/749\/revisions"}],"predecessor-version":[{"id":755,"href":"https:\/\/agora.xtec.cat\/escolapratdelariba\/wp-json\/wp\/v2\/posts\/749\/revisions\/755"}],"wp:attachment":[{"href":"https:\/\/agora.xtec.cat\/escolapratdelariba\/wp-json\/wp\/v2\/media?parent=749"}],"wp:term":[{"taxonomy":"category","embeddable":true,"href":"https:\/\/agora.xtec.cat\/escolapratdelariba\/wp-json\/wp\/v2\/categories?post=749"},{"taxonomy":"post_tag","embeddable":true,"href":"https:\/\/agora.xtec.cat\/escolapratdelariba\/wp-json\/wp\/v2\/tags?post=749"}],"curies":[{"name":"wp","href":"https:\/\/api.w.org\/{rel}","templated":true}]}}