{"id":594,"date":"2017-01-23T13:40:11","date_gmt":"2017-01-23T12:40:11","guid":{"rendered":"http:\/\/agora.xtec.cat\/escolapratdelariba\/?p=594"},"modified":"2017-01-23T13:42:21","modified_gmt":"2017-01-23T12:42:21","slug":"preparant-el-dia-de-la-pau","status":"publish","type":"post","link":"https:\/\/agora.xtec.cat\/escolapratdelariba\/general\/preparant-el-dia-de-la-pau\/","title":{"rendered":"Preparant el Dia de la Pau"},"content":{"rendered":"<p><strong>VIATGE A UN M\u00d3N MILLOR!<\/strong><\/p>\n<p>El proper <strong>dilluns 30 de gener celebrarem a l\u2019escola el Dia de la Pau i la No Viol\u00e8ncia<\/strong>. Aquest any volem omplir el m\u00f3n amb cases i frases que fomentin els valors del respecte, toler\u00e0ncia, amistat&#8230;<\/p>\n<p>A l\u2019escola cada nivell ha treballat un tema concret amb les tutores i el tutor despr\u00e9s d&#8217;haver escoltat i visionat la can\u00e7\u00f3 &#8220;Imagine&#8221; de John Lenon. La idea \u00e9s que, juntament amb la fam\u00edlia, els alumnes pensin una frase per escriure darrere i despr\u00e9s la decorin o acoloreixin com ells vulguin.<!--more--><\/p>\n<p>Aquestes cases han de retornar-se a l\u2019escola entre dilluns 23 i dimecres 25 per poder llegir-les i compartir amb tots els companys i companyes el que hagueu fet a casa.Un cop les tinguem totes, el dia de la celebraci\u00f3 en llegirem unes quantes de cada grup i despr\u00e9s les penjarem al vest\u00edbul perqu\u00e8 tothom pugui veure els desitjos que hagueu pensat.<\/p>\n<p>Aqu\u00ed teniu els eixos tem\u00e0tics que hem treballat per nivells:<\/p>\n<table style=\"width: 682px;\">\n<tbody>\n<tr>\n<td style=\"width: 48px;\">P-3<\/td>\n<td style=\"width: 205px; text-align: justify;\">Imagina un m\u00f3n\u00a0 ple d\u2019estimades<\/td>\n<td style=\"width: 38px; text-align: justify;\">3r<\/td>\n<td style=\"width: 379px; text-align: justify;\">Imagina un m\u00f3n sense pa\u00efsos, On ning\u00fa \u00e9s enemic de ning\u00fa&#8230;<\/td>\n<\/tr>\n<tr>\n<td style=\"width: 48px;\">P-4<\/td>\n<td style=\"width: 205px; text-align: justify;\">Imagina un m\u00f3n ple d\u2019amics<\/td>\n<td style=\"width: 38px; text-align: justify;\">4t<\/td>\n<td style=\"width: 379px; text-align: justify;\">Imagina a tothom, vivint\u00a0 la vida en pau &#8230;<\/td>\n<\/tr>\n<tr>\n<td style=\"width: 48px;\">P-5<\/td>\n<td style=\"width: 205px; text-align: justify;\">Imagina un m\u00f3n ple de petons<\/td>\n<td style=\"width: 38px; text-align: justify;\">5\u00e8<\/td>\n<td style=\"width: 379px; text-align: justify;\">S\u00f3c un somiador, per\u00f2 espero no ser l\u2019\u00fanic<\/p>\n<p>Algun dia el m\u00f3n ser\u00e0 tot un.<\/td>\n<\/tr>\n<tr>\n<td style=\"width: 48px;\">1r<\/td>\n<td style=\"width: 205px; text-align: justify;\">Imagina un m\u00f3n sense fam<\/td>\n<td style=\"width: 38px; text-align: justify;\">6\u00e8<\/td>\n<td style=\"width: 379px; text-align: justify;\">Imagina que no hi ha possessions, em pregunto si es pot.<\/p>\n<p>Imagina tota la gent compartint tot el m\u00f3n &#8230;<\/td>\n<\/tr>\n<tr>\n<td style=\"width: 48px;\">2n<\/td>\n<td style=\"width: 205px; text-align: justify;\">Imagina un m\u00f3n sense avar\u00edcia<\/td>\n<td style=\"width: 417px; text-align: justify;\" colspan=\"2\"><\/td>\n<\/tr>\n<\/tbody>\n<\/table>\n","protected":false},"excerpt":{"rendered":"<p>VIATGE A UN M\u00d3N MILLOR! El proper dilluns 30 de gener celebrarem a l\u2019escola el Dia de la Pau i la No Viol\u00e8ncia. Aquest any volem omplir el m\u00f3n amb cases i frases que fomentin els valors del respecte, toler\u00e0ncia, amistat&#8230; A l\u2019escola cada nivell ha treballat un tema concret amb les tutores i el [&hellip;]<\/p>\n","protected":false},"author":1,"featured_media":596,"comment_status":"open","ping_status":"open","sticky":false,"template":"","format":"standard","meta":{"_bbp_topic_count":0,"_bbp_reply_count":0,"_bbp_total_topic_count":0,"_bbp_total_reply_count":0,"_bbp_voice_count":0,"_bbp_anonymous_reply_count":0,"_bbp_topic_count_hidden":0,"_bbp_reply_count_hidden":0,"_bbp_forum_subforum_count":0,"site-sidebar-layout":"default","site-content-layout":"","ast-site-content-layout":"","site-content-style":"default","site-sidebar-style":"default","ast-global-header-display":"","ast-banner-title-visibility":"","ast-main-header-display":"","ast-hfb-above-header-display":"","ast-hfb-below-header-display":"","ast-hfb-mobile-header-display":"","site-post-title":"","ast-breadcrumbs-content":"","ast-featured-img":"","footer-sml-layout":"","theme-transparent-header-meta":"","adv-header-id-meta":"","stick-header-meta":"","header-above-stick-meta":"","header-main-stick-meta":"","header-below-stick-meta":"","astra-migrate-meta-layouts":"default","ast-page-background-enabled":"default","ast-page-background-meta":{"desktop":{"background-color":"var(--ast-global-color-4)","background-image":"","background-repeat":"repeat","background-position":"center center","background-size":"auto","background-attachment":"scroll","background-type":"","background-media":"","overlay-type":"","overlay-color":"","overlay-opacity":"","overlay-gradient":""},"tablet":{"background-color":"","background-image":"","background-repeat":"repeat","background-position":"center center","background-size":"auto","background-attachment":"scroll","background-type":"","background-media":"","overlay-type":"","overlay-color":"","overlay-opacity":"","overlay-gradient":""},"mobile":{"background-color":"","background-image":"","background-repeat":"repeat","background-position":"center center","background-size":"auto","background-attachment":"scroll","background-type":"","background-media":"","overlay-type":"","overlay-color":"","overlay-opacity":"","overlay-gradient":""}},"ast-content-background-meta":{"desktop":{"background-color":"var(--ast-global-color-5)","background-image":"","background-repeat":"repeat","background-position":"center center","background-size":"auto","background-attachment":"scroll","background-type":"","background-media":"","overlay-type":"","overlay-color":"","overlay-opacity":"","overlay-gradient":""},"tablet":{"background-color":"var(--ast-global-color-5)","background-image":"","background-repeat":"repeat","background-position":"center center","background-size":"auto","background-attachment":"scroll","background-type":"","background-media":"","overlay-type":"","overlay-color":"","overlay-opacity":"","overlay-gradient":""},"mobile":{"background-color":"var(--ast-global-color-5)","background-image":"","background-repeat":"repeat","background-position":"center center","background-size":"auto","background-attachment":"scroll","background-type":"","background-media":"","overlay-type":"","overlay-color":"","overlay-opacity":"","overlay-gradient":""}},"footnotes":""},"categories":[1,4],"tags":[],"class_list":["post-594","post","type-post","status-publish","format-standard","has-post-thumbnail","hentry","category-general","category-portada"],"post_mailing_queue_ids":[],"_links":{"self":[{"href":"https:\/\/agora.xtec.cat\/escolapratdelariba\/wp-json\/wp\/v2\/posts\/594","targetHints":{"allow":["GET"]}}],"collection":[{"href":"https:\/\/agora.xtec.cat\/escolapratdelariba\/wp-json\/wp\/v2\/posts"}],"about":[{"href":"https:\/\/agora.xtec.cat\/escolapratdelariba\/wp-json\/wp\/v2\/types\/post"}],"author":[{"embeddable":true,"href":"https:\/\/agora.xtec.cat\/escolapratdelariba\/wp-json\/wp\/v2\/users\/1"}],"replies":[{"embeddable":true,"href":"https:\/\/agora.xtec.cat\/escolapratdelariba\/wp-json\/wp\/v2\/comments?post=594"}],"version-history":[{"count":2,"href":"https:\/\/agora.xtec.cat\/escolapratdelariba\/wp-json\/wp\/v2\/posts\/594\/revisions"}],"predecessor-version":[{"id":597,"href":"https:\/\/agora.xtec.cat\/escolapratdelariba\/wp-json\/wp\/v2\/posts\/594\/revisions\/597"}],"wp:featuredmedia":[{"embeddable":true,"href":"https:\/\/agora.xtec.cat\/escolapratdelariba\/wp-json\/wp\/v2\/media\/596"}],"wp:attachment":[{"href":"https:\/\/agora.xtec.cat\/escolapratdelariba\/wp-json\/wp\/v2\/media?parent=594"}],"wp:term":[{"taxonomy":"category","embeddable":true,"href":"https:\/\/agora.xtec.cat\/escolapratdelariba\/wp-json\/wp\/v2\/categories?post=594"},{"taxonomy":"post_tag","embeddable":true,"href":"https:\/\/agora.xtec.cat\/escolapratdelariba\/wp-json\/wp\/v2\/tags?post=594"}],"curies":[{"name":"wp","href":"https:\/\/api.w.org\/{rel}","templated":true}]}}