{"id":546,"date":"2016-11-07T13:26:13","date_gmt":"2016-11-07T12:26:13","guid":{"rendered":"http:\/\/agora.xtec.cat\/escolapratdelariba\/?p=546"},"modified":"2017-02-24T19:03:09","modified_gmt":"2017-02-24T18:03:09","slug":"eleccions-al-consell-escolar","status":"publish","type":"post","link":"https:\/\/agora.xtec.cat\/escolapratdelariba\/general\/eleccions-al-consell-escolar\/","title":{"rendered":"ELECCIONS AL CONSELL ESCOLAR"},"content":{"rendered":"<p><span style=\"color: #800080;\"><strong><u>Proc\u00e9s de renovaci\u00f3 i elecci\u00f3 de nous membres del sector fam\u00edlies<\/u><\/strong><\/span><\/p>\n<p><span style=\"text-decoration: underline;\"><strong>Resultats eleccions<\/strong><\/span><\/p>\n<p>Nous membres del Consell Escolar<\/p>\n<ul style=\"list-style-type: disc;\">\n<li>Daisy Rubio<\/li>\n<li>Mireia del Val<\/li>\n<li>Noelia Lanz\u00f3n<\/li>\n<li>Amaya Amador<\/li>\n<\/ul>\n<p>Membres que queden en reserva:<\/p>\n<ul style=\"list-style-type: disc;\">\n<li>Eva L\u00f3pez<\/li>\n<li>Isaac Nadal<\/li>\n<li>Sergio Vicente<\/li>\n<li>Jonathan L\u00f3pez<\/li>\n<\/ul>\n<p><!--more--><\/p>\n<p><strong><span style=\"text-decoration: underline;\">INFORMACI\u00d3 PR\u00c8VIA A LES ELECCIONS<\/span><\/strong><\/p>\n<p><span style=\"color: #339966;\"><strong><u>Membres sortints:<\/u><\/strong><\/span><\/p>\n<ul>\n<li>Amaya Amador (mare Leire Ramos, 4t)<\/li>\n<li>Alberto Barber\u00e1n (pare Albert Barber\u00e1n, ex alumne de 6\u00e8)<\/li>\n<li>Luisa Risco (mare Edurne Artola 4t)<\/li>\n<li>Tamara Mart\u00edn (mare Erik El Andaloussi, 3r)<\/li>\n<li>Raquel Fern\u00e1ndez (representant AMPA) Aquesta pla\u00e7a no surt a les eleccions, l\u2019AMPA designa una persona de la junta per ocupar el lloc.<\/li>\n<\/ul>\n<p><span style=\"color: #339966;\"><strong><u>Presentaci\u00f3 de candidatures<\/u><\/strong><\/span><\/p>\n<ul>\n<li>Tots els pares\/mares i tutors legals d\u2019alumnes matriculats al centre poden presentar una candidatura.<\/li>\n<li><strong>Termini<\/strong>: 8 al 18 de novembre de 2016.<\/li>\n<li>Per tal de presentar la candidatura cal adre\u00e7ar-se a la presidenta del Consell Escolar i directora del centre, Cristina L\u00f3pez Alier. <a href=\"http:\/\/educacio.gencat.cat\/documents\/FormularisModels\/EleccionsConsellEscolar\/Y248_005.pdf\" target=\"_blank\">Aqu\u00ed <\/a>teniu el document que cal omplir, tamb\u00e9 el podeu demanar a consergeria.<\/li>\n<\/ul>\n<p><!--more--><\/p>\n<p><span style=\"color: #339966;\"><strong><u>Eleccions<\/u><\/strong><\/span><\/p>\n<ul>\n<li><strong>Data<\/strong>: dimecres 30 de novembre de 2016<\/li>\n<li><strong>Horari<\/strong>: 8:30-9:30h i 16:00-17:00h<\/li>\n<li><strong>Lloc<\/strong>: Vest\u00edbul escola.<\/li>\n<li><strong>Procediment<\/strong>:<\/li>\n<\/ul>\n<p>1- Tots els pares\/mares o tutors legals dels alumnes matriculats podran votar 3 membres entre totes les candidatures. El vot no es pot delegar a un altre persona.<\/p>\n<p>2- Seran escollides les <strong>4 persones<\/strong> amb m\u00e9s vots.<\/p>\n<p>3- Els membres que quedin en quarta i successives posicions, quedaran en reserva i accedirien al Consell Escolar en el cas que en els propers 2 anys es produ\u00eds alguna vacant.<\/p>\n<p>Us animem a tots i a totes a participar en aquest proc\u00e9s de renovaci\u00f3 del Consell Escolar del nostre centre, ja sigui presentant-vos com a candidats\/es o venint a votar el dia de les eleccions. <a href=\"http:\/\/familiaiescola.gencat.cat\/ca\/recomanacions\/recomanacions\/eleccions_als_consells_escolars\/\" target=\"_blank\">Aqu\u00ed podeu veure m\u00e9s informaci\u00f3 sobre el proc\u00e9s.<\/a><\/p>\n","protected":false},"excerpt":{"rendered":"<p>Proc\u00e9s de renovaci\u00f3 i elecci\u00f3 de nous membres del sector fam\u00edlies Resultats eleccions Nous membres del Consell Escolar Daisy Rubio Mireia del Val Noelia Lanz\u00f3n Amaya Amador Membres que queden en reserva: Eva L\u00f3pez Isaac Nadal Sergio Vicente Jonathan L\u00f3pez<\/p>\n","protected":false},"author":1,"featured_media":0,"comment_status":"open","ping_status":"open","sticky":false,"template":"","format":"standard","meta":{"_bbp_topic_count":0,"_bbp_reply_count":0,"_bbp_total_topic_count":0,"_bbp_total_reply_count":0,"_bbp_voice_count":0,"_bbp_anonymous_reply_count":0,"_bbp_topic_count_hidden":0,"_bbp_reply_count_hidden":0,"_bbp_forum_subforum_count":0,"site-sidebar-layout":"default","site-content-layout":"","ast-site-content-layout":"","site-content-style":"default","site-sidebar-style":"default","ast-global-header-display":"","ast-banner-title-visibility":"","ast-main-header-display":"","ast-hfb-above-header-display":"","ast-hfb-below-header-display":"","ast-hfb-mobile-header-display":"","site-post-title":"","ast-breadcrumbs-content":"","ast-featured-img":"","footer-sml-layout":"","theme-transparent-header-meta":"","adv-header-id-meta":"","stick-header-meta":"","header-above-stick-meta":"","header-main-stick-meta":"","header-below-stick-meta":"","astra-migrate-meta-layouts":"default","ast-page-background-enabled":"default","ast-page-background-meta":{"desktop":{"background-color":"var(--ast-global-color-4)","background-image":"","background-repeat":"repeat","background-position":"center center","background-size":"auto","background-attachment":"scroll","background-type":"","background-media":"","overlay-type":"","overlay-color":"","overlay-opacity":"","overlay-gradient":""},"tablet":{"background-color":"","background-image":"","background-repeat":"repeat","background-position":"center center","background-size":"auto","background-attachment":"scroll","background-type":"","background-media":"","overlay-type":"","overlay-color":"","overlay-opacity":"","overlay-gradient":""},"mobile":{"background-color":"","background-image":"","background-repeat":"repeat","background-position":"center center","background-size":"auto","background-attachment":"scroll","background-type":"","background-media":"","overlay-type":"","overlay-color":"","overlay-opacity":"","overlay-gradient":""}},"ast-content-background-meta":{"desktop":{"background-color":"var(--ast-global-color-5)","background-image":"","background-repeat":"repeat","background-position":"center center","background-size":"auto","background-attachment":"scroll","background-type":"","background-media":"","overlay-type":"","overlay-color":"","overlay-opacity":"","overlay-gradient":""},"tablet":{"background-color":"var(--ast-global-color-5)","background-image":"","background-repeat":"repeat","background-position":"center center","background-size":"auto","background-attachment":"scroll","background-type":"","background-media":"","overlay-type":"","overlay-color":"","overlay-opacity":"","overlay-gradient":""},"mobile":{"background-color":"var(--ast-global-color-5)","background-image":"","background-repeat":"repeat","background-position":"center center","background-size":"auto","background-attachment":"scroll","background-type":"","background-media":"","overlay-type":"","overlay-color":"","overlay-opacity":"","overlay-gradient":""}},"footnotes":""},"categories":[1,4],"tags":[],"class_list":["post-546","post","type-post","status-publish","format-standard","hentry","category-general","category-portada"],"post_mailing_queue_ids":[],"_links":{"self":[{"href":"https:\/\/agora.xtec.cat\/escolapratdelariba\/wp-json\/wp\/v2\/posts\/546","targetHints":{"allow":["GET"]}}],"collection":[{"href":"https:\/\/agora.xtec.cat\/escolapratdelariba\/wp-json\/wp\/v2\/posts"}],"about":[{"href":"https:\/\/agora.xtec.cat\/escolapratdelariba\/wp-json\/wp\/v2\/types\/post"}],"author":[{"embeddable":true,"href":"https:\/\/agora.xtec.cat\/escolapratdelariba\/wp-json\/wp\/v2\/users\/1"}],"replies":[{"embeddable":true,"href":"https:\/\/agora.xtec.cat\/escolapratdelariba\/wp-json\/wp\/v2\/comments?post=546"}],"version-history":[{"count":3,"href":"https:\/\/agora.xtec.cat\/escolapratdelariba\/wp-json\/wp\/v2\/posts\/546\/revisions"}],"predecessor-version":[{"id":655,"href":"https:\/\/agora.xtec.cat\/escolapratdelariba\/wp-json\/wp\/v2\/posts\/546\/revisions\/655"}],"wp:attachment":[{"href":"https:\/\/agora.xtec.cat\/escolapratdelariba\/wp-json\/wp\/v2\/media?parent=546"}],"wp:term":[{"taxonomy":"category","embeddable":true,"href":"https:\/\/agora.xtec.cat\/escolapratdelariba\/wp-json\/wp\/v2\/categories?post=546"},{"taxonomy":"post_tag","embeddable":true,"href":"https:\/\/agora.xtec.cat\/escolapratdelariba\/wp-json\/wp\/v2\/tags?post=546"}],"curies":[{"name":"wp","href":"https:\/\/api.w.org\/{rel}","templated":true}]}}