{"id":500,"date":"2016-09-29T12:26:05","date_gmt":"2016-09-29T11:26:05","guid":{"rendered":"http:\/\/agora.xtec.cat\/escolapratdelariba\/?p=500"},"modified":"2016-09-29T12:26:05","modified_gmt":"2016-09-29T11:26:05","slug":"novetats-de-lescola","status":"publish","type":"post","link":"https:\/\/agora.xtec.cat\/escolapratdelariba\/general\/novetats-de-lescola\/","title":{"rendered":"NOVETATS DE L&#8217;ESCOLA"},"content":{"rendered":"<p>Cada curs \u00e9s una nova oportunitat de cr\u00e9ixer, de millorar i de reafirmar les activitats que ja f\u00e8iem. En aquest article us volem explicar algunes de les novetats d&#8217;aquest any.<\/p>\n<p>Tot el claustre s&#8217;est\u00e0 formant per iniciar un nou projecte anomenat <strong>Tutoria Entre Iguals<\/strong> (<a href=\"http:\/\/programatei.com\/programa-tei\/\" target=\"_blank\">TEI<\/a>). Els alumnes que hi participaran directament seran els de 3r i 5\u00e8, els grans seran els tutors dels petits i els ajudaran a gestionar conflictes per tal de prevenir problemes m\u00e9s grans, ser\u00e0 una manera m\u00e9s de fomentar la relaci\u00f3 entre els alumnes del centre.<\/p>\n<p>D&#8217;altra banda els alumnes de 4t i 6\u00e8 tindran una visita setmanal de dues alumnes de 3r d&#8217;ESO de l&#8217;Escola Americana d&#8217;Esplugues. Aquest projecte s&#8217;anomena <strong>Sharing to Learn<\/strong>, hi participen molts centres del municipi i nosaltres ens hem afegit aquest any. L&#8217;objectiu \u00e9s millorar l&#8217;expressi\u00f3 i comprensi\u00f3 oral dels nostres alumnes. Les noies Americanes vindran els dimecres a la tarda i faran activitats diverses proposades per les especialistes d&#8217;Angl\u00e8s de l&#8217;escola. Ahir dimecres van venir per primer cop, si voleu veure algunes imatges podeu anar al bloc del <a href=\"http:\/\/blocs.xtec.cat\/ceipratdelaribaciclemig\/\" target=\"_blank\">Cicle Mig<\/a> o <a href=\"http:\/\/blocs.xtec.cat\/ceipratdelaribaciclesuperior\/\" target=\"_blank\">Cicle Superior.<\/a><\/p>\n<p>Al menjador tamb\u00e9 tenim novetats, anem introduint productes ecol\u00f2gics i hem creat una Comissi\u00f3 de Fam\u00edlies que col\u00b7labora en l&#8217;elaboraci\u00f3 dels men\u00fas dels vostres fills i filles.<\/p>\n<p>Per \u00faltim, hem adquirit tot un lot nou de port\u00e0tils i tablets per tal de fomentar l&#8217;\u00fas de les noves tecnologies amb els alumnes.<\/p>\n","protected":false},"excerpt":{"rendered":"<p>Cada curs \u00e9s una nova oportunitat de cr\u00e9ixer, de millorar i de reafirmar les activitats que ja f\u00e8iem. En aquest article us volem explicar algunes de les novetats d&#8217;aquest any. Tot el claustre s&#8217;est\u00e0 formant per iniciar un nou projecte anomenat Tutoria Entre Iguals (TEI). Els alumnes que hi participaran directament seran els de 3r [&hellip;]<\/p>\n","protected":false},"author":1,"featured_media":0,"comment_status":"open","ping_status":"open","sticky":false,"template":"","format":"standard","meta":{"_bbp_topic_count":0,"_bbp_reply_count":0,"_bbp_total_topic_count":0,"_bbp_total_reply_count":0,"_bbp_voice_count":0,"_bbp_anonymous_reply_count":0,"_bbp_topic_count_hidden":0,"_bbp_reply_count_hidden":0,"_bbp_forum_subforum_count":0,"site-sidebar-layout":"default","site-content-layout":"","ast-site-content-layout":"","site-content-style":"default","site-sidebar-style":"default","ast-global-header-display":"","ast-banner-title-visibility":"","ast-main-header-display":"","ast-hfb-above-header-display":"","ast-hfb-below-header-display":"","ast-hfb-mobile-header-display":"","site-post-title":"","ast-breadcrumbs-content":"","ast-featured-img":"","footer-sml-layout":"","theme-transparent-header-meta":"","adv-header-id-meta":"","stick-header-meta":"","header-above-stick-meta":"","header-main-stick-meta":"","header-below-stick-meta":"","astra-migrate-meta-layouts":"default","ast-page-background-enabled":"default","ast-page-background-meta":{"desktop":{"background-color":"var(--ast-global-color-4)","background-image":"","background-repeat":"repeat","background-position":"center center","background-size":"auto","background-attachment":"scroll","background-type":"","background-media":"","overlay-type":"","overlay-color":"","overlay-opacity":"","overlay-gradient":""},"tablet":{"background-color":"","background-image":"","background-repeat":"repeat","background-position":"center center","background-size":"auto","background-attachment":"scroll","background-type":"","background-media":"","overlay-type":"","overlay-color":"","overlay-opacity":"","overlay-gradient":""},"mobile":{"background-color":"","background-image":"","background-repeat":"repeat","background-position":"center center","background-size":"auto","background-attachment":"scroll","background-type":"","background-media":"","overlay-type":"","overlay-color":"","overlay-opacity":"","overlay-gradient":""}},"ast-content-background-meta":{"desktop":{"background-color":"var(--ast-global-color-5)","background-image":"","background-repeat":"repeat","background-position":"center center","background-size":"auto","background-attachment":"scroll","background-type":"","background-media":"","overlay-type":"","overlay-color":"","overlay-opacity":"","overlay-gradient":""},"tablet":{"background-color":"var(--ast-global-color-5)","background-image":"","background-repeat":"repeat","background-position":"center center","background-size":"auto","background-attachment":"scroll","background-type":"","background-media":"","overlay-type":"","overlay-color":"","overlay-opacity":"","overlay-gradient":""},"mobile":{"background-color":"var(--ast-global-color-5)","background-image":"","background-repeat":"repeat","background-position":"center center","background-size":"auto","background-attachment":"scroll","background-type":"","background-media":"","overlay-type":"","overlay-color":"","overlay-opacity":"","overlay-gradient":""}},"footnotes":""},"categories":[1,4],"tags":[],"class_list":["post-500","post","type-post","status-publish","format-standard","hentry","category-general","category-portada"],"post_mailing_queue_ids":[],"_links":{"self":[{"href":"https:\/\/agora.xtec.cat\/escolapratdelariba\/wp-json\/wp\/v2\/posts\/500","targetHints":{"allow":["GET"]}}],"collection":[{"href":"https:\/\/agora.xtec.cat\/escolapratdelariba\/wp-json\/wp\/v2\/posts"}],"about":[{"href":"https:\/\/agora.xtec.cat\/escolapratdelariba\/wp-json\/wp\/v2\/types\/post"}],"author":[{"embeddable":true,"href":"https:\/\/agora.xtec.cat\/escolapratdelariba\/wp-json\/wp\/v2\/users\/1"}],"replies":[{"embeddable":true,"href":"https:\/\/agora.xtec.cat\/escolapratdelariba\/wp-json\/wp\/v2\/comments?post=500"}],"version-history":[{"count":2,"href":"https:\/\/agora.xtec.cat\/escolapratdelariba\/wp-json\/wp\/v2\/posts\/500\/revisions"}],"predecessor-version":[{"id":507,"href":"https:\/\/agora.xtec.cat\/escolapratdelariba\/wp-json\/wp\/v2\/posts\/500\/revisions\/507"}],"wp:attachment":[{"href":"https:\/\/agora.xtec.cat\/escolapratdelariba\/wp-json\/wp\/v2\/media?parent=500"}],"wp:term":[{"taxonomy":"category","embeddable":true,"href":"https:\/\/agora.xtec.cat\/escolapratdelariba\/wp-json\/wp\/v2\/categories?post=500"},{"taxonomy":"post_tag","embeddable":true,"href":"https:\/\/agora.xtec.cat\/escolapratdelariba\/wp-json\/wp\/v2\/tags?post=500"}],"curies":[{"name":"wp","href":"https:\/\/api.w.org\/{rel}","templated":true}]}}