{"id":364,"date":"2016-01-25T12:27:48","date_gmt":"2016-01-25T11:27:48","guid":{"rendered":"http:\/\/agora.xtec.cat\/escolapratdelariba\/?p=364"},"modified":"2016-01-25T12:29:15","modified_gmt":"2016-01-25T11:29:15","slug":"dia-de-la-pau-i-la-no-violencia","status":"publish","type":"post","link":"https:\/\/agora.xtec.cat\/escolapratdelariba\/general\/dia-de-la-pau-i-la-no-violencia\/","title":{"rendered":"DIA DE LA PAU I LA NO VIOL\u00c8NCIA"},"content":{"rendered":"<p>El proper divendres 29 de gener celebrarem el dia de la Pau i la No Viol\u00e8ncia a l\u2019escola.<\/p>\n<p>Com que aquest curs el tema de l\u2019any \u00e9s la meteorologia, hem fet una proposta anomenada<u>\u201cN\u00favols per la Pau\u201d<\/u><\/p>\n<p><u>A les tutories<\/u> tots els nens i nenes <u>han treballat el sentit i significat de 3 paraules relacionades amb la toler\u00e0ncia i el respecte<\/u> i ara us demanem que <u>des de casa els ajudeu a pensar un missatge per promoure els valors treballats<\/u>. En aquest missatge han de sortir 1, 2 o les 3 paraules que els infants han apr\u00e8s a classe.<\/p>\n<p>El missatge l\u2019heu d\u2019escriure al n\u00favol que us fem arribar, i despr\u00e9s decorar la resta com m\u00e9s us agradi.<\/p>\n<p>Per tal de poder llegir i treballar les frases fetes a casa, \u00e9s important que <u>els infants retornin el seu n\u00favol DILLUNS 25 DE GENER<\/u>.<\/p>\n<p>Esperem que gaudiu d\u2019aquest projecte conjunt entre l\u2019escola i les fam\u00edlies amb l\u2019objectiu de fomentar el respecte entre les persones i la pau al m\u00f3n.<\/p>\n<p style=\"text-align: center;\"><strong>PARAULES TREBALLADES A CADA NIVELL<\/strong><\/p>\n<table class=\" aligncenter\" width=\"690\">\n<tbody>\n<tr>\n<td style=\"text-align: center;\" width=\"138\">\n<h4><strong>P3<\/strong><\/h4>\n<\/td>\n<td style=\"text-align: center;\" width=\"138\">\n<h4><strong>P4<\/strong><\/h4>\n<\/td>\n<td style=\"text-align: center;\" width=\"138\">\n<h4><strong>P5<\/strong><\/h4>\n<\/td>\n<td style=\"text-align: center;\" width=\"138\">\n<h4><strong>1r<\/strong><\/h4>\n<\/td>\n<td style=\"text-align: center;\" width=\"138\">\n<h4><strong>2n<\/strong><\/h4>\n<\/td>\n<\/tr>\n<tr>\n<td style=\"text-align: center;\" width=\"138\">\n<h4>Compartir<\/h4>\n<h4>Estimar<\/h4>\n<h4>Pet\u00f3<\/h4>\n<\/td>\n<td style=\"text-align: center;\" width=\"138\">\n<h4>Amistat<\/h4>\n<h4>Ajudar<\/h4>\n<h4>Respecte<\/h4>\n<\/td>\n<td style=\"text-align: center;\" width=\"138\">\n<h4>Ajudar<\/h4>\n<h4>Abra\u00e7ar<\/h4>\n<h4>Somriure<\/h4>\n<\/td>\n<td style=\"text-align: center;\" width=\"138\">\n<h4>Cor<\/h4>\n<h4>Perdonar<\/h4>\n<h4>Estimar<\/h4>\n<\/td>\n<td style=\"text-align: center;\" width=\"138\">\n<h4>Comprensi\u00f3<\/h4>\n<h4>Generositat<\/h4>\n<h4>Di\u00e0leg<\/h4>\n<\/td>\n<\/tr>\n<\/tbody>\n<\/table>\n<table class=\" aligncenter\" style=\"height: 198px;\" width=\"514\">\n<tbody>\n<tr>\n<td style=\"text-align: center;\" width=\"77\">\n<h4><strong>3r<\/strong><\/h4>\n<\/td>\n<td style=\"text-align: center;\" width=\"77\">\n<h4><strong>4t<\/strong><\/h4>\n<\/td>\n<td style=\"text-align: center;\" width=\"77\">\n<h4><strong>5\u00e8<\/strong><\/h4>\n<\/td>\n<td style=\"text-align: center;\" width=\"77\">\n<h4><strong>6\u00e8<\/strong><\/h4>\n<\/td>\n<\/tr>\n<tr>\n<td style=\"text-align: center;\" width=\"77\">\n<h4>Respecte<\/h4>\n<h4>Solidaritat<\/h4>\n<h4>Paci\u00e8ncia<\/h4>\n<\/td>\n<td style=\"text-align: center;\" width=\"77\">\n<h4>Empatia<\/h4>\n<h4>Llibertat<\/h4>\n<h4>Cooperaci\u00f3<\/h4>\n<\/td>\n<td style=\"text-align: center;\" width=\"77\">\n<h4>Perd\u00f3<\/h4>\n<h4>Consci\u00e8ncia<\/h4>\n<h4>Empatia<\/h4>\n<\/td>\n<td style=\"text-align: center;\" width=\"77\">\n<h4>Esperan\u00e7a<\/h4>\n<h4>Toler\u00e0ncia<\/h4>\n<h4>Solidaritat<\/h4>\n<\/td>\n<\/tr>\n<\/tbody>\n<\/table>\n<p style=\"text-align: center;\">\n","protected":false},"excerpt":{"rendered":"<p>El proper divendres 29 de gener celebrarem el dia de la Pau i la No Viol\u00e8ncia a l\u2019escola. Com que aquest curs el tema de l\u2019any \u00e9s la meteorologia, hem fet una proposta anomenada\u201cN\u00favols per la Pau\u201d A les tutories tots els nens i nenes han treballat el sentit i significat de 3 paraules relacionades [&hellip;]<\/p>\n","protected":false},"author":1,"featured_media":0,"comment_status":"open","ping_status":"open","sticky":false,"template":"","format":"standard","meta":{"_bbp_topic_count":0,"_bbp_reply_count":0,"_bbp_total_topic_count":0,"_bbp_total_reply_count":0,"_bbp_voice_count":0,"_bbp_anonymous_reply_count":0,"_bbp_topic_count_hidden":0,"_bbp_reply_count_hidden":0,"_bbp_forum_subforum_count":0,"site-sidebar-layout":"default","site-content-layout":"","ast-site-content-layout":"","site-content-style":"default","site-sidebar-style":"default","ast-global-header-display":"","ast-banner-title-visibility":"","ast-main-header-display":"","ast-hfb-above-header-display":"","ast-hfb-below-header-display":"","ast-hfb-mobile-header-display":"","site-post-title":"","ast-breadcrumbs-content":"","ast-featured-img":"","footer-sml-layout":"","theme-transparent-header-meta":"","adv-header-id-meta":"","stick-header-meta":"","header-above-stick-meta":"","header-main-stick-meta":"","header-below-stick-meta":"","astra-migrate-meta-layouts":"default","ast-page-background-enabled":"default","ast-page-background-meta":{"desktop":{"background-color":"var(--ast-global-color-4)","background-image":"","background-repeat":"repeat","background-position":"center center","background-size":"auto","background-attachment":"scroll","background-type":"","background-media":"","overlay-type":"","overlay-color":"","overlay-opacity":"","overlay-gradient":""},"tablet":{"background-color":"","background-image":"","background-repeat":"repeat","background-position":"center center","background-size":"auto","background-attachment":"scroll","background-type":"","background-media":"","overlay-type":"","overlay-color":"","overlay-opacity":"","overlay-gradient":""},"mobile":{"background-color":"","background-image":"","background-repeat":"repeat","background-position":"center center","background-size":"auto","background-attachment":"scroll","background-type":"","background-media":"","overlay-type":"","overlay-color":"","overlay-opacity":"","overlay-gradient":""}},"ast-content-background-meta":{"desktop":{"background-color":"var(--ast-global-color-5)","background-image":"","background-repeat":"repeat","background-position":"center center","background-size":"auto","background-attachment":"scroll","background-type":"","background-media":"","overlay-type":"","overlay-color":"","overlay-opacity":"","overlay-gradient":""},"tablet":{"background-color":"var(--ast-global-color-5)","background-image":"","background-repeat":"repeat","background-position":"center center","background-size":"auto","background-attachment":"scroll","background-type":"","background-media":"","overlay-type":"","overlay-color":"","overlay-opacity":"","overlay-gradient":""},"mobile":{"background-color":"var(--ast-global-color-5)","background-image":"","background-repeat":"repeat","background-position":"center center","background-size":"auto","background-attachment":"scroll","background-type":"","background-media":"","overlay-type":"","overlay-color":"","overlay-opacity":"","overlay-gradient":""}},"footnotes":""},"categories":[1,4],"tags":[],"class_list":["post-364","post","type-post","status-publish","format-standard","hentry","category-general","category-portada"],"post_mailing_queue_ids":[],"_links":{"self":[{"href":"https:\/\/agora.xtec.cat\/escolapratdelariba\/wp-json\/wp\/v2\/posts\/364","targetHints":{"allow":["GET"]}}],"collection":[{"href":"https:\/\/agora.xtec.cat\/escolapratdelariba\/wp-json\/wp\/v2\/posts"}],"about":[{"href":"https:\/\/agora.xtec.cat\/escolapratdelariba\/wp-json\/wp\/v2\/types\/post"}],"author":[{"embeddable":true,"href":"https:\/\/agora.xtec.cat\/escolapratdelariba\/wp-json\/wp\/v2\/users\/1"}],"replies":[{"embeddable":true,"href":"https:\/\/agora.xtec.cat\/escolapratdelariba\/wp-json\/wp\/v2\/comments?post=364"}],"version-history":[{"count":3,"href":"https:\/\/agora.xtec.cat\/escolapratdelariba\/wp-json\/wp\/v2\/posts\/364\/revisions"}],"predecessor-version":[{"id":369,"href":"https:\/\/agora.xtec.cat\/escolapratdelariba\/wp-json\/wp\/v2\/posts\/364\/revisions\/369"}],"wp:attachment":[{"href":"https:\/\/agora.xtec.cat\/escolapratdelariba\/wp-json\/wp\/v2\/media?parent=364"}],"wp:term":[{"taxonomy":"category","embeddable":true,"href":"https:\/\/agora.xtec.cat\/escolapratdelariba\/wp-json\/wp\/v2\/categories?post=364"},{"taxonomy":"post_tag","embeddable":true,"href":"https:\/\/agora.xtec.cat\/escolapratdelariba\/wp-json\/wp\/v2\/tags?post=364"}],"curies":[{"name":"wp","href":"https:\/\/api.w.org\/{rel}","templated":true}]}}