{"id":298,"date":"2015-11-17T10:17:20","date_gmt":"2015-11-17T09:17:20","guid":{"rendered":"http:\/\/agora.xtec.cat\/escolapratdelariba\/?p=298"},"modified":"2015-11-18T14:06:56","modified_gmt":"2015-11-18T13:06:56","slug":"preparem-dolcos-per-la-castanyada","status":"publish","type":"post","link":"https:\/\/agora.xtec.cat\/escolapratdelariba\/general\/preparem-dolcos-per-la-castanyada\/","title":{"rendered":"PREPAREM DOL\u00c7OS PER LA CASTANYADA"},"content":{"rendered":"<p>Durant aquesta setmana els nois i noies de l&#8217;escola estan fent diverses activitats en relaci\u00f3 amb la tardor i la Castanyada. Balls, dites, tradicions&#8230;<\/p>\n<p>Una de les coses que m\u00e9s els agrada \u00e9s fer de cuiners i cuineres i ahir dimecres tots els grups van fer tallers de cuina de tardor. Els m\u00e9s petits van preparar panellets, 3r i 4t unes boniques galetes i 5\u00e8 i 6\u00e8 van decorar pans de pessic.<\/p>\n<p>Avui dijous i dem\u00e0 divendres al mat\u00ed totes les fam\u00edlies podeu venir al teatret a veure l&#8217;exposici\u00f3 m\u00e9s dol\u00e7a de tot el curs, on exposem tot el que han preparat a m\u00e9s a m\u00e9s de les manualitats que han fet al menjador.<\/p>\n<p>No us ho perdeu, donat que divendres els petits es menjaran tot per esmorzar mentre celebrem plegats la Castanyada!<\/p>\n<p><iframe loading=\"lazy\" src=\"\/\/player.vimeo.com\/video\/143868697?title=0&amp;amp;byline=0\" width=\"500\" height=\"281\" frameborder=\"0\" allowfullscreen=\"allowfullscreen\"><\/iframe><\/p>\n<p><a href=\"https:\/\/vimeo.com\/143868697\">Tallers cuina castanyada 2015<\/a> from <a href=\"https:\/\/vimeo.com\/user17974268\">Escola Prat de la Riba<\/a> on <a href=\"https:\/\/vimeo.com\">Vimeo<\/a>.<\/p>\n","protected":false},"excerpt":{"rendered":"<p>Durant aquesta setmana els nois i noies de l&#8217;escola estan fent diverses activitats en relaci\u00f3 amb la tardor i la Castanyada. Balls, dites, tradicions&#8230; Una de les coses que m\u00e9s els agrada \u00e9s fer de cuiners i cuineres i ahir dimecres tots els grups van fer tallers de cuina de tardor. Els m\u00e9s petits van [&hellip;]<\/p>\n","protected":false},"author":3,"featured_media":0,"comment_status":"open","ping_status":"open","sticky":false,"template":"","format":"standard","meta":{"_bbp_topic_count":0,"_bbp_reply_count":0,"_bbp_total_topic_count":0,"_bbp_total_reply_count":0,"_bbp_voice_count":0,"_bbp_anonymous_reply_count":0,"_bbp_topic_count_hidden":0,"_bbp_reply_count_hidden":0,"_bbp_forum_subforum_count":0,"site-sidebar-layout":"default","site-content-layout":"","ast-site-content-layout":"","site-content-style":"default","site-sidebar-style":"default","ast-global-header-display":"","ast-banner-title-visibility":"","ast-main-header-display":"","ast-hfb-above-header-display":"","ast-hfb-below-header-display":"","ast-hfb-mobile-header-display":"","site-post-title":"","ast-breadcrumbs-content":"","ast-featured-img":"","footer-sml-layout":"","theme-transparent-header-meta":"","adv-header-id-meta":"","stick-header-meta":"","header-above-stick-meta":"","header-main-stick-meta":"","header-below-stick-meta":"","astra-migrate-meta-layouts":"default","ast-page-background-enabled":"default","ast-page-background-meta":{"desktop":{"background-color":"var(--ast-global-color-4)","background-image":"","background-repeat":"repeat","background-position":"center center","background-size":"auto","background-attachment":"scroll","background-type":"","background-media":"","overlay-type":"","overlay-color":"","overlay-opacity":"","overlay-gradient":""},"tablet":{"background-color":"","background-image":"","background-repeat":"repeat","background-position":"center center","background-size":"auto","background-attachment":"scroll","background-type":"","background-media":"","overlay-type":"","overlay-color":"","overlay-opacity":"","overlay-gradient":""},"mobile":{"background-color":"","background-image":"","background-repeat":"repeat","background-position":"center center","background-size":"auto","background-attachment":"scroll","background-type":"","background-media":"","overlay-type":"","overlay-color":"","overlay-opacity":"","overlay-gradient":""}},"ast-content-background-meta":{"desktop":{"background-color":"var(--ast-global-color-5)","background-image":"","background-repeat":"repeat","background-position":"center center","background-size":"auto","background-attachment":"scroll","background-type":"","background-media":"","overlay-type":"","overlay-color":"","overlay-opacity":"","overlay-gradient":""},"tablet":{"background-color":"var(--ast-global-color-5)","background-image":"","background-repeat":"repeat","background-position":"center center","background-size":"auto","background-attachment":"scroll","background-type":"","background-media":"","overlay-type":"","overlay-color":"","overlay-opacity":"","overlay-gradient":""},"mobile":{"background-color":"var(--ast-global-color-5)","background-image":"","background-repeat":"repeat","background-position":"center center","background-size":"auto","background-attachment":"scroll","background-type":"","background-media":"","overlay-type":"","overlay-color":"","overlay-opacity":"","overlay-gradient":""}},"footnotes":""},"categories":[1,4],"tags":[],"class_list":["post-298","post","type-post","status-publish","format-standard","hentry","category-general","category-portada"],"post_mailing_queue_ids":[],"_links":{"self":[{"href":"https:\/\/agora.xtec.cat\/escolapratdelariba\/wp-json\/wp\/v2\/posts\/298","targetHints":{"allow":["GET"]}}],"collection":[{"href":"https:\/\/agora.xtec.cat\/escolapratdelariba\/wp-json\/wp\/v2\/posts"}],"about":[{"href":"https:\/\/agora.xtec.cat\/escolapratdelariba\/wp-json\/wp\/v2\/types\/post"}],"author":[{"embeddable":true,"href":"https:\/\/agora.xtec.cat\/escolapratdelariba\/wp-json\/wp\/v2\/users\/3"}],"replies":[{"embeddable":true,"href":"https:\/\/agora.xtec.cat\/escolapratdelariba\/wp-json\/wp\/v2\/comments?post=298"}],"version-history":[{"count":3,"href":"https:\/\/agora.xtec.cat\/escolapratdelariba\/wp-json\/wp\/v2\/posts\/298\/revisions"}],"predecessor-version":[{"id":309,"href":"https:\/\/agora.xtec.cat\/escolapratdelariba\/wp-json\/wp\/v2\/posts\/298\/revisions\/309"}],"wp:attachment":[{"href":"https:\/\/agora.xtec.cat\/escolapratdelariba\/wp-json\/wp\/v2\/media?parent=298"}],"wp:term":[{"taxonomy":"category","embeddable":true,"href":"https:\/\/agora.xtec.cat\/escolapratdelariba\/wp-json\/wp\/v2\/categories?post=298"},{"taxonomy":"post_tag","embeddable":true,"href":"https:\/\/agora.xtec.cat\/escolapratdelariba\/wp-json\/wp\/v2\/tags?post=298"}],"curies":[{"name":"wp","href":"https:\/\/api.w.org\/{rel}","templated":true}]}}