{"id":290,"date":"2015-11-17T09:33:03","date_gmt":"2015-11-17T08:33:03","guid":{"rendered":"http:\/\/agora.xtec.cat\/escolapratdelariba\/?p=290"},"modified":"2015-11-17T09:33:03","modified_gmt":"2015-11-17T08:33:03","slug":"benvinguts-al-curs-2015-16","status":"publish","type":"post","link":"https:\/\/agora.xtec.cat\/escolapratdelariba\/general\/benvinguts-al-curs-2015-16\/","title":{"rendered":"BENVINGUTS AL CURS 2015-16"},"content":{"rendered":"<p>Ja fa unes setmanes que vam comen\u00e7ar aquest nou curs, amb moltes ganes i energia despr\u00e9s d&#8217;haver passat unes bones vacances.<\/p>\n<p>Vam comen\u00e7ar l&#8217;escola el dia 15 amb infants nous a P3 que s&#8217;estan adaptant al seu nou espai, tamb\u00e9 han arribat algunes nenes a altres cursos de Prim\u00e0ria i a m\u00e9s a m\u00e9s tenim 3 mestres noves, la Gl\u00f2ria, la Bea i l&#8217;Esther.<\/p>\n<p>Aquest any treballarem el m\u00f3n de la Metereologia com a eix <a href=\"http:\/\/blocs.xtec.cat\/ceipratdelariba\/files\/2015\/09\/meteo.prat2_1.jpg\"><img loading=\"lazy\" decoding=\"async\" class=\"alignright wp-image-1242\" src=\"http:\/\/blocs.xtec.cat\/ceipratdelariba\/files\/2015\/09\/meteo.prat2_1-300x200.jpg\" alt=\"meteo.prat2\" width=\"122\" height=\"81\" \/><\/a>transversal i el nom del tema ser\u00e0 concretament METEO.PR@T. Durant les properes setmanes els infants iniciaran el projecte triant el seu nom de la classe.<\/p>\n<p>Per acabar aquest primer article del curs ens agradaria fer una especial menci\u00f3 a la nostra estimada alumna Alba Fages, que malauradament i, despr\u00e9s d&#8217;una vida plena de lluita constant per gaudir al m\u00e0xim, va morir aquest estiu acompanyada de la seva fam\u00edlia i els seus grans amics. Des de l&#8217;escola sempre recordarem el seu gran somriure i les seves ganes de viure i li volem enviar un pet\u00f3 ben fort all\u00e0 on sigui de part de tot l&#8217;equip de mestres, menjador i serveis.\u00a0 Durant aquest curs 2015\/16 farem una activitat, de la qual ja us informarem, per tal de recordar-la sempre.<\/p>\n<p><a href=\"http:\/\/blocs.xtec.cat\/ceipratdelariba\/files\/2015\/09\/image-0001.jpg\"><img loading=\"lazy\" decoding=\"async\" class=\"aligncenter  wp-image-1246\" src=\"http:\/\/blocs.xtec.cat\/ceipratdelariba\/files\/2015\/09\/image-0001-300x212.jpg\" alt=\"image-0001\" width=\"318\" height=\"225\" \/><\/a><\/p>\n","protected":false},"excerpt":{"rendered":"<p>Ja fa unes setmanes que vam comen\u00e7ar aquest nou curs, amb moltes ganes i energia despr\u00e9s d&#8217;haver passat unes bones vacances. Vam comen\u00e7ar l&#8217;escola el dia 15 amb infants nous a P3 que s&#8217;estan adaptant al seu nou espai, tamb\u00e9 han arribat algunes nenes a altres cursos de Prim\u00e0ria i a m\u00e9s a m\u00e9s tenim [&hellip;]<\/p>\n","protected":false},"author":3,"featured_media":0,"comment_status":"open","ping_status":"open","sticky":false,"template":"","format":"standard","meta":{"_bbp_topic_count":0,"_bbp_reply_count":0,"_bbp_total_topic_count":0,"_bbp_total_reply_count":0,"_bbp_voice_count":0,"_bbp_anonymous_reply_count":0,"_bbp_topic_count_hidden":0,"_bbp_reply_count_hidden":0,"_bbp_forum_subforum_count":0,"site-sidebar-layout":"default","site-content-layout":"","ast-site-content-layout":"","site-content-style":"default","site-sidebar-style":"default","ast-global-header-display":"","ast-banner-title-visibility":"","ast-main-header-display":"","ast-hfb-above-header-display":"","ast-hfb-below-header-display":"","ast-hfb-mobile-header-display":"","site-post-title":"","ast-breadcrumbs-content":"","ast-featured-img":"","footer-sml-layout":"","theme-transparent-header-meta":"","adv-header-id-meta":"","stick-header-meta":"","header-above-stick-meta":"","header-main-stick-meta":"","header-below-stick-meta":"","astra-migrate-meta-layouts":"default","ast-page-background-enabled":"default","ast-page-background-meta":{"desktop":{"background-color":"var(--ast-global-color-4)","background-image":"","background-repeat":"repeat","background-position":"center center","background-size":"auto","background-attachment":"scroll","background-type":"","background-media":"","overlay-type":"","overlay-color":"","overlay-opacity":"","overlay-gradient":""},"tablet":{"background-color":"","background-image":"","background-repeat":"repeat","background-position":"center center","background-size":"auto","background-attachment":"scroll","background-type":"","background-media":"","overlay-type":"","overlay-color":"","overlay-opacity":"","overlay-gradient":""},"mobile":{"background-color":"","background-image":"","background-repeat":"repeat","background-position":"center center","background-size":"auto","background-attachment":"scroll","background-type":"","background-media":"","overlay-type":"","overlay-color":"","overlay-opacity":"","overlay-gradient":""}},"ast-content-background-meta":{"desktop":{"background-color":"var(--ast-global-color-5)","background-image":"","background-repeat":"repeat","background-position":"center center","background-size":"auto","background-attachment":"scroll","background-type":"","background-media":"","overlay-type":"","overlay-color":"","overlay-opacity":"","overlay-gradient":""},"tablet":{"background-color":"var(--ast-global-color-5)","background-image":"","background-repeat":"repeat","background-position":"center center","background-size":"auto","background-attachment":"scroll","background-type":"","background-media":"","overlay-type":"","overlay-color":"","overlay-opacity":"","overlay-gradient":""},"mobile":{"background-color":"var(--ast-global-color-5)","background-image":"","background-repeat":"repeat","background-position":"center center","background-size":"auto","background-attachment":"scroll","background-type":"","background-media":"","overlay-type":"","overlay-color":"","overlay-opacity":"","overlay-gradient":""}},"footnotes":""},"categories":[1,4],"tags":[],"class_list":["post-290","post","type-post","status-publish","format-standard","hentry","category-general","category-portada"],"post_mailing_queue_ids":[],"_links":{"self":[{"href":"https:\/\/agora.xtec.cat\/escolapratdelariba\/wp-json\/wp\/v2\/posts\/290","targetHints":{"allow":["GET"]}}],"collection":[{"href":"https:\/\/agora.xtec.cat\/escolapratdelariba\/wp-json\/wp\/v2\/posts"}],"about":[{"href":"https:\/\/agora.xtec.cat\/escolapratdelariba\/wp-json\/wp\/v2\/types\/post"}],"author":[{"embeddable":true,"href":"https:\/\/agora.xtec.cat\/escolapratdelariba\/wp-json\/wp\/v2\/users\/3"}],"replies":[{"embeddable":true,"href":"https:\/\/agora.xtec.cat\/escolapratdelariba\/wp-json\/wp\/v2\/comments?post=290"}],"version-history":[{"count":1,"href":"https:\/\/agora.xtec.cat\/escolapratdelariba\/wp-json\/wp\/v2\/posts\/290\/revisions"}],"predecessor-version":[{"id":291,"href":"https:\/\/agora.xtec.cat\/escolapratdelariba\/wp-json\/wp\/v2\/posts\/290\/revisions\/291"}],"wp:attachment":[{"href":"https:\/\/agora.xtec.cat\/escolapratdelariba\/wp-json\/wp\/v2\/media?parent=290"}],"wp:term":[{"taxonomy":"category","embeddable":true,"href":"https:\/\/agora.xtec.cat\/escolapratdelariba\/wp-json\/wp\/v2\/categories?post=290"},{"taxonomy":"post_tag","embeddable":true,"href":"https:\/\/agora.xtec.cat\/escolapratdelariba\/wp-json\/wp\/v2\/tags?post=290"}],"curies":[{"name":"wp","href":"https:\/\/api.w.org\/{rel}","templated":true}]}}