{"id":12694,"date":"2026-04-16T13:33:45","date_gmt":"2026-04-16T11:33:45","guid":{"rendered":"https:\/\/agora.xtec.cat\/escolapratdelariba\/?p=12694"},"modified":"2026-04-23T14:04:18","modified_gmt":"2026-04-23T12:04:18","slug":"colonies-a-mas-gorgoll","status":"publish","type":"post","link":"https:\/\/agora.xtec.cat\/escolapratdelariba\/general\/colonies-a-mas-gorgoll\/","title":{"rendered":"COL\u00d2NIES A MAS GORGOLL"},"content":{"rendered":"<p data-start=\"48\" data-end=\"225\">Hola, fam\u00edlies !!!<\/p>\n<p data-start=\"48\" data-end=\"225\">Els i les alumnes de 3r i 4t vam anar de col\u00f2nies del 18 al 20 de mar\u00e7 a Mas Gorgoll. Van ser uns dies molt especials i divertits que vam compartir amb els nostres companys\/es\u00a0 i mestres.<\/p>\n<p data-start=\"227\" data-end=\"458\">Durant l\u2019estada, vam participar en diferents tallers on vam aprendre coses noves d\u2019una manera molt divertida. Tamb\u00e9 vam fer jocs de nit, que van ser molt emocionants i ens van permetre gaudir d\u2019un ambient diferent i ple d\u2019aventura.<\/p>\n<p data-start=\"460\" data-end=\"608\">Una de les activitats que m\u00e9s ens va agradar va ser la sortida en vaixell, on vam poder veure el paisatge des del mar i viure una experi\u00e8ncia \u00fanica.<\/p>\n<p data-start=\"610\" data-end=\"719\">En general, ens ho vam passar molt b\u00e9, vam riure molt i vam crear records inoblidables!!!<\/p>\n<p data-start=\"610\" data-end=\"719\">Aqu\u00ed teniu una petita mostra de tot el que vam viure durant aquests dies&#8230;<\/p>\n<p data-start=\"610\" data-end=\"719\">Mestres de Cicle Mitj\u00e0<\/p>\n<p data-start=\"610\" data-end=\"719\"><a href=\"https:\/\/agora.xtec.cat\/escolapratdelariba\/wp-content\/uploads\/usu534\/2026\/04\/MAS-GORGOLL.png\"><img loading=\"lazy\" decoding=\"async\" class=\"aligncenter size-medium wp-image-12695\" src=\"https:\/\/agora.xtec.cat\/escolapratdelariba\/wp-content\/uploads\/usu534\/2026\/04\/MAS-GORGOLL-300x225.png\" alt=\"\" width=\"300\" height=\"225\" srcset=\"https:\/\/agora.xtec.cat\/escolapratdelariba\/wp-content\/uploads\/usu534\/2026\/04\/MAS-GORGOLL-300x225.png 300w, https:\/\/agora.xtec.cat\/escolapratdelariba\/wp-content\/uploads\/usu534\/2026\/04\/MAS-GORGOLL-768x576.png 768w, https:\/\/agora.xtec.cat\/escolapratdelariba\/wp-content\/uploads\/usu534\/2026\/04\/MAS-GORGOLL.png 1024w\" sizes=\"auto, (max-width: 300px) 100vw, 300px\" \/><\/a><\/p>\n","protected":false},"excerpt":{"rendered":"<p>Hola, fam\u00edlies !!! Els i les alumnes de 3r i 4t vam anar de col\u00f2nies del 18 al 20 de mar\u00e7 a Mas Gorgoll. Van ser uns dies molt especials i divertits que vam compartir amb els nostres companys\/es\u00a0 i mestres. Durant l\u2019estada, vam participar en diferents tallers on vam aprendre coses noves d\u2019una manera [&hellip;]<\/p>\n","protected":false},"author":4,"featured_media":0,"comment_status":"open","ping_status":"open","sticky":false,"template":"","format":"standard","meta":{"_bbp_topic_count":0,"_bbp_reply_count":0,"_bbp_total_topic_count":0,"_bbp_total_reply_count":0,"_bbp_voice_count":0,"_bbp_anonymous_reply_count":0,"_bbp_topic_count_hidden":0,"_bbp_reply_count_hidden":0,"_bbp_forum_subforum_count":0,"site-sidebar-layout":"default","site-content-layout":"","ast-site-content-layout":"default","site-content-style":"default","site-sidebar-style":"default","ast-global-header-display":"","ast-banner-title-visibility":"","ast-main-header-display":"","ast-hfb-above-header-display":"","ast-hfb-below-header-display":"","ast-hfb-mobile-header-display":"","site-post-title":"","ast-breadcrumbs-content":"","ast-featured-img":"","footer-sml-layout":"","theme-transparent-header-meta":"default","adv-header-id-meta":"","stick-header-meta":"","header-above-stick-meta":"","header-main-stick-meta":"","header-below-stick-meta":"","astra-migrate-meta-layouts":"set","ast-page-background-enabled":"default","ast-page-background-meta":{"desktop":{"background-color":"var(--ast-global-color-4)","background-image":"","background-repeat":"repeat","background-position":"center center","background-size":"auto","background-attachment":"scroll","background-type":"","background-media":"","overlay-type":"","overlay-color":"","overlay-opacity":"","overlay-gradient":""},"tablet":{"background-color":"","background-image":"","background-repeat":"repeat","background-position":"center center","background-size":"auto","background-attachment":"scroll","background-type":"","background-media":"","overlay-type":"","overlay-color":"","overlay-opacity":"","overlay-gradient":""},"mobile":{"background-color":"","background-image":"","background-repeat":"repeat","background-position":"center center","background-size":"auto","background-attachment":"scroll","background-type":"","background-media":"","overlay-type":"","overlay-color":"","overlay-opacity":"","overlay-gradient":""}},"ast-content-background-meta":{"desktop":{"background-color":"var(--ast-global-color-5)","background-image":"","background-repeat":"repeat","background-position":"center center","background-size":"auto","background-attachment":"scroll","background-type":"","background-media":"","overlay-type":"","overlay-color":"","overlay-opacity":"","overlay-gradient":""},"tablet":{"background-color":"var(--ast-global-color-5)","background-image":"","background-repeat":"repeat","background-position":"center center","background-size":"auto","background-attachment":"scroll","background-type":"","background-media":"","overlay-type":"","overlay-color":"","overlay-opacity":"","overlay-gradient":""},"mobile":{"background-color":"var(--ast-global-color-5)","background-image":"","background-repeat":"repeat","background-position":"center center","background-size":"auto","background-attachment":"scroll","background-type":"","background-media":"","overlay-type":"","overlay-color":"","overlay-opacity":"","overlay-gradient":""}},"footnotes":""},"categories":[52,1,4],"tags":[],"class_list":["post-12694","post","type-post","status-publish","format-standard","hentry","category-el-bloc-de-cicle-mitja","category-general","category-portada"],"post_mailing_queue_ids":[],"_links":{"self":[{"href":"https:\/\/agora.xtec.cat\/escolapratdelariba\/wp-json\/wp\/v2\/posts\/12694","targetHints":{"allow":["GET"]}}],"collection":[{"href":"https:\/\/agora.xtec.cat\/escolapratdelariba\/wp-json\/wp\/v2\/posts"}],"about":[{"href":"https:\/\/agora.xtec.cat\/escolapratdelariba\/wp-json\/wp\/v2\/types\/post"}],"author":[{"embeddable":true,"href":"https:\/\/agora.xtec.cat\/escolapratdelariba\/wp-json\/wp\/v2\/users\/4"}],"replies":[{"embeddable":true,"href":"https:\/\/agora.xtec.cat\/escolapratdelariba\/wp-json\/wp\/v2\/comments?post=12694"}],"version-history":[{"count":1,"href":"https:\/\/agora.xtec.cat\/escolapratdelariba\/wp-json\/wp\/v2\/posts\/12694\/revisions"}],"predecessor-version":[{"id":12696,"href":"https:\/\/agora.xtec.cat\/escolapratdelariba\/wp-json\/wp\/v2\/posts\/12694\/revisions\/12696"}],"wp:attachment":[{"href":"https:\/\/agora.xtec.cat\/escolapratdelariba\/wp-json\/wp\/v2\/media?parent=12694"}],"wp:term":[{"taxonomy":"category","embeddable":true,"href":"https:\/\/agora.xtec.cat\/escolapratdelariba\/wp-json\/wp\/v2\/categories?post=12694"},{"taxonomy":"post_tag","embeddable":true,"href":"https:\/\/agora.xtec.cat\/escolapratdelariba\/wp-json\/wp\/v2\/tags?post=12694"}],"curies":[{"name":"wp","href":"https:\/\/api.w.org\/{rel}","templated":true}]}}