{"id":12331,"date":"2025-06-17T11:06:30","date_gmt":"2025-06-17T09:06:30","guid":{"rendered":"https:\/\/agora.xtec.cat\/escolapratdelariba\/?p=12331"},"modified":"2025-06-17T11:06:30","modified_gmt":"2025-06-17T09:06:30","slug":"passaport-a-linstitut-2","status":"publish","type":"post","link":"https:\/\/agora.xtec.cat\/escolapratdelariba\/general\/passaport-a-linstitut-2\/","title":{"rendered":"Passaport a l&#8217;institut"},"content":{"rendered":"<p>Les<strong>\u00a0escoles i els instituts d\u2019Esplugues i Sant Just<\/strong>\u00a0han treballat conjuntament per elaborar les tasques d\u2019estiu del pas de prim\u00e0ria a secund\u00e0ria.<\/p>\n<p>L&#8217;alumnat que aquest curs acaba 6\u00e8 haur\u00e0 de lliurar a principis de setembre als seus instituts una activitat que consisteix en una presentaci\u00f3 per donar-se a con\u00e8ixer als seus companys i companyes. Els alumnes podran escollir com realitzar la seva presentaci\u00f3 a partir d\u2019un paquet de propostes que van des d\u2019activitats multim\u00e8dia, il\u00b7lustracions o lapbook.<\/p>\n<p><a href=\"https:\/\/agora.xtec.cat\/escolapratdelariba\/wp-content\/uploads\/usu534\/2025\/06\/passaport-a-linstitut-25-26.png\"><img loading=\"lazy\" decoding=\"async\" class=\"aligncenter size-medium wp-image-12332\" src=\"https:\/\/agora.xtec.cat\/escolapratdelariba\/wp-content\/uploads\/usu534\/2025\/06\/passaport-a-linstitut-25-26-300x300.png\" alt=\"\" width=\"300\" height=\"300\" \/><\/a><\/p>\n<p>Aquesta proposta ha estat elaborada al<strong>\u00a0Seminari de Coordinaci\u00f3-Prim\u00e0ria Secund\u00e0ria de la zona.<\/strong><\/p>\n<p><a href=\"https:\/\/drive.google.com\/file\/d\/1lAAtK_4QC99QbTeMaAsLsDkOEAf-r3A2\/view?usp=drive_link\">PASSAPORT A L\u2019INSTITUT 25-26<\/a><\/p>\n","protected":false},"excerpt":{"rendered":"<p>Les\u00a0escoles i els instituts d\u2019Esplugues i Sant Just\u00a0han treballat conjuntament per elaborar les tasques d\u2019estiu del pas de prim\u00e0ria a secund\u00e0ria. L&#8217;alumnat que aquest curs acaba 6\u00e8 haur\u00e0 de lliurar a principis de setembre als seus instituts una activitat que consisteix en una presentaci\u00f3 per donar-se a con\u00e8ixer als seus companys i companyes. Els alumnes [&hellip;]<\/p>\n","protected":false},"author":4,"featured_media":0,"comment_status":"open","ping_status":"open","sticky":false,"template":"","format":"standard","meta":{"_bbp_topic_count":0,"_bbp_reply_count":0,"_bbp_total_topic_count":0,"_bbp_total_reply_count":0,"_bbp_voice_count":0,"_bbp_anonymous_reply_count":0,"_bbp_topic_count_hidden":0,"_bbp_reply_count_hidden":0,"_bbp_forum_subforum_count":0,"site-sidebar-layout":"default","site-content-layout":"","ast-site-content-layout":"","site-content-style":"default","site-sidebar-style":"default","ast-global-header-display":"","ast-banner-title-visibility":"","ast-main-header-display":"","ast-hfb-above-header-display":"","ast-hfb-below-header-display":"","ast-hfb-mobile-header-display":"","site-post-title":"","ast-breadcrumbs-content":"","ast-featured-img":"","footer-sml-layout":"","theme-transparent-header-meta":"","adv-header-id-meta":"","stick-header-meta":"","header-above-stick-meta":"","header-main-stick-meta":"","header-below-stick-meta":"","astra-migrate-meta-layouts":"default","ast-page-background-enabled":"default","ast-page-background-meta":{"desktop":{"background-color":"var(--ast-global-color-4)","background-image":"","background-repeat":"repeat","background-position":"center center","background-size":"auto","background-attachment":"scroll","background-type":"","background-media":"","overlay-type":"","overlay-color":"","overlay-opacity":"","overlay-gradient":""},"tablet":{"background-color":"","background-image":"","background-repeat":"repeat","background-position":"center center","background-size":"auto","background-attachment":"scroll","background-type":"","background-media":"","overlay-type":"","overlay-color":"","overlay-opacity":"","overlay-gradient":""},"mobile":{"background-color":"","background-image":"","background-repeat":"repeat","background-position":"center center","background-size":"auto","background-attachment":"scroll","background-type":"","background-media":"","overlay-type":"","overlay-color":"","overlay-opacity":"","overlay-gradient":""}},"ast-content-background-meta":{"desktop":{"background-color":"var(--ast-global-color-5)","background-image":"","background-repeat":"repeat","background-position":"center center","background-size":"auto","background-attachment":"scroll","background-type":"","background-media":"","overlay-type":"","overlay-color":"","overlay-opacity":"","overlay-gradient":""},"tablet":{"background-color":"var(--ast-global-color-5)","background-image":"","background-repeat":"repeat","background-position":"center center","background-size":"auto","background-attachment":"scroll","background-type":"","background-media":"","overlay-type":"","overlay-color":"","overlay-opacity":"","overlay-gradient":""},"mobile":{"background-color":"var(--ast-global-color-5)","background-image":"","background-repeat":"repeat","background-position":"center center","background-size":"auto","background-attachment":"scroll","background-type":"","background-media":"","overlay-type":"","overlay-color":"","overlay-opacity":"","overlay-gradient":""}},"footnotes":""},"categories":[50,53,1,4],"tags":[],"class_list":["post-12331","post","type-post","status-publish","format-standard","hentry","category-blocs","category-el-bloc-de-cicle-superior","category-general","category-portada"],"post_mailing_queue_ids":[],"_links":{"self":[{"href":"https:\/\/agora.xtec.cat\/escolapratdelariba\/wp-json\/wp\/v2\/posts\/12331","targetHints":{"allow":["GET"]}}],"collection":[{"href":"https:\/\/agora.xtec.cat\/escolapratdelariba\/wp-json\/wp\/v2\/posts"}],"about":[{"href":"https:\/\/agora.xtec.cat\/escolapratdelariba\/wp-json\/wp\/v2\/types\/post"}],"author":[{"embeddable":true,"href":"https:\/\/agora.xtec.cat\/escolapratdelariba\/wp-json\/wp\/v2\/users\/4"}],"replies":[{"embeddable":true,"href":"https:\/\/agora.xtec.cat\/escolapratdelariba\/wp-json\/wp\/v2\/comments?post=12331"}],"version-history":[{"count":1,"href":"https:\/\/agora.xtec.cat\/escolapratdelariba\/wp-json\/wp\/v2\/posts\/12331\/revisions"}],"predecessor-version":[{"id":12333,"href":"https:\/\/agora.xtec.cat\/escolapratdelariba\/wp-json\/wp\/v2\/posts\/12331\/revisions\/12333"}],"wp:attachment":[{"href":"https:\/\/agora.xtec.cat\/escolapratdelariba\/wp-json\/wp\/v2\/media?parent=12331"}],"wp:term":[{"taxonomy":"category","embeddable":true,"href":"https:\/\/agora.xtec.cat\/escolapratdelariba\/wp-json\/wp\/v2\/categories?post=12331"},{"taxonomy":"post_tag","embeddable":true,"href":"https:\/\/agora.xtec.cat\/escolapratdelariba\/wp-json\/wp\/v2\/tags?post=12331"}],"curies":[{"name":"wp","href":"https:\/\/api.w.org\/{rel}","templated":true}]}}