{"id":12320,"date":"2025-06-12T14:49:34","date_gmt":"2025-06-12T12:49:34","guid":{"rendered":"https:\/\/agora.xtec.cat\/escolapratdelariba\/?p=12320"},"modified":"2025-10-14T16:31:53","modified_gmt":"2025-10-14T14:31:53","slug":"tallers-deducacio-sexual","status":"publish","type":"post","link":"https:\/\/agora.xtec.cat\/escolapratdelariba\/general\/tallers-deducacio-sexual\/","title":{"rendered":"TALLERS D&#8217;EDUCACI\u00d3 SEXUAL"},"content":{"rendered":"<p>Des del curs passat, l&#8217;AFA de l&#8217;escola amb la col\u00b7laboraci\u00f3 de l&#8217;Ajuntament d&#8217;Esplugues ens aporta uns tallers d&#8217;educaci\u00f3 sexual als infants que finalitzen cicle (i5, 2n i 4t) m\u00e9s tot el cicle superior molt interessants.<\/p>\n<p>El nostre alumnat ha fet valoracions molt positives de les sessions portades a terme per APLAER, una cooperativa d&#8217;Educaci\u00f3 Sexual Integral, amb els que vam treballar el respecte cap als altres i el nostre cos, les relacions i els canvis que anem vivint.<\/p>\n<p><a href=\"https:\/\/agora.xtec.cat\/escolapratdelariba\/wp-content\/uploads\/usu534\/2025\/06\/WhatsApp-Image-2025-06-06-at-10.18.31-1.jpeg\"><img loading=\"lazy\" decoding=\"async\" class=\"size-medium wp-image-12322 alignleft\" src=\"https:\/\/agora.xtec.cat\/escolapratdelariba\/wp-content\/uploads\/usu534\/2025\/06\/WhatsApp-Image-2025-06-06-at-10.18.31-1-225x300.jpeg\" alt=\"\" width=\"225\" height=\"300\" srcset=\"https:\/\/agora.xtec.cat\/escolapratdelariba\/wp-content\/uploads\/usu534\/2025\/06\/WhatsApp-Image-2025-06-06-at-10.18.31-1-225x300.jpeg 225w, https:\/\/agora.xtec.cat\/escolapratdelariba\/wp-content\/uploads\/usu534\/2025\/06\/WhatsApp-Image-2025-06-06-at-10.18.31-1-768x1024.jpeg 768w, https:\/\/agora.xtec.cat\/escolapratdelariba\/wp-content\/uploads\/usu534\/2025\/06\/WhatsApp-Image-2025-06-06-at-10.18.31-1-1152x1536.jpeg 1152w, https:\/\/agora.xtec.cat\/escolapratdelariba\/wp-content\/uploads\/usu534\/2025\/06\/WhatsApp-Image-2025-06-06-at-10.18.31-1.jpeg 1200w\" sizes=\"auto, (max-width: 225px) 100vw, 225px\" \/><\/a> <a href=\"https:\/\/agora.xtec.cat\/escolapratdelariba\/wp-content\/uploads\/usu534\/2025\/06\/WhatsApp-Image-2025-06-06-at-09.39.01.jpeg\"><img loading=\"lazy\" decoding=\"async\" class=\" wp-image-12323 alignleft\" src=\"https:\/\/agora.xtec.cat\/escolapratdelariba\/wp-content\/uploads\/usu534\/2025\/06\/WhatsApp-Image-2025-06-06-at-09.39.01-300x225.jpeg\" alt=\"\" width=\"248\" height=\"186\" srcset=\"https:\/\/agora.xtec.cat\/escolapratdelariba\/wp-content\/uploads\/usu534\/2025\/06\/WhatsApp-Image-2025-06-06-at-09.39.01-300x225.jpeg 300w, https:\/\/agora.xtec.cat\/escolapratdelariba\/wp-content\/uploads\/usu534\/2025\/06\/WhatsApp-Image-2025-06-06-at-09.39.01-1024x768.jpeg 1024w, https:\/\/agora.xtec.cat\/escolapratdelariba\/wp-content\/uploads\/usu534\/2025\/06\/WhatsApp-Image-2025-06-06-at-09.39.01-768x576.jpeg 768w, https:\/\/agora.xtec.cat\/escolapratdelariba\/wp-content\/uploads\/usu534\/2025\/06\/WhatsApp-Image-2025-06-06-at-09.39.01-1536x1152.jpeg 1536w, https:\/\/agora.xtec.cat\/escolapratdelariba\/wp-content\/uploads\/usu534\/2025\/06\/WhatsApp-Image-2025-06-06-at-09.39.01-200x150.jpeg 200w, https:\/\/agora.xtec.cat\/escolapratdelariba\/wp-content\/uploads\/usu534\/2025\/06\/WhatsApp-Image-2025-06-06-at-09.39.01.jpeg 2000w\" sizes=\"auto, (max-width: 248px) 100vw, 248px\" \/><\/a> <a href=\"https:\/\/agora.xtec.cat\/escolapratdelariba\/wp-content\/uploads\/usu534\/2025\/06\/WhatsApp-Image-2025-06-06-at-09.39.01-1.jpeg\"><img loading=\"lazy\" decoding=\"async\" class=\" wp-image-12324 alignleft\" src=\"https:\/\/agora.xtec.cat\/escolapratdelariba\/wp-content\/uploads\/usu534\/2025\/06\/WhatsApp-Image-2025-06-06-at-09.39.01-1-300x225.jpeg\" alt=\"\" width=\"247\" height=\"185\" srcset=\"https:\/\/agora.xtec.cat\/escolapratdelariba\/wp-content\/uploads\/usu534\/2025\/06\/WhatsApp-Image-2025-06-06-at-09.39.01-1-300x225.jpeg 300w, https:\/\/agora.xtec.cat\/escolapratdelariba\/wp-content\/uploads\/usu534\/2025\/06\/WhatsApp-Image-2025-06-06-at-09.39.01-1-1024x768.jpeg 1024w, https:\/\/agora.xtec.cat\/escolapratdelariba\/wp-content\/uploads\/usu534\/2025\/06\/WhatsApp-Image-2025-06-06-at-09.39.01-1-768x576.jpeg 768w, https:\/\/agora.xtec.cat\/escolapratdelariba\/wp-content\/uploads\/usu534\/2025\/06\/WhatsApp-Image-2025-06-06-at-09.39.01-1-1536x1152.jpeg 1536w, https:\/\/agora.xtec.cat\/escolapratdelariba\/wp-content\/uploads\/usu534\/2025\/06\/WhatsApp-Image-2025-06-06-at-09.39.01-1-200x150.jpeg 200w, https:\/\/agora.xtec.cat\/escolapratdelariba\/wp-content\/uploads\/usu534\/2025\/06\/WhatsApp-Image-2025-06-06-at-09.39.01-1.jpeg 2000w\" sizes=\"auto, (max-width: 247px) 100vw, 247px\" \/><\/a><\/p>\n<p><a href=\"https:\/\/agora.xtec.cat\/escolapratdelariba\/wp-content\/uploads\/usu534\/2025\/06\/WhatsApp-Image-2025-06-06-at-09.35.53.jpeg\"><img loading=\"lazy\" decoding=\"async\" class=\" wp-image-12325 alignleft\" src=\"https:\/\/agora.xtec.cat\/escolapratdelariba\/wp-content\/uploads\/usu534\/2025\/06\/WhatsApp-Image-2025-06-06-at-09.35.53-300x194.jpeg\" alt=\"\" width=\"244\" height=\"158\" srcset=\"https:\/\/agora.xtec.cat\/escolapratdelariba\/wp-content\/uploads\/usu534\/2025\/06\/WhatsApp-Image-2025-06-06-at-09.35.53-300x194.jpeg 300w, https:\/\/agora.xtec.cat\/escolapratdelariba\/wp-content\/uploads\/usu534\/2025\/06\/WhatsApp-Image-2025-06-06-at-09.35.53-1024x661.jpeg 1024w, https:\/\/agora.xtec.cat\/escolapratdelariba\/wp-content\/uploads\/usu534\/2025\/06\/WhatsApp-Image-2025-06-06-at-09.35.53-768x496.jpeg 768w, https:\/\/agora.xtec.cat\/escolapratdelariba\/wp-content\/uploads\/usu534\/2025\/06\/WhatsApp-Image-2025-06-06-at-09.35.53-1536x992.jpeg 1536w, https:\/\/agora.xtec.cat\/escolapratdelariba\/wp-content\/uploads\/usu534\/2025\/06\/WhatsApp-Image-2025-06-06-at-09.35.53.jpeg 2048w\" sizes=\"auto, (max-width: 244px) 100vw, 244px\" \/><\/a><\/p>\n<p>&nbsp;<\/p>\n<p>&nbsp;<\/p>\n<p>&nbsp;<\/p>\n<p><a href=\"https:\/\/agora.xtec.cat\/escolapratdelariba\/wp-content\/uploads\/usu534\/2025\/06\/WhatsApp-Image-2025-06-06-at-09.36.01.jpeg\"><img loading=\"lazy\" decoding=\"async\" class=\" wp-image-12326 alignleft\" src=\"https:\/\/agora.xtec.cat\/escolapratdelariba\/wp-content\/uploads\/usu534\/2025\/06\/WhatsApp-Image-2025-06-06-at-09.36.01-300x225.jpeg\" alt=\"\" width=\"247\" height=\"185\" srcset=\"https:\/\/agora.xtec.cat\/escolapratdelariba\/wp-content\/uploads\/usu534\/2025\/06\/WhatsApp-Image-2025-06-06-at-09.36.01-300x225.jpeg 300w, https:\/\/agora.xtec.cat\/escolapratdelariba\/wp-content\/uploads\/usu534\/2025\/06\/WhatsApp-Image-2025-06-06-at-09.36.01-1024x768.jpeg 1024w, https:\/\/agora.xtec.cat\/escolapratdelariba\/wp-content\/uploads\/usu534\/2025\/06\/WhatsApp-Image-2025-06-06-at-09.36.01-768x576.jpeg 768w, https:\/\/agora.xtec.cat\/escolapratdelariba\/wp-content\/uploads\/usu534\/2025\/06\/WhatsApp-Image-2025-06-06-at-09.36.01-1536x1152.jpeg 1536w, https:\/\/agora.xtec.cat\/escolapratdelariba\/wp-content\/uploads\/usu534\/2025\/06\/WhatsApp-Image-2025-06-06-at-09.36.01-200x150.jpeg 200w, https:\/\/agora.xtec.cat\/escolapratdelariba\/wp-content\/uploads\/usu534\/2025\/06\/WhatsApp-Image-2025-06-06-at-09.36.01.jpeg 1600w\" sizes=\"auto, (max-width: 247px) 100vw, 247px\" \/><\/a><\/p>\n","protected":false},"excerpt":{"rendered":"<p>Des del curs passat, l&#8217;AFA de l&#8217;escola amb la col\u00b7laboraci\u00f3 de l&#8217;Ajuntament d&#8217;Esplugues ens aporta uns tallers d&#8217;educaci\u00f3 sexual als infants que finalitzen cicle (i5, 2n i 4t) m\u00e9s tot el cicle superior molt interessants. El nostre alumnat ha fet valoracions molt positives de les sessions portades a terme per APLAER, una cooperativa d&#8217;Educaci\u00f3 Sexual [&hellip;]<\/p>\n","protected":false},"author":4,"featured_media":0,"comment_status":"open","ping_status":"open","sticky":false,"template":"","format":"standard","meta":{"_bbp_topic_count":0,"_bbp_reply_count":0,"_bbp_total_topic_count":0,"_bbp_total_reply_count":0,"_bbp_voice_count":0,"_bbp_anonymous_reply_count":0,"_bbp_topic_count_hidden":0,"_bbp_reply_count_hidden":0,"_bbp_forum_subforum_count":0,"site-sidebar-layout":"default","site-content-layout":"","ast-site-content-layout":"","site-content-style":"default","site-sidebar-style":"default","ast-global-header-display":"","ast-banner-title-visibility":"","ast-main-header-display":"","ast-hfb-above-header-display":"","ast-hfb-below-header-display":"","ast-hfb-mobile-header-display":"","site-post-title":"","ast-breadcrumbs-content":"","ast-featured-img":"","footer-sml-layout":"","theme-transparent-header-meta":"","adv-header-id-meta":"","stick-header-meta":"","header-above-stick-meta":"","header-main-stick-meta":"","header-below-stick-meta":"","astra-migrate-meta-layouts":"default","ast-page-background-enabled":"default","ast-page-background-meta":{"desktop":{"background-color":"var(--ast-global-color-4)","background-image":"","background-repeat":"repeat","background-position":"center center","background-size":"auto","background-attachment":"scroll","background-type":"","background-media":"","overlay-type":"","overlay-color":"","overlay-opacity":"","overlay-gradient":""},"tablet":{"background-color":"","background-image":"","background-repeat":"repeat","background-position":"center center","background-size":"auto","background-attachment":"scroll","background-type":"","background-media":"","overlay-type":"","overlay-color":"","overlay-opacity":"","overlay-gradient":""},"mobile":{"background-color":"","background-image":"","background-repeat":"repeat","background-position":"center center","background-size":"auto","background-attachment":"scroll","background-type":"","background-media":"","overlay-type":"","overlay-color":"","overlay-opacity":"","overlay-gradient":""}},"ast-content-background-meta":{"desktop":{"background-color":"var(--ast-global-color-5)","background-image":"","background-repeat":"repeat","background-position":"center center","background-size":"auto","background-attachment":"scroll","background-type":"","background-media":"","overlay-type":"","overlay-color":"","overlay-opacity":"","overlay-gradient":""},"tablet":{"background-color":"var(--ast-global-color-5)","background-image":"","background-repeat":"repeat","background-position":"center center","background-size":"auto","background-attachment":"scroll","background-type":"","background-media":"","overlay-type":"","overlay-color":"","overlay-opacity":"","overlay-gradient":""},"mobile":{"background-color":"var(--ast-global-color-5)","background-image":"","background-repeat":"repeat","background-position":"center center","background-size":"auto","background-attachment":"scroll","background-type":"","background-media":"","overlay-type":"","overlay-color":"","overlay-opacity":"","overlay-gradient":""}},"footnotes":""},"categories":[50,51,52,53,49,1,4],"tags":[],"class_list":["post-12320","post","type-post","status-publish","format-standard","hentry","category-blocs","category-el-bloc-de-cicle-inicial","category-el-bloc-de-cicle-mitja","category-el-bloc-de-cicle-superior","category-els-petits-de-lescola","category-general","category-portada"],"post_mailing_queue_ids":[],"_links":{"self":[{"href":"https:\/\/agora.xtec.cat\/escolapratdelariba\/wp-json\/wp\/v2\/posts\/12320","targetHints":{"allow":["GET"]}}],"collection":[{"href":"https:\/\/agora.xtec.cat\/escolapratdelariba\/wp-json\/wp\/v2\/posts"}],"about":[{"href":"https:\/\/agora.xtec.cat\/escolapratdelariba\/wp-json\/wp\/v2\/types\/post"}],"author":[{"embeddable":true,"href":"https:\/\/agora.xtec.cat\/escolapratdelariba\/wp-json\/wp\/v2\/users\/4"}],"replies":[{"embeddable":true,"href":"https:\/\/agora.xtec.cat\/escolapratdelariba\/wp-json\/wp\/v2\/comments?post=12320"}],"version-history":[{"count":5,"href":"https:\/\/agora.xtec.cat\/escolapratdelariba\/wp-json\/wp\/v2\/posts\/12320\/revisions"}],"predecessor-version":[{"id":12378,"href":"https:\/\/agora.xtec.cat\/escolapratdelariba\/wp-json\/wp\/v2\/posts\/12320\/revisions\/12378"}],"wp:attachment":[{"href":"https:\/\/agora.xtec.cat\/escolapratdelariba\/wp-json\/wp\/v2\/media?parent=12320"}],"wp:term":[{"taxonomy":"category","embeddable":true,"href":"https:\/\/agora.xtec.cat\/escolapratdelariba\/wp-json\/wp\/v2\/categories?post=12320"},{"taxonomy":"post_tag","embeddable":true,"href":"https:\/\/agora.xtec.cat\/escolapratdelariba\/wp-json\/wp\/v2\/tags?post=12320"}],"curies":[{"name":"wp","href":"https:\/\/api.w.org\/{rel}","templated":true}]}}