{"id":12247,"date":"2025-03-25T19:43:25","date_gmt":"2025-03-25T18:43:25","guid":{"rendered":"https:\/\/agora.xtec.cat\/escolapratdelariba\/?p=12247"},"modified":"2025-03-25T19:44:17","modified_gmt":"2025-03-25T18:44:17","slug":"proves-cangur-2","status":"publish","type":"post","link":"https:\/\/agora.xtec.cat\/escolapratdelariba\/portada\/proves-cangur-2\/","title":{"rendered":"PROVES CANGUR"},"content":{"rendered":"<p>Hola fam\u00edlies,<\/p>\n<p>El passat dijous de mar\u00e7 els nois i noies de cicle superior van participar a les proves cangur. Aquest curs es complia la 30a edici\u00f3 de les proves cangur a Catalunya. <!--more-->Per aquest motiu, aquest any les proves han tingut una difusi\u00f3 m\u00e9s \u00e0mplia a diferents mitjans de comunicaci\u00f3, us enllacem tamb\u00e9 el v\u00eddeo de la not\u00edcia a tv3 i l&#8217;enlla\u00e7 a la not\u00edcia que va publicar la cadena SER (Dins de la not\u00edcia hi ha dos arxius d&#8217;audio on podeu escoltar alumnes de l&#8217;escola).<\/p>\n<p>La tarda de dijous, despr\u00e9s de realitzar les proves, van venir a l&#8217;escola la Montserrat Alsina (presidenta de la Societat Catalana de Matem\u00e0tiques) i la Merc\u00e8 Andreu (Directora General d&#8217;Innovaci\u00f3, Digitalitzaci\u00f3 i Curr\u00edculum del Departament d&#8217;Educaci\u00f3 i Formaci\u00f3 Professional) per parlar amb alguns nois i noies de cicle superior, per intercanviar impressions sobre les proves cangur.<\/p>\n<p>I, per si fos poca cosa, dos alumnes de l&#8217;escola van poder participar a la presentaci\u00f3 de la 30a edici\u00f3 de les proves cangur a Catalunya, que es va realitzar a l&#8217;Institut d&#8217;Estudis Catalans. All\u00e0 van poder donar el seu punt de vista sobre les proves i compartir-ho amb alumnes de secund\u00e0ria i batxillerat.<\/p>\n<div style=\"padding: 56.25% 0 0 0; position: relative;\"><iframe loading=\"lazy\" style=\"position: absolute; top: 0; left: 0; width: 100%; height: 100%;\" title=\"proves cangur\" src=\"\/\/player.vimeo.com\/video\/1069318958?title=0&amp;amp;byline=0\" width=\"425\" height=\"350\" frameborder=\"0\" data-mce-fragment=\"1\"><\/iframe><\/div>\n<p>&nbsp;<\/p>\n<div style=\"padding: 56.37% 0 0 0; position: relative;\"><iframe loading=\"lazy\" style=\"position: absolute; top: 0; left: 0; width: 100%; height: 100%;\" title=\"PROVES CANGUR, not\u00edcia tv3\" src=\"\/\/player.vimeo.com\/video\/1069324530?title=0&amp;amp;byline=0\" width=\"425\" height=\"350\" frameborder=\"0\" data-mce-fragment=\"1\"><\/iframe><\/div>\n<p>&nbsp;<\/p>\n<p><a href=\"https:\/\/cadenaser.com\/cataluna\/2025\/03\/20\/alumnes-de-12-anys-les-aproven-tatreveixes-a-fer-les-proves-cangur-de-matematiques-sercat\/\">https:\/\/cadenaser.com\/cataluna\/2025\/03\/20\/alumnes-de-12-anys-les-aproven-tatreveixes-a-fer-les-proves-cangur-de-matematiques-sercat\/<\/a><\/p>\n<p>&nbsp;<\/p>\n<p>&nbsp;<\/p>\n<p><a href=\"https:\/\/agora.xtec.cat\/escolapratdelariba\/wp-content\/uploads\/usu534\/2025\/03\/20250313_115257-rotated.jpg\"><img loading=\"lazy\" decoding=\"async\" class=\"aligncenter size-large wp-image-12248\" src=\"https:\/\/agora.xtec.cat\/escolapratdelariba\/wp-content\/uploads\/usu534\/2025\/03\/20250313_115257-768x1024.jpg\" alt=\"\" width=\"768\" height=\"1024\" srcset=\"https:\/\/agora.xtec.cat\/escolapratdelariba\/wp-content\/uploads\/usu534\/2025\/03\/20250313_115257-768x1025.jpg 768w, https:\/\/agora.xtec.cat\/escolapratdelariba\/wp-content\/uploads\/usu534\/2025\/03\/20250313_115257-225x300.jpg 225w, https:\/\/agora.xtec.cat\/escolapratdelariba\/wp-content\/uploads\/usu534\/2025\/03\/20250313_115257-rotated.jpg 907w\" sizes=\"auto, (max-width: 768px) 100vw, 768px\" \/><\/a> <a href=\"https:\/\/agora.xtec.cat\/escolapratdelariba\/wp-content\/uploads\/usu534\/2025\/03\/20250313_124223-rotated.jpg\"><img loading=\"lazy\" decoding=\"async\" class=\"aligncenter size-large wp-image-12249\" src=\"https:\/\/agora.xtec.cat\/escolapratdelariba\/wp-content\/uploads\/usu534\/2025\/03\/20250313_124223-768x1024.jpg\" alt=\"\" width=\"768\" height=\"1024\" srcset=\"https:\/\/agora.xtec.cat\/escolapratdelariba\/wp-content\/uploads\/usu534\/2025\/03\/20250313_124223-768x1025.jpg 768w, https:\/\/agora.xtec.cat\/escolapratdelariba\/wp-content\/uploads\/usu534\/2025\/03\/20250313_124223-225x300.jpg 225w, https:\/\/agora.xtec.cat\/escolapratdelariba\/wp-content\/uploads\/usu534\/2025\/03\/20250313_124223-rotated.jpg 907w\" sizes=\"auto, (max-width: 768px) 100vw, 768px\" \/><\/a><\/p>\n","protected":false},"excerpt":{"rendered":"<p>Hola fam\u00edlies, El passat dijous de mar\u00e7 els nois i noies de cicle superior van participar a les proves cangur. Aquest curs es complia la 30a edici\u00f3 de les proves cangur a Catalunya.<\/p>\n","protected":false},"author":4,"featured_media":0,"comment_status":"open","ping_status":"closed","sticky":false,"template":"","format":"standard","meta":{"_bbp_topic_count":0,"_bbp_reply_count":0,"_bbp_total_topic_count":0,"_bbp_total_reply_count":0,"_bbp_voice_count":0,"_bbp_anonymous_reply_count":0,"_bbp_topic_count_hidden":0,"_bbp_reply_count_hidden":0,"_bbp_forum_subforum_count":0,"site-sidebar-layout":"default","site-content-layout":"","ast-site-content-layout":"","site-content-style":"default","site-sidebar-style":"default","ast-global-header-display":"","ast-banner-title-visibility":"","ast-main-header-display":"","ast-hfb-above-header-display":"","ast-hfb-below-header-display":"","ast-hfb-mobile-header-display":"","site-post-title":"","ast-breadcrumbs-content":"","ast-featured-img":"","footer-sml-layout":"","theme-transparent-header-meta":"","adv-header-id-meta":"","stick-header-meta":"","header-above-stick-meta":"","header-main-stick-meta":"","header-below-stick-meta":"","astra-migrate-meta-layouts":"default","ast-page-background-enabled":"default","ast-page-background-meta":{"desktop":{"background-color":"var(--ast-global-color-4)","background-image":"","background-repeat":"repeat","background-position":"center center","background-size":"auto","background-attachment":"scroll","background-type":"","background-media":"","overlay-type":"","overlay-color":"","overlay-opacity":"","overlay-gradient":""},"tablet":{"background-color":"","background-image":"","background-repeat":"repeat","background-position":"center center","background-size":"auto","background-attachment":"scroll","background-type":"","background-media":"","overlay-type":"","overlay-color":"","overlay-opacity":"","overlay-gradient":""},"mobile":{"background-color":"","background-image":"","background-repeat":"repeat","background-position":"center center","background-size":"auto","background-attachment":"scroll","background-type":"","background-media":"","overlay-type":"","overlay-color":"","overlay-opacity":"","overlay-gradient":""}},"ast-content-background-meta":{"desktop":{"background-color":"var(--ast-global-color-5)","background-image":"","background-repeat":"repeat","background-position":"center center","background-size":"auto","background-attachment":"scroll","background-type":"","background-media":"","overlay-type":"","overlay-color":"","overlay-opacity":"","overlay-gradient":""},"tablet":{"background-color":"var(--ast-global-color-5)","background-image":"","background-repeat":"repeat","background-position":"center center","background-size":"auto","background-attachment":"scroll","background-type":"","background-media":"","overlay-type":"","overlay-color":"","overlay-opacity":"","overlay-gradient":""},"mobile":{"background-color":"var(--ast-global-color-5)","background-image":"","background-repeat":"repeat","background-position":"center center","background-size":"auto","background-attachment":"scroll","background-type":"","background-media":"","overlay-type":"","overlay-color":"","overlay-opacity":"","overlay-gradient":""}},"footnotes":""},"categories":[53,4],"tags":[],"class_list":["post-12247","post","type-post","status-publish","format-standard","hentry","category-el-bloc-de-cicle-superior","category-portada"],"post_mailing_queue_ids":[],"_links":{"self":[{"href":"https:\/\/agora.xtec.cat\/escolapratdelariba\/wp-json\/wp\/v2\/posts\/12247","targetHints":{"allow":["GET"]}}],"collection":[{"href":"https:\/\/agora.xtec.cat\/escolapratdelariba\/wp-json\/wp\/v2\/posts"}],"about":[{"href":"https:\/\/agora.xtec.cat\/escolapratdelariba\/wp-json\/wp\/v2\/types\/post"}],"author":[{"embeddable":true,"href":"https:\/\/agora.xtec.cat\/escolapratdelariba\/wp-json\/wp\/v2\/users\/4"}],"replies":[{"embeddable":true,"href":"https:\/\/agora.xtec.cat\/escolapratdelariba\/wp-json\/wp\/v2\/comments?post=12247"}],"version-history":[{"count":2,"href":"https:\/\/agora.xtec.cat\/escolapratdelariba\/wp-json\/wp\/v2\/posts\/12247\/revisions"}],"predecessor-version":[{"id":12251,"href":"https:\/\/agora.xtec.cat\/escolapratdelariba\/wp-json\/wp\/v2\/posts\/12247\/revisions\/12251"}],"wp:attachment":[{"href":"https:\/\/agora.xtec.cat\/escolapratdelariba\/wp-json\/wp\/v2\/media?parent=12247"}],"wp:term":[{"taxonomy":"category","embeddable":true,"href":"https:\/\/agora.xtec.cat\/escolapratdelariba\/wp-json\/wp\/v2\/categories?post=12247"},{"taxonomy":"post_tag","embeddable":true,"href":"https:\/\/agora.xtec.cat\/escolapratdelariba\/wp-json\/wp\/v2\/tags?post=12247"}],"curies":[{"name":"wp","href":"https:\/\/api.w.org\/{rel}","templated":true}]}}