{"id":12197,"date":"2025-01-28T13:35:36","date_gmt":"2025-01-28T12:35:36","guid":{"rendered":"https:\/\/agora.xtec.cat\/escolapratdelariba\/?p=12197"},"modified":"2025-01-28T13:35:36","modified_gmt":"2025-01-28T12:35:36","slug":"problemes-a-lesprin-3","status":"publish","type":"post","link":"https:\/\/agora.xtec.cat\/escolapratdelariba\/portada\/problemes-a-lesprin-3\/","title":{"rendered":"PROBLEMES A L&#8217;ESPRIN"},"content":{"rendered":"<div style=\"padding: 56.25% 0 0 0; position: relative;\"><iframe loading=\"lazy\" style=\"position: absolute; top: 0; left: 0; width: 100%; height: 100%;\" title=\"PROBLEMES A L\u2019ESRPIN\" src=\"\/\/player.vimeo.com\/video\/1051127762?title=0&amp;amp;byline=0\" width=\"425\" height=\"350\" frameborder=\"0\" data-mce-fragment=\"1\"><\/iframe><\/div>\n<p><script src=\"https:\/\/player.vimeo.com\/api\/player.js\"><\/script><\/p>\n<p>Hola fam\u00edlies,<\/p>\n<p>El passat dimecres 22 de gener es van celebrar el &#8220;Problemes a l&#8217;esprin&#8221;,<!--more--> un concurs on participen molt\u00edssimes escola de Catalunya. La din\u00e0mica \u00e9s molt senzilla, quan entrem a la web de l&#8217;organitzaci\u00f3 per descarregar els problemes \u00e9s posa en marxa un comptador. Quan resolem els problemes, tornem a entrar a la web i introduim les respostes. Si tot \u00e9s correcte s&#8217;atura el comptador.<\/p>\n<p>Una de les coses que m\u00e9s ens agrada d&#8217;aquest concurs \u00e9s resoldre el problemes en petits grups per tal que siguin capa\u00e7os i capaces d&#8217;explicar les seves idees, teories, pensaments&#8230; i entre tots i totes puguin anar trobant els resultats. Posteriorment, compartim aquests resultats amb altres grups per veure si tots hem arribat a la mateixa soluci\u00f3 o cal seguir pensant.<\/p>\n<p>Al v\u00eddeo teniu fotos del dia oficial de la prova, per\u00f2 tamb\u00e9 d&#8217;altres dies on treballem la resoluci\u00f3 de problemes en grup, per preparar-nos per la prova.<\/p>\n","protected":false},"excerpt":{"rendered":"<p>Hola fam\u00edlies, El passat dimecres 22 de gener es van celebrar el &#8220;Problemes a l&#8217;esprin&#8221;,<\/p>\n","protected":false},"author":4,"featured_media":0,"comment_status":"open","ping_status":"closed","sticky":false,"template":"","format":"standard","meta":{"_bbp_topic_count":0,"_bbp_reply_count":0,"_bbp_total_topic_count":0,"_bbp_total_reply_count":0,"_bbp_voice_count":0,"_bbp_anonymous_reply_count":0,"_bbp_topic_count_hidden":0,"_bbp_reply_count_hidden":0,"_bbp_forum_subforum_count":0,"site-sidebar-layout":"default","site-content-layout":"","ast-site-content-layout":"","site-content-style":"default","site-sidebar-style":"default","ast-global-header-display":"","ast-banner-title-visibility":"","ast-main-header-display":"","ast-hfb-above-header-display":"","ast-hfb-below-header-display":"","ast-hfb-mobile-header-display":"","site-post-title":"","ast-breadcrumbs-content":"","ast-featured-img":"","footer-sml-layout":"","theme-transparent-header-meta":"","adv-header-id-meta":"","stick-header-meta":"","header-above-stick-meta":"","header-main-stick-meta":"","header-below-stick-meta":"","astra-migrate-meta-layouts":"default","ast-page-background-enabled":"default","ast-page-background-meta":{"desktop":{"background-color":"var(--ast-global-color-4)","background-image":"","background-repeat":"repeat","background-position":"center center","background-size":"auto","background-attachment":"scroll","background-type":"","background-media":"","overlay-type":"","overlay-color":"","overlay-opacity":"","overlay-gradient":""},"tablet":{"background-color":"","background-image":"","background-repeat":"repeat","background-position":"center center","background-size":"auto","background-attachment":"scroll","background-type":"","background-media":"","overlay-type":"","overlay-color":"","overlay-opacity":"","overlay-gradient":""},"mobile":{"background-color":"","background-image":"","background-repeat":"repeat","background-position":"center center","background-size":"auto","background-attachment":"scroll","background-type":"","background-media":"","overlay-type":"","overlay-color":"","overlay-opacity":"","overlay-gradient":""}},"ast-content-background-meta":{"desktop":{"background-color":"var(--ast-global-color-5)","background-image":"","background-repeat":"repeat","background-position":"center center","background-size":"auto","background-attachment":"scroll","background-type":"","background-media":"","overlay-type":"","overlay-color":"","overlay-opacity":"","overlay-gradient":""},"tablet":{"background-color":"var(--ast-global-color-5)","background-image":"","background-repeat":"repeat","background-position":"center center","background-size":"auto","background-attachment":"scroll","background-type":"","background-media":"","overlay-type":"","overlay-color":"","overlay-opacity":"","overlay-gradient":""},"mobile":{"background-color":"var(--ast-global-color-5)","background-image":"","background-repeat":"repeat","background-position":"center center","background-size":"auto","background-attachment":"scroll","background-type":"","background-media":"","overlay-type":"","overlay-color":"","overlay-opacity":"","overlay-gradient":""}},"footnotes":""},"categories":[53,4],"tags":[],"class_list":["post-12197","post","type-post","status-publish","format-standard","hentry","category-el-bloc-de-cicle-superior","category-portada"],"post_mailing_queue_ids":[],"_links":{"self":[{"href":"https:\/\/agora.xtec.cat\/escolapratdelariba\/wp-json\/wp\/v2\/posts\/12197","targetHints":{"allow":["GET"]}}],"collection":[{"href":"https:\/\/agora.xtec.cat\/escolapratdelariba\/wp-json\/wp\/v2\/posts"}],"about":[{"href":"https:\/\/agora.xtec.cat\/escolapratdelariba\/wp-json\/wp\/v2\/types\/post"}],"author":[{"embeddable":true,"href":"https:\/\/agora.xtec.cat\/escolapratdelariba\/wp-json\/wp\/v2\/users\/4"}],"replies":[{"embeddable":true,"href":"https:\/\/agora.xtec.cat\/escolapratdelariba\/wp-json\/wp\/v2\/comments?post=12197"}],"version-history":[{"count":1,"href":"https:\/\/agora.xtec.cat\/escolapratdelariba\/wp-json\/wp\/v2\/posts\/12197\/revisions"}],"predecessor-version":[{"id":12198,"href":"https:\/\/agora.xtec.cat\/escolapratdelariba\/wp-json\/wp\/v2\/posts\/12197\/revisions\/12198"}],"wp:attachment":[{"href":"https:\/\/agora.xtec.cat\/escolapratdelariba\/wp-json\/wp\/v2\/media?parent=12197"}],"wp:term":[{"taxonomy":"category","embeddable":true,"href":"https:\/\/agora.xtec.cat\/escolapratdelariba\/wp-json\/wp\/v2\/categories?post=12197"},{"taxonomy":"post_tag","embeddable":true,"href":"https:\/\/agora.xtec.cat\/escolapratdelariba\/wp-json\/wp\/v2\/tags?post=12197"}],"curies":[{"name":"wp","href":"https:\/\/api.w.org\/{rel}","templated":true}]}}