{"id":12044,"date":"2024-09-23T09:58:56","date_gmt":"2024-09-23T07:58:56","guid":{"rendered":"https:\/\/agora.xtec.cat\/escolapratdelariba\/?p=12044"},"modified":"2025-01-15T14:10:56","modified_gmt":"2025-01-15T13:10:56","slug":"ja-som-a-cicle-superior","status":"publish","type":"post","link":"https:\/\/agora.xtec.cat\/escolapratdelariba\/portada\/ja-som-a-cicle-superior\/","title":{"rendered":"JA SOM A CICLE SUPERIOR"},"content":{"rendered":"<p>Hola fam\u00edlies,<\/p>\n<p>Ja estem al cicle superior!!! Canviar de cicle sempre suposa canvis i un repte a superar. Segur que la Marina i la Lorena ens ajudaran i gaudirem molt\u00edssim!!!! Aquest curs tenim noves incorporacions, el David i l&#8217;Ariana a 5\u00e8 A i el Thiago i l&#8217;Isa\u00edas a 5\u00e8 B.<\/p>\n<p><a href=\"https:\/\/agora.xtec.cat\/escolapratdelariba\/wp-content\/uploads\/usu534\/2024\/09\/IMG_8782-300x225-1.jpg\"><img loading=\"lazy\" decoding=\"async\" class=\"aligncenter  wp-image-12087\" src=\"https:\/\/agora.xtec.cat\/escolapratdelariba\/wp-content\/uploads\/usu534\/2024\/09\/IMG_8782-300x225-1.jpg\" alt=\"\" width=\"406\" height=\"304\" srcset=\"https:\/\/agora.xtec.cat\/escolapratdelariba\/wp-content\/uploads\/usu534\/2024\/09\/IMG_8782-300x225-1.jpg 300w, https:\/\/agora.xtec.cat\/escolapratdelariba\/wp-content\/uploads\/usu534\/2024\/09\/IMG_8782-300x225-1-200x150.jpg 200w\" sizes=\"auto, (max-width: 406px) 100vw, 406px\" \/><\/a><\/p>\n<p><a href=\"https:\/\/agora.xtec.cat\/escolapratdelariba\/wp-content\/uploads\/usu534\/2024\/09\/20240916_151102-1.jpg\"><img loading=\"lazy\" decoding=\"async\" class=\"aligncenter wp-image-12046\" src=\"https:\/\/agora.xtec.cat\/escolapratdelariba\/wp-content\/uploads\/usu534\/2024\/09\/20240916_151102-1-300x225.jpg\" alt=\"\" width=\"409\" height=\"307\" srcset=\"https:\/\/agora.xtec.cat\/escolapratdelariba\/wp-content\/uploads\/usu534\/2024\/09\/20240916_151102-1-300x225.jpg 300w, https:\/\/agora.xtec.cat\/escolapratdelariba\/wp-content\/uploads\/usu534\/2024\/09\/20240916_151102-1-1024x768.jpg 1024w, https:\/\/agora.xtec.cat\/escolapratdelariba\/wp-content\/uploads\/usu534\/2024\/09\/20240916_151102-1-768x576.jpg 768w, https:\/\/agora.xtec.cat\/escolapratdelariba\/wp-content\/uploads\/usu534\/2024\/09\/20240916_151102-1-1536x1152.jpg 1536w, https:\/\/agora.xtec.cat\/escolapratdelariba\/wp-content\/uploads\/usu534\/2024\/09\/20240916_151102-1-200x150.jpg 200w, https:\/\/agora.xtec.cat\/escolapratdelariba\/wp-content\/uploads\/usu534\/2024\/09\/20240916_151102-1.jpg 1935w\" sizes=\"auto, (max-width: 409px) 100vw, 409px\" \/><\/a><\/p>\n","protected":false},"excerpt":{"rendered":"<p>Hola fam\u00edlies, Ja estem al cicle superior!!! Canviar de cicle sempre suposa canvis i un repte a superar. Segur que la Marina i la Lorena ens ajudaran i gaudirem molt\u00edssim!!!! Aquest curs tenim noves incorporacions, el David i l&#8217;Ariana a 5\u00e8 A i el Thiago i l&#8217;Isa\u00edas a 5\u00e8 B.<\/p>\n","protected":false},"author":4,"featured_media":0,"comment_status":"open","ping_status":"closed","sticky":false,"template":"","format":"standard","meta":{"_bbp_topic_count":0,"_bbp_reply_count":0,"_bbp_total_topic_count":0,"_bbp_total_reply_count":0,"_bbp_voice_count":0,"_bbp_anonymous_reply_count":0,"_bbp_topic_count_hidden":0,"_bbp_reply_count_hidden":0,"_bbp_forum_subforum_count":0,"site-sidebar-layout":"default","site-content-layout":"","ast-site-content-layout":"","site-content-style":"default","site-sidebar-style":"default","ast-global-header-display":"","ast-banner-title-visibility":"","ast-main-header-display":"","ast-hfb-above-header-display":"","ast-hfb-below-header-display":"","ast-hfb-mobile-header-display":"","site-post-title":"","ast-breadcrumbs-content":"","ast-featured-img":"","footer-sml-layout":"","theme-transparent-header-meta":"","adv-header-id-meta":"","stick-header-meta":"","header-above-stick-meta":"","header-main-stick-meta":"","header-below-stick-meta":"","astra-migrate-meta-layouts":"default","ast-page-background-enabled":"default","ast-page-background-meta":{"desktop":{"background-color":"var(--ast-global-color-4)","background-image":"","background-repeat":"repeat","background-position":"center center","background-size":"auto","background-attachment":"scroll","background-type":"","background-media":"","overlay-type":"","overlay-color":"","overlay-opacity":"","overlay-gradient":""},"tablet":{"background-color":"","background-image":"","background-repeat":"repeat","background-position":"center center","background-size":"auto","background-attachment":"scroll","background-type":"","background-media":"","overlay-type":"","overlay-color":"","overlay-opacity":"","overlay-gradient":""},"mobile":{"background-color":"","background-image":"","background-repeat":"repeat","background-position":"center center","background-size":"auto","background-attachment":"scroll","background-type":"","background-media":"","overlay-type":"","overlay-color":"","overlay-opacity":"","overlay-gradient":""}},"ast-content-background-meta":{"desktop":{"background-color":"var(--ast-global-color-5)","background-image":"","background-repeat":"repeat","background-position":"center center","background-size":"auto","background-attachment":"scroll","background-type":"","background-media":"","overlay-type":"","overlay-color":"","overlay-opacity":"","overlay-gradient":""},"tablet":{"background-color":"var(--ast-global-color-5)","background-image":"","background-repeat":"repeat","background-position":"center center","background-size":"auto","background-attachment":"scroll","background-type":"","background-media":"","overlay-type":"","overlay-color":"","overlay-opacity":"","overlay-gradient":""},"mobile":{"background-color":"var(--ast-global-color-5)","background-image":"","background-repeat":"repeat","background-position":"center center","background-size":"auto","background-attachment":"scroll","background-type":"","background-media":"","overlay-type":"","overlay-color":"","overlay-opacity":"","overlay-gradient":""}},"footnotes":""},"categories":[53,4],"tags":[],"class_list":["post-12044","post","type-post","status-publish","format-standard","hentry","category-el-bloc-de-cicle-superior","category-portada"],"post_mailing_queue_ids":[],"_links":{"self":[{"href":"https:\/\/agora.xtec.cat\/escolapratdelariba\/wp-json\/wp\/v2\/posts\/12044","targetHints":{"allow":["GET"]}}],"collection":[{"href":"https:\/\/agora.xtec.cat\/escolapratdelariba\/wp-json\/wp\/v2\/posts"}],"about":[{"href":"https:\/\/agora.xtec.cat\/escolapratdelariba\/wp-json\/wp\/v2\/types\/post"}],"author":[{"embeddable":true,"href":"https:\/\/agora.xtec.cat\/escolapratdelariba\/wp-json\/wp\/v2\/users\/4"}],"replies":[{"embeddable":true,"href":"https:\/\/agora.xtec.cat\/escolapratdelariba\/wp-json\/wp\/v2\/comments?post=12044"}],"version-history":[{"count":2,"href":"https:\/\/agora.xtec.cat\/escolapratdelariba\/wp-json\/wp\/v2\/posts\/12044\/revisions"}],"predecessor-version":[{"id":12088,"href":"https:\/\/agora.xtec.cat\/escolapratdelariba\/wp-json\/wp\/v2\/posts\/12044\/revisions\/12088"}],"wp:attachment":[{"href":"https:\/\/agora.xtec.cat\/escolapratdelariba\/wp-json\/wp\/v2\/media?parent=12044"}],"wp:term":[{"taxonomy":"category","embeddable":true,"href":"https:\/\/agora.xtec.cat\/escolapratdelariba\/wp-json\/wp\/v2\/categories?post=12044"},{"taxonomy":"post_tag","embeddable":true,"href":"https:\/\/agora.xtec.cat\/escolapratdelariba\/wp-json\/wp\/v2\/tags?post=12044"}],"curies":[{"name":"wp","href":"https:\/\/api.w.org\/{rel}","templated":true}]}}