{"id":11992,"date":"2024-05-23T13:39:22","date_gmt":"2024-05-23T11:39:22","guid":{"rendered":"https:\/\/agora.xtec.cat\/escolapratdelariba\/?p=11992"},"modified":"2024-05-23T14:00:59","modified_gmt":"2024-05-23T12:00:59","slug":"les-trobades-del-cafe-del-prat-un-espai-per-compartir","status":"publish","type":"post","link":"https:\/\/agora.xtec.cat\/escolapratdelariba\/biblioteca\/les-trobades-del-cafe-del-prat-un-espai-per-compartir\/","title":{"rendered":"Les trobades del Caf\u00e8 del Prat, un espai per compartir."},"content":{"rendered":"<p style=\"text-align: justify;\"><span style=\"font-weight: 400;\">Un parell de cops al trimestre a la biblioteca escolar organitzem \u201cEl Caf\u00e8 del Prat\u201d, unes trobades per les fam\u00edlies de la nostra escola. Es tracta d\u2019un espai per compartir com gestionar situacions que es poden donar en el dia a dia amb els infants a trav\u00e9s de la lectura.\u00a0<\/span>La idea \u00e9s oferir a les fam\u00edlies un moment de calma on poder expressar neguits i intercanviar experi\u00e8ncies. Per contribuir aquests bon ambient, mentre es porta a terme la tert\u00falies les fam\u00edlies poden fer un caf\u00e8; d&#8217;aqu\u00ed el t\u00edtol de l&#8217;experi\u00e8ncia. <span style=\"font-family: inherit; font-size: 1em;\">Es duen a terme els divendres a la tarda a la biblioteca de l\u2019escola mentre els nens i nenes estan a classe, amb l\u2019organitzaci\u00f3 i conducci\u00f3 de la sessi\u00f3 per part de la mestra responsable de biblioteca i una altra mestra de l\u2019escola.<\/span><\/p>\n<p style=\"text-align: justify;\"><span style=\"font-weight: 400;\"><a href=\"https:\/\/agora.xtec.cat\/escolapratdelariba\/wp-content\/uploads\/usu534\/2024\/05\/WhatsApp-Image-2024-05-23-at-13.35.13.jpeg\"><img loading=\"lazy\" decoding=\"async\" class=\"size-medium wp-image-11993 alignright\" src=\"https:\/\/agora.xtec.cat\/escolapratdelariba\/wp-content\/uploads\/usu534\/2024\/05\/WhatsApp-Image-2024-05-23-at-13.35.13-300x300.jpeg\" alt=\"\" width=\"300\" height=\"300\" srcset=\"https:\/\/agora.xtec.cat\/escolapratdelariba\/wp-content\/uploads\/usu534\/2024\/05\/WhatsApp-Image-2024-05-23-at-13.35.13-300x300.jpeg 300w, https:\/\/agora.xtec.cat\/escolapratdelariba\/wp-content\/uploads\/usu534\/2024\/05\/WhatsApp-Image-2024-05-23-at-13.35.13-1024x1022.jpeg 1024w, https:\/\/agora.xtec.cat\/escolapratdelariba\/wp-content\/uploads\/usu534\/2024\/05\/WhatsApp-Image-2024-05-23-at-13.35.13-150x150.jpeg 150w, https:\/\/agora.xtec.cat\/escolapratdelariba\/wp-content\/uploads\/usu534\/2024\/05\/WhatsApp-Image-2024-05-23-at-13.35.13-768x767.jpeg 768w, https:\/\/agora.xtec.cat\/escolapratdelariba\/wp-content\/uploads\/usu534\/2024\/05\/WhatsApp-Image-2024-05-23-at-13.35.13.jpeg 1080w\" sizes=\"auto, (max-width: 300px) 100vw, 300px\" \/><\/a><\/span><\/p>\n<p style=\"text-align: justify;\"><span style=\"font-weight: 400;\">\u00a0Per cada sessi\u00f3, es prepara una bossa amb un recull de llibres relacionats amb una tem\u00e0tica concreta (per exemple, gesti\u00f3 de pantalles o l\u2019autoestima i l\u2019acceptaci\u00f3). Durant la sessi\u00f3, les mestres introdueixen el tema a tractar, presenten els llibres i n\u2019expliquen un com si ho fessin als infants. A partir de la lectura, es genera una tert\u00falia\/debat entre les fam\u00edlies entorn la tem\u00e0tica tractada. En acabar la sessi\u00f3, per torns, les fam\u00edlies que ho sol\u00b7liciten es poden endur la bossa en pr\u00e9stec durant uns dies a casa per compartir els contes amb les criatures.<\/span><\/p>\n<p style=\"text-align: justify;\"><span style=\"font-weight: 400;\">L\u2019\u00faltima sessi\u00f3 realitzada s\u2019anomenava \u201cI si en parlem?\u201d i abordava la gesti\u00f3 i resoluci\u00f3 de conflictes. Com a exemple de la bibliografia compartida a cada sessi\u00f3, aqu\u00ed podeu consultar una mostra: <\/span><a href=\"https:\/\/agora.xtec.cat\/escolapratdelariba\/general\/bibliografia-el-cafe-del-prat\/\"><span style=\"font-weight: 400;\">https:\/\/agora.xtec.cat\/escolapratdelariba\/general\/bibliografia-el-cafe-del-prat\/<\/span><\/a><span style=\"font-weight: 400;\">\u00a0<\/span><\/p>\n<p style=\"text-align: justify;\"><span style=\"font-weight: 400;\">\u00c9s una iniciativa que fa ja tres cursos que es realitza amb gran \u00e8xit entre les fam\u00edlies, que agraeixen que la biblioteca els ofereixi un espai per compartir neguits i estrat\u00e8gies.<\/span><\/p>\n","protected":false},"excerpt":{"rendered":"<p>Un parell de cops al trimestre a la biblioteca escolar organitzem \u201cEl Caf\u00e8 del Prat\u201d, unes trobades per les fam\u00edlies de la nostra escola. Es tracta d\u2019un espai per compartir com gestionar situacions que es poden donar en el dia a dia amb els infants a trav\u00e9s de la lectura.\u00a0La idea \u00e9s oferir a les [&hellip;]<\/p>\n","protected":false},"author":4,"featured_media":0,"comment_status":"open","ping_status":"closed","sticky":false,"template":"","format":"standard","meta":{"_bbp_topic_count":0,"_bbp_reply_count":0,"_bbp_total_topic_count":0,"_bbp_total_reply_count":0,"_bbp_voice_count":0,"_bbp_anonymous_reply_count":0,"_bbp_topic_count_hidden":0,"_bbp_reply_count_hidden":0,"_bbp_forum_subforum_count":0,"site-sidebar-layout":"default","site-content-layout":"","ast-site-content-layout":"","site-content-style":"default","site-sidebar-style":"default","ast-global-header-display":"","ast-banner-title-visibility":"","ast-main-header-display":"","ast-hfb-above-header-display":"","ast-hfb-below-header-display":"","ast-hfb-mobile-header-display":"","site-post-title":"","ast-breadcrumbs-content":"","ast-featured-img":"","footer-sml-layout":"","theme-transparent-header-meta":"","adv-header-id-meta":"","stick-header-meta":"","header-above-stick-meta":"","header-main-stick-meta":"","header-below-stick-meta":"","astra-migrate-meta-layouts":"default","ast-page-background-enabled":"default","ast-page-background-meta":{"desktop":{"background-color":"var(--ast-global-color-4)","background-image":"","background-repeat":"repeat","background-position":"center center","background-size":"auto","background-attachment":"scroll","background-type":"","background-media":"","overlay-type":"","overlay-color":"","overlay-opacity":"","overlay-gradient":""},"tablet":{"background-color":"","background-image":"","background-repeat":"repeat","background-position":"center center","background-size":"auto","background-attachment":"scroll","background-type":"","background-media":"","overlay-type":"","overlay-color":"","overlay-opacity":"","overlay-gradient":""},"mobile":{"background-color":"","background-image":"","background-repeat":"repeat","background-position":"center center","background-size":"auto","background-attachment":"scroll","background-type":"","background-media":"","overlay-type":"","overlay-color":"","overlay-opacity":"","overlay-gradient":""}},"ast-content-background-meta":{"desktop":{"background-color":"var(--ast-global-color-5)","background-image":"","background-repeat":"repeat","background-position":"center center","background-size":"auto","background-attachment":"scroll","background-type":"","background-media":"","overlay-type":"","overlay-color":"","overlay-opacity":"","overlay-gradient":""},"tablet":{"background-color":"var(--ast-global-color-5)","background-image":"","background-repeat":"repeat","background-position":"center center","background-size":"auto","background-attachment":"scroll","background-type":"","background-media":"","overlay-type":"","overlay-color":"","overlay-opacity":"","overlay-gradient":""},"mobile":{"background-color":"var(--ast-global-color-5)","background-image":"","background-repeat":"repeat","background-position":"center center","background-size":"auto","background-attachment":"scroll","background-type":"","background-media":"","overlay-type":"","overlay-color":"","overlay-opacity":"","overlay-gradient":""}},"footnotes":""},"categories":[48],"tags":[61,62,63],"class_list":["post-11992","post","type-post","status-publish","format-standard","hentry","category-biblioteca","tag-biblioteca","tag-cafe-del-prat","tag-families"],"post_mailing_queue_ids":[],"_links":{"self":[{"href":"https:\/\/agora.xtec.cat\/escolapratdelariba\/wp-json\/wp\/v2\/posts\/11992","targetHints":{"allow":["GET"]}}],"collection":[{"href":"https:\/\/agora.xtec.cat\/escolapratdelariba\/wp-json\/wp\/v2\/posts"}],"about":[{"href":"https:\/\/agora.xtec.cat\/escolapratdelariba\/wp-json\/wp\/v2\/types\/post"}],"author":[{"embeddable":true,"href":"https:\/\/agora.xtec.cat\/escolapratdelariba\/wp-json\/wp\/v2\/users\/4"}],"replies":[{"embeddable":true,"href":"https:\/\/agora.xtec.cat\/escolapratdelariba\/wp-json\/wp\/v2\/comments?post=11992"}],"version-history":[{"count":5,"href":"https:\/\/agora.xtec.cat\/escolapratdelariba\/wp-json\/wp\/v2\/posts\/11992\/revisions"}],"predecessor-version":[{"id":11997,"href":"https:\/\/agora.xtec.cat\/escolapratdelariba\/wp-json\/wp\/v2\/posts\/11992\/revisions\/11997"}],"wp:attachment":[{"href":"https:\/\/agora.xtec.cat\/escolapratdelariba\/wp-json\/wp\/v2\/media?parent=11992"}],"wp:term":[{"taxonomy":"category","embeddable":true,"href":"https:\/\/agora.xtec.cat\/escolapratdelariba\/wp-json\/wp\/v2\/categories?post=11992"},{"taxonomy":"post_tag","embeddable":true,"href":"https:\/\/agora.xtec.cat\/escolapratdelariba\/wp-json\/wp\/v2\/tags?post=11992"}],"curies":[{"name":"wp","href":"https:\/\/api.w.org\/{rel}","templated":true}]}}