{"id":11990,"date":"2024-05-16T14:19:05","date_gmt":"2024-05-16T12:19:05","guid":{"rendered":"https:\/\/agora.xtec.cat\/escolapratdelariba\/?p=11990"},"modified":"2024-05-16T14:19:05","modified_gmt":"2024-05-16T12:19:05","slug":"cursa-solidaria-run-to-help-persones-amb-autisme","status":"publish","type":"post","link":"https:\/\/agora.xtec.cat\/escolapratdelariba\/general\/cursa-solidaria-run-to-help-persones-amb-autisme\/","title":{"rendered":"CURSA SOLID\u00c0RIA, Run to help persones amb autisme"},"content":{"rendered":"<div style=\"padding: 56.25% 0 0 0; position: relative;\"><iframe loading=\"lazy\" style=\"position: absolute; top: 0; left: 0; width: 100%; height: 100%;\" title=\"CURSA SOLID\u00c0RIA 2024\" src=\"\/\/player.vimeo.com\/video\/946959615?title=0&amp;amp;byline=0\" width=\"425\" height=\"350\" frameborder=\"0\" data-mce-fragment=\"1\"><\/iframe><\/div>\n<p><script src=\"https:\/\/player.vimeo.com\/api\/player.js\"><\/script><\/p>\n<p>Hola fam\u00edlies,<\/p>\n<p>El passat dilluns 22 d&#8217;abril vam celebrar un any m\u00e9s, la cursa solid\u00e0ria de l&#8217;escola.<!--more--> En aquesta edici\u00f3 els nois i noies de sis\u00e8 van triar l&#8217;entitat &#8220;Aprenenm autisme&#8221; per col\u00b7laborar en el projecte. Moltes gr\u00e0cies a la Laia per venir a fer un taller a classe de sis\u00e8, amb el qual vam aprendre molt. Tamb\u00e9 agrair a la Susi Cord\u00f3n i a la Kati G\u00f3mez que van venir el dia de la cursa, ens van dirigir unes paraules i van posar una paradeta amb el merxandatge de l&#8217;associaci\u00f3.<\/p>\n<p>Tamb\u00e9 van participar de l&#8217;acte la Montse Zamora i la Montse P\u00e9rez, regidores d&#8217;esports i d&#8217;educaci\u00f3 de l&#8217;ajuntament d&#8217;Esplugues, i la Marta Monterde i la Mireia Badell del Centre de Recursos Pedag\u00f2gics.<\/p>\n<p>I per acabar, agrair a totes les fam\u00edlies que vau venir, que vau col\u00b7laborar comprant a la paradeta d&#8217;Aprenem Autisme i que vau participar a la cursa oberta a tota la comunitat educativa.<\/p>\n","protected":false},"excerpt":{"rendered":"<p>Hola fam\u00edlies, El passat dilluns 22 d&#8217;abril vam celebrar un any m\u00e9s, la cursa solid\u00e0ria de l&#8217;escola.<\/p>\n","protected":false},"author":4,"featured_media":0,"comment_status":"open","ping_status":"closed","sticky":false,"template":"","format":"standard","meta":{"_bbp_topic_count":0,"_bbp_reply_count":0,"_bbp_total_topic_count":0,"_bbp_total_reply_count":0,"_bbp_voice_count":0,"_bbp_anonymous_reply_count":0,"_bbp_topic_count_hidden":0,"_bbp_reply_count_hidden":0,"_bbp_forum_subforum_count":0,"site-sidebar-layout":"default","site-content-layout":"","ast-site-content-layout":"","site-content-style":"default","site-sidebar-style":"default","ast-global-header-display":"","ast-banner-title-visibility":"","ast-main-header-display":"","ast-hfb-above-header-display":"","ast-hfb-below-header-display":"","ast-hfb-mobile-header-display":"","site-post-title":"","ast-breadcrumbs-content":"","ast-featured-img":"","footer-sml-layout":"","theme-transparent-header-meta":"","adv-header-id-meta":"","stick-header-meta":"","header-above-stick-meta":"","header-main-stick-meta":"","header-below-stick-meta":"","astra-migrate-meta-layouts":"default","ast-page-background-enabled":"default","ast-page-background-meta":{"desktop":{"background-color":"var(--ast-global-color-4)","background-image":"","background-repeat":"repeat","background-position":"center center","background-size":"auto","background-attachment":"scroll","background-type":"","background-media":"","overlay-type":"","overlay-color":"","overlay-opacity":"","overlay-gradient":""},"tablet":{"background-color":"","background-image":"","background-repeat":"repeat","background-position":"center center","background-size":"auto","background-attachment":"scroll","background-type":"","background-media":"","overlay-type":"","overlay-color":"","overlay-opacity":"","overlay-gradient":""},"mobile":{"background-color":"","background-image":"","background-repeat":"repeat","background-position":"center center","background-size":"auto","background-attachment":"scroll","background-type":"","background-media":"","overlay-type":"","overlay-color":"","overlay-opacity":"","overlay-gradient":""}},"ast-content-background-meta":{"desktop":{"background-color":"var(--ast-global-color-5)","background-image":"","background-repeat":"repeat","background-position":"center center","background-size":"auto","background-attachment":"scroll","background-type":"","background-media":"","overlay-type":"","overlay-color":"","overlay-opacity":"","overlay-gradient":""},"tablet":{"background-color":"var(--ast-global-color-5)","background-image":"","background-repeat":"repeat","background-position":"center center","background-size":"auto","background-attachment":"scroll","background-type":"","background-media":"","overlay-type":"","overlay-color":"","overlay-opacity":"","overlay-gradient":""},"mobile":{"background-color":"var(--ast-global-color-5)","background-image":"","background-repeat":"repeat","background-position":"center center","background-size":"auto","background-attachment":"scroll","background-type":"","background-media":"","overlay-type":"","overlay-color":"","overlay-opacity":"","overlay-gradient":""}},"footnotes":""},"categories":[1,4],"tags":[],"class_list":["post-11990","post","type-post","status-publish","format-standard","hentry","category-general","category-portada"],"post_mailing_queue_ids":[],"_links":{"self":[{"href":"https:\/\/agora.xtec.cat\/escolapratdelariba\/wp-json\/wp\/v2\/posts\/11990","targetHints":{"allow":["GET"]}}],"collection":[{"href":"https:\/\/agora.xtec.cat\/escolapratdelariba\/wp-json\/wp\/v2\/posts"}],"about":[{"href":"https:\/\/agora.xtec.cat\/escolapratdelariba\/wp-json\/wp\/v2\/types\/post"}],"author":[{"embeddable":true,"href":"https:\/\/agora.xtec.cat\/escolapratdelariba\/wp-json\/wp\/v2\/users\/4"}],"replies":[{"embeddable":true,"href":"https:\/\/agora.xtec.cat\/escolapratdelariba\/wp-json\/wp\/v2\/comments?post=11990"}],"version-history":[{"count":1,"href":"https:\/\/agora.xtec.cat\/escolapratdelariba\/wp-json\/wp\/v2\/posts\/11990\/revisions"}],"predecessor-version":[{"id":11991,"href":"https:\/\/agora.xtec.cat\/escolapratdelariba\/wp-json\/wp\/v2\/posts\/11990\/revisions\/11991"}],"wp:attachment":[{"href":"https:\/\/agora.xtec.cat\/escolapratdelariba\/wp-json\/wp\/v2\/media?parent=11990"}],"wp:term":[{"taxonomy":"category","embeddable":true,"href":"https:\/\/agora.xtec.cat\/escolapratdelariba\/wp-json\/wp\/v2\/categories?post=11990"},{"taxonomy":"post_tag","embeddable":true,"href":"https:\/\/agora.xtec.cat\/escolapratdelariba\/wp-json\/wp\/v2\/tags?post=11990"}],"curies":[{"name":"wp","href":"https:\/\/api.w.org\/{rel}","templated":true}]}}