{"id":11470,"date":"2023-04-12T12:20:15","date_gmt":"2023-04-12T10:20:15","guid":{"rendered":"https:\/\/agora.xtec.cat\/escolapratdelariba\/?p=11470"},"modified":"2023-04-20T12:16:12","modified_gmt":"2023-04-20T10:16:12","slug":"taller-quina-tela","status":"publish","type":"post","link":"https:\/\/agora.xtec.cat\/escolapratdelariba\/blocs\/taller-quina-tela\/","title":{"rendered":"Taller: Quina Tela!"},"content":{"rendered":"<p>Ahir els i les\u00a0 alumnes de cicle superior vam fer el taller Quina Tela!\u00a0 Aquesta activitat ens ha perm\u00e9s aprofundir sobre l&#8217;origen i la confecci\u00f3 de la roba que utilitzem a diari, ens ha conscienciat sobre el proc\u00e8s de fabricaci\u00f3 de la roba i les condicions de les treballadores i treballadors, a m\u00e9s de la contaminaci\u00f3 i la despesa d&#8217;aigua que porta. Tanmateix, hem apr\u00e9s com podem reduir i prevenir la generaci\u00f3 de residus t\u00e8xtils. Tamb\u00e9 hem fet \u00e8mfasi en els h\u00e0bits sostenibles i les bones pr\u00e0ctiques en relaci\u00f3 amb el consum i a les 3R (reduir, reutilitzar i reciclar)<br \/>\nPer \u00faltim, hem acabat el taller fabricant un portaentrepans (\u00a0<em>Boc&amp;roll)<\/em>. Ens ho hem passat molt b\u00e9!<\/p>\n<p>Us deixem un v\u00eddeo del taller<\/p>\n<div style=\"width: 1920px;\" class=\"wp-video\"><!--[if lt IE 9]><script>document.createElement('video');<\/script><![endif]-->\n<video class=\"wp-video-shortcode\" id=\"video-11470-1\" width=\"1920\" height=\"1080\" preload=\"metadata\" controls=\"controls\"><source type=\"video\/mp4\" src=\"https:\/\/agora.xtec.cat\/escolapratdelariba\/wp-content\/uploads\/usu534\/2023\/04\/Diseno-sin-titulo.mp4?_=1\" \/><a href=\"https:\/\/agora.xtec.cat\/escolapratdelariba\/wp-content\/uploads\/usu534\/2023\/04\/Diseno-sin-titulo.mp4\">https:\/\/agora.xtec.cat\/escolapratdelariba\/wp-content\/uploads\/usu534\/2023\/04\/Diseno-sin-titulo.mp4<\/a><\/video><\/div>\n","protected":false},"excerpt":{"rendered":"<p>Ahir els i les\u00a0 alumnes de cicle superior vam fer el taller Quina Tela!\u00a0 Aquesta activitat ens ha perm\u00e9s aprofundir sobre l&#8217;origen i la confecci\u00f3 de la roba que utilitzem a diari, ens ha conscienciat sobre el proc\u00e8s de fabricaci\u00f3 de la roba i les condicions de les treballadores i treballadors, a m\u00e9s de la [&hellip;]<\/p>\n","protected":false},"author":4,"featured_media":0,"comment_status":"open","ping_status":"closed","sticky":false,"template":"","format":"standard","meta":{"_bbp_topic_count":0,"_bbp_reply_count":0,"_bbp_total_topic_count":0,"_bbp_total_reply_count":0,"_bbp_voice_count":0,"_bbp_anonymous_reply_count":0,"_bbp_topic_count_hidden":0,"_bbp_reply_count_hidden":0,"_bbp_forum_subforum_count":0,"site-sidebar-layout":"default","site-content-layout":"","ast-site-content-layout":"","site-content-style":"default","site-sidebar-style":"default","ast-global-header-display":"","ast-banner-title-visibility":"","ast-main-header-display":"","ast-hfb-above-header-display":"","ast-hfb-below-header-display":"","ast-hfb-mobile-header-display":"","site-post-title":"","ast-breadcrumbs-content":"","ast-featured-img":"","footer-sml-layout":"","theme-transparent-header-meta":"","adv-header-id-meta":"","stick-header-meta":"","header-above-stick-meta":"","header-main-stick-meta":"","header-below-stick-meta":"","astra-migrate-meta-layouts":"default","ast-page-background-enabled":"default","ast-page-background-meta":{"desktop":{"background-color":"var(--ast-global-color-4)","background-image":"","background-repeat":"repeat","background-position":"center center","background-size":"auto","background-attachment":"scroll","background-type":"","background-media":"","overlay-type":"","overlay-color":"","overlay-opacity":"","overlay-gradient":""},"tablet":{"background-color":"","background-image":"","background-repeat":"repeat","background-position":"center center","background-size":"auto","background-attachment":"scroll","background-type":"","background-media":"","overlay-type":"","overlay-color":"","overlay-opacity":"","overlay-gradient":""},"mobile":{"background-color":"","background-image":"","background-repeat":"repeat","background-position":"center center","background-size":"auto","background-attachment":"scroll","background-type":"","background-media":"","overlay-type":"","overlay-color":"","overlay-opacity":"","overlay-gradient":""}},"ast-content-background-meta":{"desktop":{"background-color":"var(--ast-global-color-5)","background-image":"","background-repeat":"repeat","background-position":"center center","background-size":"auto","background-attachment":"scroll","background-type":"","background-media":"","overlay-type":"","overlay-color":"","overlay-opacity":"","overlay-gradient":""},"tablet":{"background-color":"var(--ast-global-color-5)","background-image":"","background-repeat":"repeat","background-position":"center center","background-size":"auto","background-attachment":"scroll","background-type":"","background-media":"","overlay-type":"","overlay-color":"","overlay-opacity":"","overlay-gradient":""},"mobile":{"background-color":"var(--ast-global-color-5)","background-image":"","background-repeat":"repeat","background-position":"center center","background-size":"auto","background-attachment":"scroll","background-type":"","background-media":"","overlay-type":"","overlay-color":"","overlay-opacity":"","overlay-gradient":""}},"footnotes":""},"categories":[50,53],"tags":[],"class_list":["post-11470","post","type-post","status-publish","format-standard","hentry","category-blocs","category-el-bloc-de-cicle-superior"],"post_mailing_queue_ids":[],"_links":{"self":[{"href":"https:\/\/agora.xtec.cat\/escolapratdelariba\/wp-json\/wp\/v2\/posts\/11470","targetHints":{"allow":["GET"]}}],"collection":[{"href":"https:\/\/agora.xtec.cat\/escolapratdelariba\/wp-json\/wp\/v2\/posts"}],"about":[{"href":"https:\/\/agora.xtec.cat\/escolapratdelariba\/wp-json\/wp\/v2\/types\/post"}],"author":[{"embeddable":true,"href":"https:\/\/agora.xtec.cat\/escolapratdelariba\/wp-json\/wp\/v2\/users\/4"}],"replies":[{"embeddable":true,"href":"https:\/\/agora.xtec.cat\/escolapratdelariba\/wp-json\/wp\/v2\/comments?post=11470"}],"version-history":[{"count":2,"href":"https:\/\/agora.xtec.cat\/escolapratdelariba\/wp-json\/wp\/v2\/posts\/11470\/revisions"}],"predecessor-version":[{"id":11476,"href":"https:\/\/agora.xtec.cat\/escolapratdelariba\/wp-json\/wp\/v2\/posts\/11470\/revisions\/11476"}],"wp:attachment":[{"href":"https:\/\/agora.xtec.cat\/escolapratdelariba\/wp-json\/wp\/v2\/media?parent=11470"}],"wp:term":[{"taxonomy":"category","embeddable":true,"href":"https:\/\/agora.xtec.cat\/escolapratdelariba\/wp-json\/wp\/v2\/categories?post=11470"},{"taxonomy":"post_tag","embeddable":true,"href":"https:\/\/agora.xtec.cat\/escolapratdelariba\/wp-json\/wp\/v2\/tags?post=11470"}],"curies":[{"name":"wp","href":"https:\/\/api.w.org\/{rel}","templated":true}]}}