{"id":11383,"date":"2023-03-07T13:20:42","date_gmt":"2023-03-07T12:20:42","guid":{"rendered":"https:\/\/agora.xtec.cat\/escolapratdelariba\/?p=11383"},"modified":"2023-03-16T14:02:37","modified_gmt":"2023-03-16T13:02:37","slug":"1r-participa-a-lenigma-de-la-biblioteca","status":"publish","type":"post","link":"https:\/\/agora.xtec.cat\/escolapratdelariba\/biblioteca\/1r-participa-a-lenigma-de-la-biblioteca\/","title":{"rendered":"1r PARTICIPA A L&#8217;ENIGMA DE LA BIBLIOTECA"},"content":{"rendered":"<div style=\"padding: 75% 0 0 0; position: relative;\"><iframe style=\"position: absolute; top: 0; left: 0; width: 100%; height: 100%;\" title=\"CI - Enigma biblioteca 1rA.mp4\" src=\"https:\/\/player.vimeo.com\/video\/805507367?h=dea623b66c&amp;badge=0&amp;autopause=0&amp;player_id=0&amp;app_id=58479\" frameborder=\"0\" allowfullscreen=\"allowfullscreen\"><\/iframe><\/div>\n<p><script src=\"https:\/\/player.vimeo.com\/api\/player.js\"><\/script><br \/>\nCada trimestre les dinamitzadores de la biblioteca proposen un enigma als infants de prim\u00e0ria. Fins ara havien estat molt dif\u00edcils per als nois i noies de Cicle Inicial, per\u00f2 aquesta vegada els companys de 6\u00e8 van tenir una molt bona idea, a trav\u00e9s de pictogrames s&#8217;havien de descobrir personatges de contes populars.<!--more--><br \/>\nEls infants de 1r van estar pensant i, entre totes i totes, van resoldre els 8 enigmes. Per participar havien d&#8217;escriure els noms dels personatges en un full que despr\u00e9s havien d&#8217;introduir a la b\u00fastia dels enigmes.<br \/>\nSi tenim sort, potser alg\u00fa \u00e9s el guanyador o guanyadora en el sorteig que es far\u00e0 agafant un dels papers participants.<\/p>\n","protected":false},"excerpt":{"rendered":"<p>Cada trimestre les dinamitzadores de la biblioteca proposen un enigma als infants de prim\u00e0ria. Fins ara havien estat molt dif\u00edcils per als nois i noies de Cicle Inicial, per\u00f2 aquesta vegada els companys de 6\u00e8 van tenir una molt bona idea, a trav\u00e9s de pictogrames s&#8217;havien de descobrir personatges de contes populars.<\/p>\n","protected":false},"author":4,"featured_media":0,"comment_status":"open","ping_status":"closed","sticky":false,"template":"","format":"standard","meta":{"_bbp_topic_count":0,"_bbp_reply_count":0,"_bbp_total_topic_count":0,"_bbp_total_reply_count":0,"_bbp_voice_count":0,"_bbp_anonymous_reply_count":0,"_bbp_topic_count_hidden":0,"_bbp_reply_count_hidden":0,"_bbp_forum_subforum_count":0,"site-sidebar-layout":"default","site-content-layout":"","ast-site-content-layout":"","site-content-style":"default","site-sidebar-style":"default","ast-global-header-display":"","ast-banner-title-visibility":"","ast-main-header-display":"","ast-hfb-above-header-display":"","ast-hfb-below-header-display":"","ast-hfb-mobile-header-display":"","site-post-title":"","ast-breadcrumbs-content":"","ast-featured-img":"","footer-sml-layout":"","theme-transparent-header-meta":"","adv-header-id-meta":"","stick-header-meta":"","header-above-stick-meta":"","header-main-stick-meta":"","header-below-stick-meta":"","astra-migrate-meta-layouts":"default","ast-page-background-enabled":"default","ast-page-background-meta":{"desktop":{"background-color":"var(--ast-global-color-4)","background-image":"","background-repeat":"repeat","background-position":"center center","background-size":"auto","background-attachment":"scroll","background-type":"","background-media":"","overlay-type":"","overlay-color":"","overlay-opacity":"","overlay-gradient":""},"tablet":{"background-color":"","background-image":"","background-repeat":"repeat","background-position":"center center","background-size":"auto","background-attachment":"scroll","background-type":"","background-media":"","overlay-type":"","overlay-color":"","overlay-opacity":"","overlay-gradient":""},"mobile":{"background-color":"","background-image":"","background-repeat":"repeat","background-position":"center center","background-size":"auto","background-attachment":"scroll","background-type":"","background-media":"","overlay-type":"","overlay-color":"","overlay-opacity":"","overlay-gradient":""}},"ast-content-background-meta":{"desktop":{"background-color":"var(--ast-global-color-5)","background-image":"","background-repeat":"repeat","background-position":"center center","background-size":"auto","background-attachment":"scroll","background-type":"","background-media":"","overlay-type":"","overlay-color":"","overlay-opacity":"","overlay-gradient":""},"tablet":{"background-color":"var(--ast-global-color-5)","background-image":"","background-repeat":"repeat","background-position":"center center","background-size":"auto","background-attachment":"scroll","background-type":"","background-media":"","overlay-type":"","overlay-color":"","overlay-opacity":"","overlay-gradient":""},"mobile":{"background-color":"var(--ast-global-color-5)","background-image":"","background-repeat":"repeat","background-position":"center center","background-size":"auto","background-attachment":"scroll","background-type":"","background-media":"","overlay-type":"","overlay-color":"","overlay-opacity":"","overlay-gradient":""}},"footnotes":""},"categories":[48,51],"tags":[],"class_list":["post-11383","post","type-post","status-publish","format-standard","hentry","category-biblioteca","category-el-bloc-de-cicle-inicial"],"post_mailing_queue_ids":[],"_links":{"self":[{"href":"https:\/\/agora.xtec.cat\/escolapratdelariba\/wp-json\/wp\/v2\/posts\/11383","targetHints":{"allow":["GET"]}}],"collection":[{"href":"https:\/\/agora.xtec.cat\/escolapratdelariba\/wp-json\/wp\/v2\/posts"}],"about":[{"href":"https:\/\/agora.xtec.cat\/escolapratdelariba\/wp-json\/wp\/v2\/types\/post"}],"author":[{"embeddable":true,"href":"https:\/\/agora.xtec.cat\/escolapratdelariba\/wp-json\/wp\/v2\/users\/4"}],"replies":[{"embeddable":true,"href":"https:\/\/agora.xtec.cat\/escolapratdelariba\/wp-json\/wp\/v2\/comments?post=11383"}],"version-history":[{"count":1,"href":"https:\/\/agora.xtec.cat\/escolapratdelariba\/wp-json\/wp\/v2\/posts\/11383\/revisions"}],"predecessor-version":[{"id":11384,"href":"https:\/\/agora.xtec.cat\/escolapratdelariba\/wp-json\/wp\/v2\/posts\/11383\/revisions\/11384"}],"wp:attachment":[{"href":"https:\/\/agora.xtec.cat\/escolapratdelariba\/wp-json\/wp\/v2\/media?parent=11383"}],"wp:term":[{"taxonomy":"category","embeddable":true,"href":"https:\/\/agora.xtec.cat\/escolapratdelariba\/wp-json\/wp\/v2\/categories?post=11383"},{"taxonomy":"post_tag","embeddable":true,"href":"https:\/\/agora.xtec.cat\/escolapratdelariba\/wp-json\/wp\/v2\/tags?post=11383"}],"curies":[{"name":"wp","href":"https:\/\/api.w.org\/{rel}","templated":true}]}}