{"id":10843,"date":"2022-03-09T08:47:24","date_gmt":"2022-03-09T07:47:24","guid":{"rendered":"https:\/\/agora.xtec.cat\/escolapratdelariba\/?p=10843"},"modified":"2022-03-09T08:47:24","modified_gmt":"2022-03-09T07:47:24","slug":"lesport-tambe-reivindica-el-8m","status":"publish","type":"post","link":"https:\/\/agora.xtec.cat\/escolapratdelariba\/general\/lesport-tambe-reivindica-el-8m\/","title":{"rendered":"L&#8217;ESPORT TAMB\u00c9 REIVINDICA EL 8M"},"content":{"rendered":"<p><iframe loading=\"lazy\" title=\"YouTube video player\" src=\"\/\/www.youtube.com\/embed\/vxqKU5CNefQ\" width=\"560\" height=\"315\" frameborder=\"0\" allowfullscreen=\"allowfullscreen\"><\/iframe><\/p>\n<p>D&#8217;entre les molts altres \u00e0mbits, el m\u00f3n de l&#8217;activitat f\u00edsica i l&#8217;esport tamb\u00e9 pateix les desigualtats de g\u00e8nere,<!--more--> repercusi\u00f3 medi\u00e0tica residual de l&#8217;esport femen\u00ed, manca de referents esportistes femenins, menys recursos per obtenir patrocini&#8230; i tamb\u00e9 una preocupant difer\u00e8ncia entre el volum d&#8217;activitat f\u00edsica de nois i noies.<\/p>\n<p>Les dones practiquen molta menys activitat f\u00edsica que els homes. Per aquest motiu, des del consell esportiu del Baix Llobregat han activat una campanya per fomentar la pr\u00e0ctica d&#8217;activitat f\u00edsica entre les noies i dones. A continuaci\u00f3 teniu l&#8217;enlla\u00e7 a tota la informaci\u00f3 de com podeu participar, simplement heu de fer activitat f\u00edsica i anotar el temps de pr\u00e0ctica al marcador col\u00b7lectiu. L&#8217;objeciu \u00e9s aconseguir 8.322 minuts d&#8217;activitat f\u00edsica femenina, durant tota les setmana del 8 de mar\u00e7.<\/p>\n<p><a href=\"https:\/\/cebllob.cat\/8m-dia-internacional-de-la-dona\/\">Informaci\u00f3 Repte Setmana de la dona<\/a><\/p>\n<p><a href=\"https:\/\/cebllob.cat\/reptessetmanadona\/\">Marcador col\u00b7lectiu<\/a><\/p>\n","protected":false},"excerpt":{"rendered":"<p>D&#8217;entre les molts altres \u00e0mbits, el m\u00f3n de l&#8217;activitat f\u00edsica i l&#8217;esport tamb\u00e9 pateix les desigualtats de g\u00e8nere,<\/p>\n","protected":false},"author":4,"featured_media":10844,"comment_status":"open","ping_status":"closed","sticky":false,"template":"","format":"standard","meta":{"_bbp_topic_count":0,"_bbp_reply_count":0,"_bbp_total_topic_count":0,"_bbp_total_reply_count":0,"_bbp_voice_count":0,"_bbp_anonymous_reply_count":0,"_bbp_topic_count_hidden":0,"_bbp_reply_count_hidden":0,"_bbp_forum_subforum_count":0,"site-sidebar-layout":"default","site-content-layout":"","ast-site-content-layout":"","site-content-style":"default","site-sidebar-style":"default","ast-global-header-display":"","ast-banner-title-visibility":"","ast-main-header-display":"","ast-hfb-above-header-display":"","ast-hfb-below-header-display":"","ast-hfb-mobile-header-display":"","site-post-title":"","ast-breadcrumbs-content":"","ast-featured-img":"","footer-sml-layout":"","theme-transparent-header-meta":"","adv-header-id-meta":"","stick-header-meta":"","header-above-stick-meta":"","header-main-stick-meta":"","header-below-stick-meta":"","astra-migrate-meta-layouts":"default","ast-page-background-enabled":"default","ast-page-background-meta":{"desktop":{"background-color":"var(--ast-global-color-4)","background-image":"","background-repeat":"repeat","background-position":"center center","background-size":"auto","background-attachment":"scroll","background-type":"","background-media":"","overlay-type":"","overlay-color":"","overlay-opacity":"","overlay-gradient":""},"tablet":{"background-color":"","background-image":"","background-repeat":"repeat","background-position":"center center","background-size":"auto","background-attachment":"scroll","background-type":"","background-media":"","overlay-type":"","overlay-color":"","overlay-opacity":"","overlay-gradient":""},"mobile":{"background-color":"","background-image":"","background-repeat":"repeat","background-position":"center center","background-size":"auto","background-attachment":"scroll","background-type":"","background-media":"","overlay-type":"","overlay-color":"","overlay-opacity":"","overlay-gradient":""}},"ast-content-background-meta":{"desktop":{"background-color":"var(--ast-global-color-5)","background-image":"","background-repeat":"repeat","background-position":"center center","background-size":"auto","background-attachment":"scroll","background-type":"","background-media":"","overlay-type":"","overlay-color":"","overlay-opacity":"","overlay-gradient":""},"tablet":{"background-color":"var(--ast-global-color-5)","background-image":"","background-repeat":"repeat","background-position":"center center","background-size":"auto","background-attachment":"scroll","background-type":"","background-media":"","overlay-type":"","overlay-color":"","overlay-opacity":"","overlay-gradient":""},"mobile":{"background-color":"var(--ast-global-color-5)","background-image":"","background-repeat":"repeat","background-position":"center center","background-size":"auto","background-attachment":"scroll","background-type":"","background-media":"","overlay-type":"","overlay-color":"","overlay-opacity":"","overlay-gradient":""}},"footnotes":""},"categories":[1,4],"tags":[],"class_list":["post-10843","post","type-post","status-publish","format-standard","has-post-thumbnail","hentry","category-general","category-portada"],"post_mailing_queue_ids":[],"_links":{"self":[{"href":"https:\/\/agora.xtec.cat\/escolapratdelariba\/wp-json\/wp\/v2\/posts\/10843","targetHints":{"allow":["GET"]}}],"collection":[{"href":"https:\/\/agora.xtec.cat\/escolapratdelariba\/wp-json\/wp\/v2\/posts"}],"about":[{"href":"https:\/\/agora.xtec.cat\/escolapratdelariba\/wp-json\/wp\/v2\/types\/post"}],"author":[{"embeddable":true,"href":"https:\/\/agora.xtec.cat\/escolapratdelariba\/wp-json\/wp\/v2\/users\/4"}],"replies":[{"embeddable":true,"href":"https:\/\/agora.xtec.cat\/escolapratdelariba\/wp-json\/wp\/v2\/comments?post=10843"}],"version-history":[{"count":1,"href":"https:\/\/agora.xtec.cat\/escolapratdelariba\/wp-json\/wp\/v2\/posts\/10843\/revisions"}],"predecessor-version":[{"id":10845,"href":"https:\/\/agora.xtec.cat\/escolapratdelariba\/wp-json\/wp\/v2\/posts\/10843\/revisions\/10845"}],"wp:featuredmedia":[{"embeddable":true,"href":"https:\/\/agora.xtec.cat\/escolapratdelariba\/wp-json\/wp\/v2\/media\/10844"}],"wp:attachment":[{"href":"https:\/\/agora.xtec.cat\/escolapratdelariba\/wp-json\/wp\/v2\/media?parent=10843"}],"wp:term":[{"taxonomy":"category","embeddable":true,"href":"https:\/\/agora.xtec.cat\/escolapratdelariba\/wp-json\/wp\/v2\/categories?post=10843"},{"taxonomy":"post_tag","embeddable":true,"href":"https:\/\/agora.xtec.cat\/escolapratdelariba\/wp-json\/wp\/v2\/tags?post=10843"}],"curies":[{"name":"wp","href":"https:\/\/api.w.org\/{rel}","templated":true}]}}