{"id":10777,"date":"2022-01-10T10:41:05","date_gmt":"2022-01-10T09:41:05","guid":{"rendered":"https:\/\/agora.xtec.cat\/escolapratdelariba\/?p=10777"},"modified":"2022-01-10T10:56:33","modified_gmt":"2022-01-10T09:56:33","slug":"concert-de-nadal-4","status":"publish","type":"post","link":"https:\/\/agora.xtec.cat\/escolapratdelariba\/general\/concert-de-nadal-4\/","title":{"rendered":"CONCERT DE NADAL"},"content":{"rendered":"<p>L&#8217;\u00faltim dia de trimestre, com \u00e9s tradici\u00f3 a l&#8217;escola, es van portar a terme les Nadales dels diferents grups. Aquest any, encara no han pogut tornar les fam\u00edlies, per\u00f2 la seva ess\u00e8ncia era amb nosaltres. Si voleu gaudir dels diferents concerts que vam realitzar aqu\u00ed els teniu:<\/p>\n<p><a href=\"https:\/\/youtu.be\/XWWQzGPzeQY\">Concert de primer, segon i tercer<\/a> (enlla\u00e7 Youtube)<\/p>\n<p>Cicle infantil<\/p>\n<div style=\"padding: 56.25% 0 0 0; position: relative;\"><iframe loading=\"lazy\" style=\"position: absolute; top: 0; left: 0; width: 100%; height: 100%;\" title=\"Concert Infantil\" src=\"\/\/player.vimeo.com\/video\/664153165?title=0&amp;amp;byline=0\" width=\"425\" height=\"350\" frameborder=\"0\" allowfullscreen=\"allowfullscreen\" data-mce-fragment=\"1\"><\/iframe><\/div>\n<p><script src=\"https:\/\/player.vimeo.com\/api\/player.js\"><\/script><\/p>\n<p>Cicle superior<\/p>\n<div style=\"padding: 56.25% 0 0 0; position: relative;\"><iframe loading=\"lazy\" style=\"position: absolute; top: 0; left: 0; width: 100%; height: 100%;\" title=\"Concert superior\" src=\"\/\/player.vimeo.com\/video\/664161074?title=0&amp;amp;byline=0\" width=\"425\" height=\"350\" frameborder=\"0\" allowfullscreen=\"allowfullscreen\" data-mce-fragment=\"1\"><\/iframe><\/div>\n<p><script src=\"https:\/\/player.vimeo.com\/api\/player.js\"><\/script><\/p>\n<p>Esperem que aquest 2022 ens porti una mica m\u00e9s de normalitat, i ens permeti gaudir una altra vegada de molts moments plegats.<\/p>\n","protected":false},"excerpt":{"rendered":"<p>L&#8217;\u00faltim dia de trimestre, com \u00e9s tradici\u00f3 a l&#8217;escola, es van portar a terme les Nadales dels diferents grups. Aquest any, encara no han pogut tornar les fam\u00edlies, per\u00f2 la seva ess\u00e8ncia era amb nosaltres. Si voleu gaudir dels diferents concerts que vam realitzar aqu\u00ed els teniu: Concert de primer, segon i tercer (enlla\u00e7 Youtube) [&hellip;]<\/p>\n","protected":false},"author":4,"featured_media":10792,"comment_status":"open","ping_status":"closed","sticky":false,"template":"","format":"standard","meta":{"_bbp_topic_count":0,"_bbp_reply_count":0,"_bbp_total_topic_count":0,"_bbp_total_reply_count":0,"_bbp_voice_count":0,"_bbp_anonymous_reply_count":0,"_bbp_topic_count_hidden":0,"_bbp_reply_count_hidden":0,"_bbp_forum_subforum_count":0,"site-sidebar-layout":"default","site-content-layout":"","ast-site-content-layout":"","site-content-style":"default","site-sidebar-style":"default","ast-global-header-display":"","ast-banner-title-visibility":"","ast-main-header-display":"","ast-hfb-above-header-display":"","ast-hfb-below-header-display":"","ast-hfb-mobile-header-display":"","site-post-title":"","ast-breadcrumbs-content":"","ast-featured-img":"","footer-sml-layout":"","theme-transparent-header-meta":"","adv-header-id-meta":"","stick-header-meta":"","header-above-stick-meta":"","header-main-stick-meta":"","header-below-stick-meta":"","astra-migrate-meta-layouts":"default","ast-page-background-enabled":"default","ast-page-background-meta":{"desktop":{"background-color":"var(--ast-global-color-4)","background-image":"","background-repeat":"repeat","background-position":"center center","background-size":"auto","background-attachment":"scroll","background-type":"","background-media":"","overlay-type":"","overlay-color":"","overlay-opacity":"","overlay-gradient":""},"tablet":{"background-color":"","background-image":"","background-repeat":"repeat","background-position":"center center","background-size":"auto","background-attachment":"scroll","background-type":"","background-media":"","overlay-type":"","overlay-color":"","overlay-opacity":"","overlay-gradient":""},"mobile":{"background-color":"","background-image":"","background-repeat":"repeat","background-position":"center center","background-size":"auto","background-attachment":"scroll","background-type":"","background-media":"","overlay-type":"","overlay-color":"","overlay-opacity":"","overlay-gradient":""}},"ast-content-background-meta":{"desktop":{"background-color":"var(--ast-global-color-5)","background-image":"","background-repeat":"repeat","background-position":"center center","background-size":"auto","background-attachment":"scroll","background-type":"","background-media":"","overlay-type":"","overlay-color":"","overlay-opacity":"","overlay-gradient":""},"tablet":{"background-color":"var(--ast-global-color-5)","background-image":"","background-repeat":"repeat","background-position":"center center","background-size":"auto","background-attachment":"scroll","background-type":"","background-media":"","overlay-type":"","overlay-color":"","overlay-opacity":"","overlay-gradient":""},"mobile":{"background-color":"var(--ast-global-color-5)","background-image":"","background-repeat":"repeat","background-position":"center center","background-size":"auto","background-attachment":"scroll","background-type":"","background-media":"","overlay-type":"","overlay-color":"","overlay-opacity":"","overlay-gradient":""}},"footnotes":""},"categories":[1,4],"tags":[],"class_list":["post-10777","post","type-post","status-publish","format-standard","has-post-thumbnail","hentry","category-general","category-portada"],"post_mailing_queue_ids":[],"_links":{"self":[{"href":"https:\/\/agora.xtec.cat\/escolapratdelariba\/wp-json\/wp\/v2\/posts\/10777","targetHints":{"allow":["GET"]}}],"collection":[{"href":"https:\/\/agora.xtec.cat\/escolapratdelariba\/wp-json\/wp\/v2\/posts"}],"about":[{"href":"https:\/\/agora.xtec.cat\/escolapratdelariba\/wp-json\/wp\/v2\/types\/post"}],"author":[{"embeddable":true,"href":"https:\/\/agora.xtec.cat\/escolapratdelariba\/wp-json\/wp\/v2\/users\/4"}],"replies":[{"embeddable":true,"href":"https:\/\/agora.xtec.cat\/escolapratdelariba\/wp-json\/wp\/v2\/comments?post=10777"}],"version-history":[{"count":3,"href":"https:\/\/agora.xtec.cat\/escolapratdelariba\/wp-json\/wp\/v2\/posts\/10777\/revisions"}],"predecessor-version":[{"id":10791,"href":"https:\/\/agora.xtec.cat\/escolapratdelariba\/wp-json\/wp\/v2\/posts\/10777\/revisions\/10791"}],"wp:featuredmedia":[{"embeddable":true,"href":"https:\/\/agora.xtec.cat\/escolapratdelariba\/wp-json\/wp\/v2\/media\/10792"}],"wp:attachment":[{"href":"https:\/\/agora.xtec.cat\/escolapratdelariba\/wp-json\/wp\/v2\/media?parent=10777"}],"wp:term":[{"taxonomy":"category","embeddable":true,"href":"https:\/\/agora.xtec.cat\/escolapratdelariba\/wp-json\/wp\/v2\/categories?post=10777"},{"taxonomy":"post_tag","embeddable":true,"href":"https:\/\/agora.xtec.cat\/escolapratdelariba\/wp-json\/wp\/v2\/tags?post=10777"}],"curies":[{"name":"wp","href":"https:\/\/api.w.org\/{rel}","templated":true}]}}