{"id":10402,"date":"2021-01-29T15:41:18","date_gmt":"2021-01-29T14:41:18","guid":{"rendered":"http:\/\/agora.xtec.cat\/escolapratdelariba\/?p=10402"},"modified":"2021-02-08T09:49:43","modified_gmt":"2021-02-08T08:49:43","slug":"dia-de-la-pau-i-no-violencia","status":"publish","type":"post","link":"https:\/\/agora.xtec.cat\/escolapratdelariba\/general\/dia-de-la-pau-i-no-violencia\/","title":{"rendered":"DIA DE LA PAU I NO VIOL\u00c8NCIA"},"content":{"rendered":"<p style=\"text-align: justify;\">El Dia Escolar de la No-viol\u00e8ncia i la Pau, conegut tamb\u00e9 com a Dia Mundial o Internacional de la No-viol\u00e8ncia i la Pau, fou fundat l&#8217;any 1964 pel poeta i educador mallorqu\u00ed Lloren\u00e7 Vidal Vidal, i \u00e9s una iniciativa d&#8217;Educaci\u00f3 No-violenta i Pacificadora, difosa internacionalment.<\/p>\n<p style=\"text-align: justify;\">Tot i que a l&#8217;escola treballem aquests valors en el nostre dia a dia, cada any ens agrada fer una activitat especial per recordar als nostres infants la seva import\u00e0ncia.<\/p>\n<table>\n<tbody>\n<tr>\n<td style=\"text-align: center;\" colspan=\"3\"><a href=\"https:\/\/agora.xtec.cat\/escolapratdelariba\/wp-content\/uploads\/usu534\/2021\/01\/Dia-de-la-Pau-12.jpg\"><img loading=\"lazy\" decoding=\"async\" class=\"wp-image-10410 aligncenter\" src=\"https:\/\/agora.xtec.cat\/escolapratdelariba\/wp-content\/uploads\/usu534\/2021\/01\/Dia-de-la-Pau-12.jpg\" alt=\"\" width=\"532\" height=\"399\" srcset=\"https:\/\/agora.xtec.cat\/escolapratdelariba\/wp-content\/uploads\/usu534\/2021\/01\/Dia-de-la-Pau-12.jpg 2080w, https:\/\/agora.xtec.cat\/escolapratdelariba\/wp-content\/uploads\/usu534\/2021\/01\/Dia-de-la-Pau-12-300x225.jpg 300w, https:\/\/agora.xtec.cat\/escolapratdelariba\/wp-content\/uploads\/usu534\/2021\/01\/Dia-de-la-Pau-12-768x576.jpg 768w, https:\/\/agora.xtec.cat\/escolapratdelariba\/wp-content\/uploads\/usu534\/2021\/01\/Dia-de-la-Pau-12-1024x768.jpg 1024w, https:\/\/agora.xtec.cat\/escolapratdelariba\/wp-content\/uploads\/usu534\/2021\/01\/Dia-de-la-Pau-12-200x150.jpg 200w\" sizes=\"auto, (max-width: 532px) 100vw, 532px\" \/><\/a><\/td>\n<\/tr>\n<tr>\n<td style=\"text-align: center;\"><a href=\"https:\/\/agora.xtec.cat\/escolapratdelariba\/wp-content\/uploads\/usu534\/2021\/01\/Dia-de-la-Pau-8.jpg\"><img loading=\"lazy\" decoding=\"async\" class=\"alignleft wp-image-10408\" src=\"https:\/\/agora.xtec.cat\/escolapratdelariba\/wp-content\/uploads\/usu534\/2021\/01\/Dia-de-la-Pau-8.jpg\" alt=\"\" width=\"332\" height=\"249\" srcset=\"https:\/\/agora.xtec.cat\/escolapratdelariba\/wp-content\/uploads\/usu534\/2021\/01\/Dia-de-la-Pau-8.jpg 2080w, https:\/\/agora.xtec.cat\/escolapratdelariba\/wp-content\/uploads\/usu534\/2021\/01\/Dia-de-la-Pau-8-300x225.jpg 300w, https:\/\/agora.xtec.cat\/escolapratdelariba\/wp-content\/uploads\/usu534\/2021\/01\/Dia-de-la-Pau-8-768x576.jpg 768w, https:\/\/agora.xtec.cat\/escolapratdelariba\/wp-content\/uploads\/usu534\/2021\/01\/Dia-de-la-Pau-8-1024x768.jpg 1024w, https:\/\/agora.xtec.cat\/escolapratdelariba\/wp-content\/uploads\/usu534\/2021\/01\/Dia-de-la-Pau-8-200x150.jpg 200w\" sizes=\"auto, (max-width: 332px) 100vw, 332px\" \/><\/a><\/td>\n<td style=\"text-align: center;\"><a href=\"https:\/\/agora.xtec.cat\/escolapratdelariba\/wp-content\/uploads\/usu534\/2021\/01\/Dia-de-la-Pau-2.jpg\"><img loading=\"lazy\" decoding=\"async\" class=\"alignleft wp-image-10407\" src=\"https:\/\/agora.xtec.cat\/escolapratdelariba\/wp-content\/uploads\/usu534\/2021\/01\/Dia-de-la-Pau-2.jpg\" alt=\"\" width=\"327\" height=\"245\" srcset=\"https:\/\/agora.xtec.cat\/escolapratdelariba\/wp-content\/uploads\/usu534\/2021\/01\/Dia-de-la-Pau-2.jpg 2080w, https:\/\/agora.xtec.cat\/escolapratdelariba\/wp-content\/uploads\/usu534\/2021\/01\/Dia-de-la-Pau-2-300x225.jpg 300w, https:\/\/agora.xtec.cat\/escolapratdelariba\/wp-content\/uploads\/usu534\/2021\/01\/Dia-de-la-Pau-2-768x576.jpg 768w, https:\/\/agora.xtec.cat\/escolapratdelariba\/wp-content\/uploads\/usu534\/2021\/01\/Dia-de-la-Pau-2-1024x768.jpg 1024w, https:\/\/agora.xtec.cat\/escolapratdelariba\/wp-content\/uploads\/usu534\/2021\/01\/Dia-de-la-Pau-2-200x150.jpg 200w\" sizes=\"auto, (max-width: 327px) 100vw, 327px\" \/><\/a><\/td>\n<td style=\"text-align: center;\"><a href=\"https:\/\/agora.xtec.cat\/escolapratdelariba\/wp-content\/uploads\/usu534\/2021\/01\/Dia-de-la-Pau-9.jpg\"><img loading=\"lazy\" decoding=\"async\" class=\"alignleft wp-image-10409\" src=\"https:\/\/agora.xtec.cat\/escolapratdelariba\/wp-content\/uploads\/usu534\/2021\/01\/Dia-de-la-Pau-9.jpg\" alt=\"\" width=\"325\" height=\"244\" srcset=\"https:\/\/agora.xtec.cat\/escolapratdelariba\/wp-content\/uploads\/usu534\/2021\/01\/Dia-de-la-Pau-9.jpg 2080w, https:\/\/agora.xtec.cat\/escolapratdelariba\/wp-content\/uploads\/usu534\/2021\/01\/Dia-de-la-Pau-9-300x225.jpg 300w, https:\/\/agora.xtec.cat\/escolapratdelariba\/wp-content\/uploads\/usu534\/2021\/01\/Dia-de-la-Pau-9-768x576.jpg 768w, https:\/\/agora.xtec.cat\/escolapratdelariba\/wp-content\/uploads\/usu534\/2021\/01\/Dia-de-la-Pau-9-1024x768.jpg 1024w, https:\/\/agora.xtec.cat\/escolapratdelariba\/wp-content\/uploads\/usu534\/2021\/01\/Dia-de-la-Pau-9-200x150.jpg 200w\" sizes=\"auto, (max-width: 325px) 100vw, 325px\" \/><\/a><\/td>\n<\/tr>\n<\/tbody>\n<\/table>\n<p style=\"text-align: justify;\"><!--more-->Aquest curs, aprofitant el tema anual transversal de &#8220;La Ci\u00e8ncia&#8221;, cada grup ha estat reflexionant sobre com podria aquesta ajudar-nos a estar m\u00e9s en Pau i a superar la pand\u00e8mia que estem vivint. Les tutores i tutor van dedicar unes sessions a fer aquesta activitat que van comen\u00e7ar visualitzant el <a href=\"https:\/\/vimeo.com\/506027741\" target=\"_blank\" rel=\"noopener noreferrer\"><span style=\"text-decoration: underline;\">seg\u00fcent v\u00eddeo<\/span><\/a>.<br \/>\nDespr\u00e9s, els infants, van pensar paraules que ens poguessin ajudar durant aquesta \u00e8poca que estem vivint i que, gr\u00e0cies a la ci\u00e8ncia, podrem acabar superant! Algunes de les que van proposar s\u00f3n: Uni\u00f3, Esperan\u00e7a, Petons voladors, Resistir, Fam\u00edlia, Solidaritat&#8230; Cada grup ha escrit la seva paraula a un estri de laboratori i els hem penjat tots junts al suro del vest\u00edbul de l&#8217;escola amb el lema <strong>&#8220;Constru\u00efm la pau des de la ci\u00e8ncia, m\u00e9s separats per\u00f2 m\u00e9s units que mai&#8221;<\/strong>.<\/p>\n","protected":false},"excerpt":{"rendered":"<p>El Dia Escolar de la No-viol\u00e8ncia i la Pau, conegut tamb\u00e9 com a Dia Mundial o Internacional de la No-viol\u00e8ncia i la Pau, fou fundat l&#8217;any 1964 pel poeta i educador mallorqu\u00ed Lloren\u00e7 Vidal Vidal, i \u00e9s una iniciativa d&#8217;Educaci\u00f3 No-violenta i Pacificadora, difosa internacionalment. Tot i que a l&#8217;escola treballem aquests valors en el [&hellip;]<\/p>\n","protected":false},"author":4,"featured_media":10416,"comment_status":"open","ping_status":"closed","sticky":false,"template":"","format":"standard","meta":{"_bbp_topic_count":0,"_bbp_reply_count":0,"_bbp_total_topic_count":0,"_bbp_total_reply_count":0,"_bbp_voice_count":0,"_bbp_anonymous_reply_count":0,"_bbp_topic_count_hidden":0,"_bbp_reply_count_hidden":0,"_bbp_forum_subforum_count":0,"site-sidebar-layout":"default","site-content-layout":"","ast-site-content-layout":"","site-content-style":"default","site-sidebar-style":"default","ast-global-header-display":"","ast-banner-title-visibility":"","ast-main-header-display":"","ast-hfb-above-header-display":"","ast-hfb-below-header-display":"","ast-hfb-mobile-header-display":"","site-post-title":"","ast-breadcrumbs-content":"","ast-featured-img":"","footer-sml-layout":"","theme-transparent-header-meta":"","adv-header-id-meta":"","stick-header-meta":"","header-above-stick-meta":"","header-main-stick-meta":"","header-below-stick-meta":"","astra-migrate-meta-layouts":"default","ast-page-background-enabled":"default","ast-page-background-meta":{"desktop":{"background-color":"var(--ast-global-color-4)","background-image":"","background-repeat":"repeat","background-position":"center center","background-size":"auto","background-attachment":"scroll","background-type":"","background-media":"","overlay-type":"","overlay-color":"","overlay-opacity":"","overlay-gradient":""},"tablet":{"background-color":"","background-image":"","background-repeat":"repeat","background-position":"center center","background-size":"auto","background-attachment":"scroll","background-type":"","background-media":"","overlay-type":"","overlay-color":"","overlay-opacity":"","overlay-gradient":""},"mobile":{"background-color":"","background-image":"","background-repeat":"repeat","background-position":"center center","background-size":"auto","background-attachment":"scroll","background-type":"","background-media":"","overlay-type":"","overlay-color":"","overlay-opacity":"","overlay-gradient":""}},"ast-content-background-meta":{"desktop":{"background-color":"var(--ast-global-color-5)","background-image":"","background-repeat":"repeat","background-position":"center center","background-size":"auto","background-attachment":"scroll","background-type":"","background-media":"","overlay-type":"","overlay-color":"","overlay-opacity":"","overlay-gradient":""},"tablet":{"background-color":"var(--ast-global-color-5)","background-image":"","background-repeat":"repeat","background-position":"center center","background-size":"auto","background-attachment":"scroll","background-type":"","background-media":"","overlay-type":"","overlay-color":"","overlay-opacity":"","overlay-gradient":""},"mobile":{"background-color":"var(--ast-global-color-5)","background-image":"","background-repeat":"repeat","background-position":"center center","background-size":"auto","background-attachment":"scroll","background-type":"","background-media":"","overlay-type":"","overlay-color":"","overlay-opacity":"","overlay-gradient":""}},"footnotes":""},"categories":[1,4],"tags":[],"class_list":["post-10402","post","type-post","status-publish","format-standard","has-post-thumbnail","hentry","category-general","category-portada"],"post_mailing_queue_ids":[],"_links":{"self":[{"href":"https:\/\/agora.xtec.cat\/escolapratdelariba\/wp-json\/wp\/v2\/posts\/10402","targetHints":{"allow":["GET"]}}],"collection":[{"href":"https:\/\/agora.xtec.cat\/escolapratdelariba\/wp-json\/wp\/v2\/posts"}],"about":[{"href":"https:\/\/agora.xtec.cat\/escolapratdelariba\/wp-json\/wp\/v2\/types\/post"}],"author":[{"embeddable":true,"href":"https:\/\/agora.xtec.cat\/escolapratdelariba\/wp-json\/wp\/v2\/users\/4"}],"replies":[{"embeddable":true,"href":"https:\/\/agora.xtec.cat\/escolapratdelariba\/wp-json\/wp\/v2\/comments?post=10402"}],"version-history":[{"count":3,"href":"https:\/\/agora.xtec.cat\/escolapratdelariba\/wp-json\/wp\/v2\/posts\/10402\/revisions"}],"predecessor-version":[{"id":10460,"href":"https:\/\/agora.xtec.cat\/escolapratdelariba\/wp-json\/wp\/v2\/posts\/10402\/revisions\/10460"}],"wp:featuredmedia":[{"embeddable":true,"href":"https:\/\/agora.xtec.cat\/escolapratdelariba\/wp-json\/wp\/v2\/media\/10416"}],"wp:attachment":[{"href":"https:\/\/agora.xtec.cat\/escolapratdelariba\/wp-json\/wp\/v2\/media?parent=10402"}],"wp:term":[{"taxonomy":"category","embeddable":true,"href":"https:\/\/agora.xtec.cat\/escolapratdelariba\/wp-json\/wp\/v2\/categories?post=10402"},{"taxonomy":"post_tag","embeddable":true,"href":"https:\/\/agora.xtec.cat\/escolapratdelariba\/wp-json\/wp\/v2\/tags?post=10402"}],"curies":[{"name":"wp","href":"https:\/\/api.w.org\/{rel}","templated":true}]}}