{"id":10373,"date":"2020-12-21T09:00:17","date_gmt":"2020-12-21T08:00:17","guid":{"rendered":"http:\/\/agora.xtec.cat\/escolapratdelariba\/?p=10373"},"modified":"2020-12-21T09:07:34","modified_gmt":"2020-12-21T08:07:34","slug":"concert-de-nadal-2020","status":"publish","type":"post","link":"https:\/\/agora.xtec.cat\/escolapratdelariba\/general\/concert-de-nadal-2020\/","title":{"rendered":"CONCERT DE NADAL 2020"},"content":{"rendered":"<p style=\"text-align: justify;\">Ja hem arribat a l&#8217;\u00faltim dia d&#8217;aquest trimestre, un dia en qu\u00e8 l&#8217;escola sempre s&#8217;omplia de gent, alegria de Nadal&#8230; Un moment en qu\u00e8 fam\u00edlies, infants i personal del centre compart\u00edem il\u00b7lusi\u00f3.<\/p>\n<p style=\"text-align: justify;\">Ja fa unes setmanes que l&#8217;equip vam repensar aquesta celebraci\u00f3 i vam voler que, de cara als alumnes, no hi hagu\u00e9s un canvi tan gran. Aix\u00ed doncs totes i tots han estat preparant amb il\u00b7lusi\u00f3 els tradicionals poemes i can\u00e7ons.<\/p>\n<p style=\"text-align: justify;\">Aqu\u00ed teniu un resum amb una actuaci\u00f3 de cada grup. Tots els cursos n&#8217;han fet m\u00e9s d&#8217;una, podeu veure-les totes al bloc de cada cicle (aneu a la part superior dreta d&#8217;aquesta WEB). Falta P4B, perqu\u00e8 han hagut d&#8217;estar confinats la darrera setmana del curs, per\u00f2 com que avui dilluns s\u00ed poden tornar a l&#8217;escola, els gravarem i tamb\u00e9 us els penjarem al seu bloc.<\/p>\n<p><iframe loading=\"lazy\" src=\"https:\/\/player.vimeo.com\/video\/492791914\" width=\"640\" height=\"361\" frameborder=\"0\" allow=\"autoplay; fullscreen\" allowfullscreen><\/iframe><\/p>\n<p>I aqu\u00ed teniu una \u00faltima sorpresa. Els alumnes de Cicle Mig i Superior han volgut mostrar-vos una activitat feta amb el seu mestre d&#8217;Educaci\u00f3 F\u00edsica, Arnau, on han apr\u00e8s una coreografia amb la can\u00e7\u00f3 de Jerusalema.<\/p>\n<p>&nbsp;<iframe loading=\"lazy\" src=\"https:\/\/player.vimeo.com\/video\/493024275\" width=\"640\" height=\"360\" frameborder=\"0\" allow=\"autoplay; fullscreen\" allowfullscreen><\/iframe><\/p>\n","protected":false},"excerpt":{"rendered":"<p>Ja hem arribat a l&#8217;\u00faltim dia d&#8217;aquest trimestre, un dia en qu\u00e8 l&#8217;escola sempre s&#8217;omplia de gent, alegria de Nadal&#8230; Un moment en qu\u00e8 fam\u00edlies, infants i personal del centre compart\u00edem il\u00b7lusi\u00f3. Ja fa unes setmanes que l&#8217;equip vam repensar aquesta celebraci\u00f3 i vam voler que, de cara als alumnes, no hi hagu\u00e9s un canvi [&hellip;]<\/p>\n","protected":false},"author":4,"featured_media":0,"comment_status":"open","ping_status":"closed","sticky":false,"template":"","format":"standard","meta":{"_bbp_topic_count":0,"_bbp_reply_count":0,"_bbp_total_topic_count":0,"_bbp_total_reply_count":0,"_bbp_voice_count":0,"_bbp_anonymous_reply_count":0,"_bbp_topic_count_hidden":0,"_bbp_reply_count_hidden":0,"_bbp_forum_subforum_count":0,"site-sidebar-layout":"default","site-content-layout":"","ast-site-content-layout":"","site-content-style":"default","site-sidebar-style":"default","ast-global-header-display":"","ast-banner-title-visibility":"","ast-main-header-display":"","ast-hfb-above-header-display":"","ast-hfb-below-header-display":"","ast-hfb-mobile-header-display":"","site-post-title":"","ast-breadcrumbs-content":"","ast-featured-img":"","footer-sml-layout":"","theme-transparent-header-meta":"","adv-header-id-meta":"","stick-header-meta":"","header-above-stick-meta":"","header-main-stick-meta":"","header-below-stick-meta":"","astra-migrate-meta-layouts":"default","ast-page-background-enabled":"default","ast-page-background-meta":{"desktop":{"background-color":"var(--ast-global-color-4)","background-image":"","background-repeat":"repeat","background-position":"center center","background-size":"auto","background-attachment":"scroll","background-type":"","background-media":"","overlay-type":"","overlay-color":"","overlay-opacity":"","overlay-gradient":""},"tablet":{"background-color":"","background-image":"","background-repeat":"repeat","background-position":"center center","background-size":"auto","background-attachment":"scroll","background-type":"","background-media":"","overlay-type":"","overlay-color":"","overlay-opacity":"","overlay-gradient":""},"mobile":{"background-color":"","background-image":"","background-repeat":"repeat","background-position":"center center","background-size":"auto","background-attachment":"scroll","background-type":"","background-media":"","overlay-type":"","overlay-color":"","overlay-opacity":"","overlay-gradient":""}},"ast-content-background-meta":{"desktop":{"background-color":"var(--ast-global-color-5)","background-image":"","background-repeat":"repeat","background-position":"center center","background-size":"auto","background-attachment":"scroll","background-type":"","background-media":"","overlay-type":"","overlay-color":"","overlay-opacity":"","overlay-gradient":""},"tablet":{"background-color":"var(--ast-global-color-5)","background-image":"","background-repeat":"repeat","background-position":"center center","background-size":"auto","background-attachment":"scroll","background-type":"","background-media":"","overlay-type":"","overlay-color":"","overlay-opacity":"","overlay-gradient":""},"mobile":{"background-color":"var(--ast-global-color-5)","background-image":"","background-repeat":"repeat","background-position":"center center","background-size":"auto","background-attachment":"scroll","background-type":"","background-media":"","overlay-type":"","overlay-color":"","overlay-opacity":"","overlay-gradient":""}},"footnotes":""},"categories":[1,4],"tags":[],"class_list":["post-10373","post","type-post","status-publish","format-standard","hentry","category-general","category-portada"],"post_mailing_queue_ids":[],"_links":{"self":[{"href":"https:\/\/agora.xtec.cat\/escolapratdelariba\/wp-json\/wp\/v2\/posts\/10373","targetHints":{"allow":["GET"]}}],"collection":[{"href":"https:\/\/agora.xtec.cat\/escolapratdelariba\/wp-json\/wp\/v2\/posts"}],"about":[{"href":"https:\/\/agora.xtec.cat\/escolapratdelariba\/wp-json\/wp\/v2\/types\/post"}],"author":[{"embeddable":true,"href":"https:\/\/agora.xtec.cat\/escolapratdelariba\/wp-json\/wp\/v2\/users\/4"}],"replies":[{"embeddable":true,"href":"https:\/\/agora.xtec.cat\/escolapratdelariba\/wp-json\/wp\/v2\/comments?post=10373"}],"version-history":[{"count":3,"href":"https:\/\/agora.xtec.cat\/escolapratdelariba\/wp-json\/wp\/v2\/posts\/10373\/revisions"}],"predecessor-version":[{"id":10379,"href":"https:\/\/agora.xtec.cat\/escolapratdelariba\/wp-json\/wp\/v2\/posts\/10373\/revisions\/10379"}],"wp:attachment":[{"href":"https:\/\/agora.xtec.cat\/escolapratdelariba\/wp-json\/wp\/v2\/media?parent=10373"}],"wp:term":[{"taxonomy":"category","embeddable":true,"href":"https:\/\/agora.xtec.cat\/escolapratdelariba\/wp-json\/wp\/v2\/categories?post=10373"},{"taxonomy":"post_tag","embeddable":true,"href":"https:\/\/agora.xtec.cat\/escolapratdelariba\/wp-json\/wp\/v2\/tags?post=10373"}],"curies":[{"name":"wp","href":"https:\/\/api.w.org\/{rel}","templated":true}]}}