{"id":10363,"date":"2020-12-11T10:17:31","date_gmt":"2020-12-11T09:17:31","guid":{"rendered":"http:\/\/agora.xtec.cat\/escolapratdelariba\/?p=10363"},"modified":"2020-12-11T10:23:46","modified_gmt":"2020-12-11T09:23:46","slug":"celebracio-de-santa-cecilia","status":"publish","type":"post","link":"https:\/\/agora.xtec.cat\/escolapratdelariba\/general\/celebracio-de-santa-cecilia\/","title":{"rendered":"CELEBRACI\u00d3 DE SANTA CEC\u00cdLIA"},"content":{"rendered":"<p style=\"text-align: justify;\">Santa Cec\u00edlia \u00e9s la patrona dels m\u00fasics, habitualment els alumnes de 4t i 6\u00e8 fan un petit concert per als companys d&#8217;infantil al teatret de l&#8217;escola. Aquest curs ho vam fer al pati i aix\u00ed, tot i que una mica de lluny, vam poder veure&#8217;ns i escoltar-nos.<\/p>\n<p style=\"text-align: justify;\">Els alumnes de 6\u00e8 van fer un ball de bastons amb la can\u00e7\u00f3 &#8220;El Ram Ram&#8221;. Van poder fer aquesta actuaci\u00f3 gr\u00e0cies a que la colla de Bastoners d&#8217;Esplugues va cedir un lot de bastons a la mestra de m\u00fasica. La S\u00edlvia va buscar balls i els ha estat treballant amb els infants. S&#8217;ho han passat tan b\u00e9 que hem decidit comprar-ne per l&#8217;escola i aix\u00ed poder mantenir aquesta activitat que fomenta l&#8217;atenci\u00f3, coordinaci\u00f3, treball en equip i tamb\u00e9 transmet una part de la cultura dels balls Catalans.<\/p>\n<p style=\"text-align: justify;\">Els alumnes de 4t ens van mostrar com de b\u00e9 porten l&#8217;aprenentatge dels carillons, fa nom\u00e9s 3 mesos que practiquen i ens van sorprendre amb 3 peces: &#8220;El cargol&#8221;, &#8220;El gegant del pi&#8221; i &#8220;Ha sortit el Sol&#8221;.<\/p>\n<p style=\"text-align: justify;\">Tot i que els m\u00e9s petits de l&#8217;escola venien a escoltar el concert, tamb\u00e9 ens van voler mostrar que elles i ells estan aprenent a cantar moltes can\u00e7ons amb la seva mestra de m\u00fasica, Irene. Els de P3 van fer &#8220;l&#8217;Esquirol&#8221;, els de P4A &#8220;S\u00f3c un bolet, els de P4B &#8220;Baixant de la font del gat&#8221; i els de P5 &#8220;m&#8217;agrada la tardor&#8221;.<\/p>\n<p style=\"text-align: justify;\">Aqu\u00ed teniu un trosset de l&#8217;actuaci\u00f3 de tots els grups.<\/p>\n<p><iframe loading=\"lazy\" src=\"https:\/\/player.vimeo.com\/video\/489751875\" width=\"640\" height=\"360\" frameborder=\"0\" allow=\"autoplay; fullscreen\" allowfullscreen><\/iframe><\/p>\n","protected":false},"excerpt":{"rendered":"<p>Santa Cec\u00edlia \u00e9s la patrona dels m\u00fasics, habitualment els alumnes de 4t i 6\u00e8 fan un petit concert per als companys d&#8217;infantil al teatret de l&#8217;escola. Aquest curs ho vam fer al pati i aix\u00ed, tot i que una mica de lluny, vam poder veure&#8217;ns i escoltar-nos. Els alumnes de 6\u00e8 van fer un ball [&hellip;]<\/p>\n","protected":false},"author":4,"featured_media":10368,"comment_status":"open","ping_status":"closed","sticky":false,"template":"","format":"standard","meta":{"_bbp_topic_count":0,"_bbp_reply_count":0,"_bbp_total_topic_count":0,"_bbp_total_reply_count":0,"_bbp_voice_count":0,"_bbp_anonymous_reply_count":0,"_bbp_topic_count_hidden":0,"_bbp_reply_count_hidden":0,"_bbp_forum_subforum_count":0,"site-sidebar-layout":"default","site-content-layout":"","ast-site-content-layout":"","site-content-style":"default","site-sidebar-style":"default","ast-global-header-display":"","ast-banner-title-visibility":"","ast-main-header-display":"","ast-hfb-above-header-display":"","ast-hfb-below-header-display":"","ast-hfb-mobile-header-display":"","site-post-title":"","ast-breadcrumbs-content":"","ast-featured-img":"","footer-sml-layout":"","theme-transparent-header-meta":"","adv-header-id-meta":"","stick-header-meta":"","header-above-stick-meta":"","header-main-stick-meta":"","header-below-stick-meta":"","astra-migrate-meta-layouts":"default","ast-page-background-enabled":"default","ast-page-background-meta":{"desktop":{"background-color":"var(--ast-global-color-4)","background-image":"","background-repeat":"repeat","background-position":"center center","background-size":"auto","background-attachment":"scroll","background-type":"","background-media":"","overlay-type":"","overlay-color":"","overlay-opacity":"","overlay-gradient":""},"tablet":{"background-color":"","background-image":"","background-repeat":"repeat","background-position":"center center","background-size":"auto","background-attachment":"scroll","background-type":"","background-media":"","overlay-type":"","overlay-color":"","overlay-opacity":"","overlay-gradient":""},"mobile":{"background-color":"","background-image":"","background-repeat":"repeat","background-position":"center center","background-size":"auto","background-attachment":"scroll","background-type":"","background-media":"","overlay-type":"","overlay-color":"","overlay-opacity":"","overlay-gradient":""}},"ast-content-background-meta":{"desktop":{"background-color":"var(--ast-global-color-5)","background-image":"","background-repeat":"repeat","background-position":"center center","background-size":"auto","background-attachment":"scroll","background-type":"","background-media":"","overlay-type":"","overlay-color":"","overlay-opacity":"","overlay-gradient":""},"tablet":{"background-color":"var(--ast-global-color-5)","background-image":"","background-repeat":"repeat","background-position":"center center","background-size":"auto","background-attachment":"scroll","background-type":"","background-media":"","overlay-type":"","overlay-color":"","overlay-opacity":"","overlay-gradient":""},"mobile":{"background-color":"var(--ast-global-color-5)","background-image":"","background-repeat":"repeat","background-position":"center center","background-size":"auto","background-attachment":"scroll","background-type":"","background-media":"","overlay-type":"","overlay-color":"","overlay-opacity":"","overlay-gradient":""}},"footnotes":""},"categories":[1,4],"tags":[],"class_list":["post-10363","post","type-post","status-publish","format-standard","has-post-thumbnail","hentry","category-general","category-portada"],"post_mailing_queue_ids":[],"_links":{"self":[{"href":"https:\/\/agora.xtec.cat\/escolapratdelariba\/wp-json\/wp\/v2\/posts\/10363","targetHints":{"allow":["GET"]}}],"collection":[{"href":"https:\/\/agora.xtec.cat\/escolapratdelariba\/wp-json\/wp\/v2\/posts"}],"about":[{"href":"https:\/\/agora.xtec.cat\/escolapratdelariba\/wp-json\/wp\/v2\/types\/post"}],"author":[{"embeddable":true,"href":"https:\/\/agora.xtec.cat\/escolapratdelariba\/wp-json\/wp\/v2\/users\/4"}],"replies":[{"embeddable":true,"href":"https:\/\/agora.xtec.cat\/escolapratdelariba\/wp-json\/wp\/v2\/comments?post=10363"}],"version-history":[{"count":3,"href":"https:\/\/agora.xtec.cat\/escolapratdelariba\/wp-json\/wp\/v2\/posts\/10363\/revisions"}],"predecessor-version":[{"id":10372,"href":"https:\/\/agora.xtec.cat\/escolapratdelariba\/wp-json\/wp\/v2\/posts\/10363\/revisions\/10372"}],"wp:featuredmedia":[{"embeddable":true,"href":"https:\/\/agora.xtec.cat\/escolapratdelariba\/wp-json\/wp\/v2\/media\/10368"}],"wp:attachment":[{"href":"https:\/\/agora.xtec.cat\/escolapratdelariba\/wp-json\/wp\/v2\/media?parent=10363"}],"wp:term":[{"taxonomy":"category","embeddable":true,"href":"https:\/\/agora.xtec.cat\/escolapratdelariba\/wp-json\/wp\/v2\/categories?post=10363"},{"taxonomy":"post_tag","embeddable":true,"href":"https:\/\/agora.xtec.cat\/escolapratdelariba\/wp-json\/wp\/v2\/tags?post=10363"}],"curies":[{"name":"wp","href":"https:\/\/api.w.org\/{rel}","templated":true}]}}