{"id":10344,"date":"2020-11-30T14:04:29","date_gmt":"2020-11-30T13:04:29","guid":{"rendered":"http:\/\/agora.xtec.cat\/escolapratdelariba\/?p=10344"},"modified":"2020-11-30T20:03:41","modified_gmt":"2020-11-30T19:03:41","slug":"ajudans-a-ajudar","status":"publish","type":"post","link":"https:\/\/agora.xtec.cat\/escolapratdelariba\/general\/ajudans-a-ajudar\/","title":{"rendered":"AJUDA&#8217;NS A AJUDAR"},"content":{"rendered":"<p style=\"text-align: justify;\">Ja fa molts anys que l&#8217;Ajuntament d&#8217;Esplugues dins el seu \u00e0mbit d&#8217;Inclusi\u00f3 Social, fa una campanya anomenada<strong> &#8220;Ajuda&#8217;ns a ajudar&#8221; <\/strong>al nostre municipi per poder recaptar aliments que aniran directament a fam\u00edlies vulnerables de la ciutat.<\/p>\n<p style=\"text-align: justify;\">Habitualment demanen la col\u00b7laboraci\u00f3 de les escoles. Aquest any ens van informar de qu\u00e8 no estava previst fer-ho aix\u00ed perqu\u00e8 no volien donar &#8220;m\u00e9s feina&#8221; als centres educatius, per\u00f2 si vol\u00edem afegir-nos-hi no hi hauria problema.<\/p>\n<p style=\"text-align: justify;\">A<a href=\"https:\/\/agora.xtec.cat\/escolapratdelariba\/wp-content\/uploads\/usu534\/2020\/11\/solidaritat.jpg\"><img loading=\"lazy\" decoding=\"async\" class=\"wp-image-10345 alignleft\" src=\"https:\/\/agora.xtec.cat\/escolapratdelariba\/wp-content\/uploads\/usu534\/2020\/11\/solidaritat.jpg\" alt=\"\" width=\"183\" height=\"181\" \/><\/a> la nostra escola pensem que, enguany m\u00e9s que mai, cal continuar treballant amb el nostre alumnat el gran valor de la solidaritat, pensem que si durant els primers anys de la seva vida ho fem, podrem crear una bona base que els servir\u00e0 per mirar de millorar el m\u00f3n que els envolta.<\/p>\n<p style=\"text-align: justify;\">Us animem a totes i tots a participar-hi. <span style=\"color: #800080;\"><strong>DIMARTS<\/strong><strong> 1, DIMECRES 2 i DIJOUS 3 de DESEMBRE <\/strong><\/span>podeu portar <strong>productes tipus oli, cereals, llet, cacau en pols, caf\u00e8, farina, pur\u00e9 de patata, pasta, arr\u00f2s, salsa de tom\u00e0quet, llaunes de menjar preparat, conserves variades, melmelades, fruits secs&#8230;<\/strong><\/p>\n<p style=\"text-align: justify;\">Moltes gr\u00e0cies a tothom i segur que un any m\u00e9s podrem fer la nostra &#8220;gran petita aportaci\u00f3&#8221; a aquesta campanya!<\/p>\n","protected":false},"excerpt":{"rendered":"<p>Ja fa molts anys que l&#8217;Ajuntament d&#8217;Esplugues dins el seu \u00e0mbit d&#8217;Inclusi\u00f3 Social, fa una campanya anomenada &#8220;Ajuda&#8217;ns a ajudar&#8221; al nostre municipi per poder recaptar aliments que aniran directament a fam\u00edlies vulnerables de la ciutat. Habitualment demanen la col\u00b7laboraci\u00f3 de les escoles. Aquest any ens van informar de qu\u00e8 no estava previst fer-ho aix\u00ed [&hellip;]<\/p>\n","protected":false},"author":4,"featured_media":0,"comment_status":"open","ping_status":"closed","sticky":false,"template":"","format":"standard","meta":{"_bbp_topic_count":0,"_bbp_reply_count":0,"_bbp_total_topic_count":0,"_bbp_total_reply_count":0,"_bbp_voice_count":0,"_bbp_anonymous_reply_count":0,"_bbp_topic_count_hidden":0,"_bbp_reply_count_hidden":0,"_bbp_forum_subforum_count":0,"site-sidebar-layout":"default","site-content-layout":"","ast-site-content-layout":"","site-content-style":"default","site-sidebar-style":"default","ast-global-header-display":"","ast-banner-title-visibility":"","ast-main-header-display":"","ast-hfb-above-header-display":"","ast-hfb-below-header-display":"","ast-hfb-mobile-header-display":"","site-post-title":"","ast-breadcrumbs-content":"","ast-featured-img":"","footer-sml-layout":"","theme-transparent-header-meta":"","adv-header-id-meta":"","stick-header-meta":"","header-above-stick-meta":"","header-main-stick-meta":"","header-below-stick-meta":"","astra-migrate-meta-layouts":"default","ast-page-background-enabled":"default","ast-page-background-meta":{"desktop":{"background-color":"var(--ast-global-color-4)","background-image":"","background-repeat":"repeat","background-position":"center center","background-size":"auto","background-attachment":"scroll","background-type":"","background-media":"","overlay-type":"","overlay-color":"","overlay-opacity":"","overlay-gradient":""},"tablet":{"background-color":"","background-image":"","background-repeat":"repeat","background-position":"center center","background-size":"auto","background-attachment":"scroll","background-type":"","background-media":"","overlay-type":"","overlay-color":"","overlay-opacity":"","overlay-gradient":""},"mobile":{"background-color":"","background-image":"","background-repeat":"repeat","background-position":"center center","background-size":"auto","background-attachment":"scroll","background-type":"","background-media":"","overlay-type":"","overlay-color":"","overlay-opacity":"","overlay-gradient":""}},"ast-content-background-meta":{"desktop":{"background-color":"var(--ast-global-color-5)","background-image":"","background-repeat":"repeat","background-position":"center center","background-size":"auto","background-attachment":"scroll","background-type":"","background-media":"","overlay-type":"","overlay-color":"","overlay-opacity":"","overlay-gradient":""},"tablet":{"background-color":"var(--ast-global-color-5)","background-image":"","background-repeat":"repeat","background-position":"center center","background-size":"auto","background-attachment":"scroll","background-type":"","background-media":"","overlay-type":"","overlay-color":"","overlay-opacity":"","overlay-gradient":""},"mobile":{"background-color":"var(--ast-global-color-5)","background-image":"","background-repeat":"repeat","background-position":"center center","background-size":"auto","background-attachment":"scroll","background-type":"","background-media":"","overlay-type":"","overlay-color":"","overlay-opacity":"","overlay-gradient":""}},"footnotes":""},"categories":[1,4],"tags":[],"class_list":["post-10344","post","type-post","status-publish","format-standard","hentry","category-general","category-portada"],"post_mailing_queue_ids":[],"_links":{"self":[{"href":"https:\/\/agora.xtec.cat\/escolapratdelariba\/wp-json\/wp\/v2\/posts\/10344","targetHints":{"allow":["GET"]}}],"collection":[{"href":"https:\/\/agora.xtec.cat\/escolapratdelariba\/wp-json\/wp\/v2\/posts"}],"about":[{"href":"https:\/\/agora.xtec.cat\/escolapratdelariba\/wp-json\/wp\/v2\/types\/post"}],"author":[{"embeddable":true,"href":"https:\/\/agora.xtec.cat\/escolapratdelariba\/wp-json\/wp\/v2\/users\/4"}],"replies":[{"embeddable":true,"href":"https:\/\/agora.xtec.cat\/escolapratdelariba\/wp-json\/wp\/v2\/comments?post=10344"}],"version-history":[{"count":3,"href":"https:\/\/agora.xtec.cat\/escolapratdelariba\/wp-json\/wp\/v2\/posts\/10344\/revisions"}],"predecessor-version":[{"id":10357,"href":"https:\/\/agora.xtec.cat\/escolapratdelariba\/wp-json\/wp\/v2\/posts\/10344\/revisions\/10357"}],"wp:attachment":[{"href":"https:\/\/agora.xtec.cat\/escolapratdelariba\/wp-json\/wp\/v2\/media?parent=10344"}],"wp:term":[{"taxonomy":"category","embeddable":true,"href":"https:\/\/agora.xtec.cat\/escolapratdelariba\/wp-json\/wp\/v2\/categories?post=10344"},{"taxonomy":"post_tag","embeddable":true,"href":"https:\/\/agora.xtec.cat\/escolapratdelariba\/wp-json\/wp\/v2\/tags?post=10344"}],"curies":[{"name":"wp","href":"https:\/\/api.w.org\/{rel}","templated":true}]}}