{"id":10332,"date":"2020-11-20T15:27:54","date_gmt":"2020-11-20T14:27:54","guid":{"rendered":"http:\/\/agora.xtec.cat\/escolapratdelariba\/?p=10332"},"modified":"2020-11-30T14:06:48","modified_gmt":"2020-11-30T13:06:48","slug":"setmana-de-la-ciencia","status":"publish","type":"post","link":"https:\/\/agora.xtec.cat\/escolapratdelariba\/general\/setmana-de-la-ciencia\/","title":{"rendered":"SETMANA DE LA CI\u00c8NCIA"},"content":{"rendered":"<p style=\"text-align: justify;\"><iframe loading=\"lazy\" src=\"https:\/\/player.vimeo.com\/video\/481606169\" width=\"640\" height=\"360\" frameborder=\"0\"><\/iframe>La Setmana de la Ci\u00e8ncia \u00e9s un dels esdeveniments m\u00e9s importants pel qu\u00e8 fa a la comunicaci\u00f3 social de la ci\u00e8ncia i la tecnologia. El seu objectiu \u00e9s divulgar els aven\u00e7os cient\u00edfics i tecnol\u00f2gics, i la recerca en general, de manera atractiva i propera a la societat amb la finalitat d\u2019augmentar el seu coneixement, la seva cultura i el seu inter\u00e8s cient\u00edfic. Aquest any la Fundaci\u00f3 Recerca ha preparat un munt de propostes per celebrar la 25\u00aa edici\u00f3 i des de l&#8217;escola no ens ho pod\u00edem perdre.<\/p>\n<p style=\"text-align: justify;\">Com b\u00e9 sabeu el nostre tema de l&#8217;any \u00e9s &#8220;LA CI\u00c8NCIA&#8221; i per aquest motiu hem aprofitat aquestes setmanes per a fer diversos tallers i activitats cient\u00edfiques a l&#8217;escola.<!--more--><\/p>\n<p style=\"text-align: justify;\">D&#8217;una banda els alumnes d&#8217;Infantil i 1r van fer dues propostes dinamitzades a trav\u00e9s dels tallers &#8220;LAB 0-6&#8221;. Van venir uns professionals a l&#8217;escola i, juntament amb els mestres, van explicar i experimentar amb els infants com podem tintar l&#8217;aigua amb aliments naturals. Despr\u00e9s, al porxo del pati, van poder experimentar amb un munt d&#8217;activitats per aprendre sobre l&#8217;aire, l&#8217;electricitat, els esquelets, fer figures senceres amb miralls&#8230;<\/p>\n<p style=\"text-align: justify;\">Els alumnes de 2n, Cicle Mig i Superior tamb\u00e9 van fer tallers. Un d&#8217;ells va servir per poder experimientar i entendre millor els conceptes de flotabilitat, les disolucions i la pressi\u00f3 atmosf\u00e8rica. A m\u00e9s a m\u00e9s, els de 5\u00e8 i 6\u00e8 en van fer un m\u00e9s per aprendre com funciona l&#8217;aparell respiratori i el cor. Si mireu el v\u00eddeo veureu que ho van fer amb \u00f2rgans de veritat!<\/p>\n<p>&nbsp;<\/p>\n<p><iframe loading=\"lazy\" src=\"https:\/\/player.vimeo.com\/video\/481699147\" width=\"640\" height=\"360\" frameborder=\"0\"><\/iframe><\/p>\n","protected":false},"excerpt":{"rendered":"<p>La Setmana de la Ci\u00e8ncia \u00e9s un dels esdeveniments m\u00e9s importants pel qu\u00e8 fa a la comunicaci\u00f3 social de la ci\u00e8ncia i la tecnologia. El seu objectiu \u00e9s divulgar els aven\u00e7os cient\u00edfics i tecnol\u00f2gics, i la recerca en general, de manera atractiva i propera a la societat amb la finalitat d\u2019augmentar el seu coneixement, la [&hellip;]<\/p>\n","protected":false},"author":4,"featured_media":10333,"comment_status":"open","ping_status":"closed","sticky":false,"template":"","format":"standard","meta":{"_bbp_topic_count":0,"_bbp_reply_count":0,"_bbp_total_topic_count":0,"_bbp_total_reply_count":0,"_bbp_voice_count":0,"_bbp_anonymous_reply_count":0,"_bbp_topic_count_hidden":0,"_bbp_reply_count_hidden":0,"_bbp_forum_subforum_count":0,"site-sidebar-layout":"default","site-content-layout":"","ast-site-content-layout":"","site-content-style":"default","site-sidebar-style":"default","ast-global-header-display":"","ast-banner-title-visibility":"","ast-main-header-display":"","ast-hfb-above-header-display":"","ast-hfb-below-header-display":"","ast-hfb-mobile-header-display":"","site-post-title":"","ast-breadcrumbs-content":"","ast-featured-img":"","footer-sml-layout":"","theme-transparent-header-meta":"","adv-header-id-meta":"","stick-header-meta":"","header-above-stick-meta":"","header-main-stick-meta":"","header-below-stick-meta":"","astra-migrate-meta-layouts":"default","ast-page-background-enabled":"default","ast-page-background-meta":{"desktop":{"background-color":"var(--ast-global-color-4)","background-image":"","background-repeat":"repeat","background-position":"center center","background-size":"auto","background-attachment":"scroll","background-type":"","background-media":"","overlay-type":"","overlay-color":"","overlay-opacity":"","overlay-gradient":""},"tablet":{"background-color":"","background-image":"","background-repeat":"repeat","background-position":"center center","background-size":"auto","background-attachment":"scroll","background-type":"","background-media":"","overlay-type":"","overlay-color":"","overlay-opacity":"","overlay-gradient":""},"mobile":{"background-color":"","background-image":"","background-repeat":"repeat","background-position":"center center","background-size":"auto","background-attachment":"scroll","background-type":"","background-media":"","overlay-type":"","overlay-color":"","overlay-opacity":"","overlay-gradient":""}},"ast-content-background-meta":{"desktop":{"background-color":"var(--ast-global-color-5)","background-image":"","background-repeat":"repeat","background-position":"center center","background-size":"auto","background-attachment":"scroll","background-type":"","background-media":"","overlay-type":"","overlay-color":"","overlay-opacity":"","overlay-gradient":""},"tablet":{"background-color":"var(--ast-global-color-5)","background-image":"","background-repeat":"repeat","background-position":"center center","background-size":"auto","background-attachment":"scroll","background-type":"","background-media":"","overlay-type":"","overlay-color":"","overlay-opacity":"","overlay-gradient":""},"mobile":{"background-color":"var(--ast-global-color-5)","background-image":"","background-repeat":"repeat","background-position":"center center","background-size":"auto","background-attachment":"scroll","background-type":"","background-media":"","overlay-type":"","overlay-color":"","overlay-opacity":"","overlay-gradient":""}},"footnotes":""},"categories":[1,4],"tags":[],"class_list":["post-10332","post","type-post","status-publish","format-standard","has-post-thumbnail","hentry","category-general","category-portada"],"post_mailing_queue_ids":[],"_links":{"self":[{"href":"https:\/\/agora.xtec.cat\/escolapratdelariba\/wp-json\/wp\/v2\/posts\/10332","targetHints":{"allow":["GET"]}}],"collection":[{"href":"https:\/\/agora.xtec.cat\/escolapratdelariba\/wp-json\/wp\/v2\/posts"}],"about":[{"href":"https:\/\/agora.xtec.cat\/escolapratdelariba\/wp-json\/wp\/v2\/types\/post"}],"author":[{"embeddable":true,"href":"https:\/\/agora.xtec.cat\/escolapratdelariba\/wp-json\/wp\/v2\/users\/4"}],"replies":[{"embeddable":true,"href":"https:\/\/agora.xtec.cat\/escolapratdelariba\/wp-json\/wp\/v2\/comments?post=10332"}],"version-history":[{"count":3,"href":"https:\/\/agora.xtec.cat\/escolapratdelariba\/wp-json\/wp\/v2\/posts\/10332\/revisions"}],"predecessor-version":[{"id":10349,"href":"https:\/\/agora.xtec.cat\/escolapratdelariba\/wp-json\/wp\/v2\/posts\/10332\/revisions\/10349"}],"wp:featuredmedia":[{"embeddable":true,"href":"https:\/\/agora.xtec.cat\/escolapratdelariba\/wp-json\/wp\/v2\/media\/10333"}],"wp:attachment":[{"href":"https:\/\/agora.xtec.cat\/escolapratdelariba\/wp-json\/wp\/v2\/media?parent=10332"}],"wp:term":[{"taxonomy":"category","embeddable":true,"href":"https:\/\/agora.xtec.cat\/escolapratdelariba\/wp-json\/wp\/v2\/categories?post=10332"},{"taxonomy":"post_tag","embeddable":true,"href":"https:\/\/agora.xtec.cat\/escolapratdelariba\/wp-json\/wp\/v2\/tags?post=10332"}],"curies":[{"name":"wp","href":"https:\/\/api.w.org\/{rel}","templated":true}]}}