{"id":10319,"date":"2020-11-01T19:06:53","date_gmt":"2020-11-01T18:06:53","guid":{"rendered":"http:\/\/agora.xtec.cat\/escolapratdelariba\/?p=10319"},"modified":"2020-11-20T15:33:24","modified_gmt":"2020-11-20T14:33:24","slug":"celebrem-la-castanyada-2","status":"publish","type":"post","link":"https:\/\/agora.xtec.cat\/escolapratdelariba\/general\/celebrem-la-castanyada-2\/","title":{"rendered":"CELEBREM LA CASTANYADA"},"content":{"rendered":"<p><iframe loading=\"lazy\" src=\"https:\/\/player.vimeo.com\/video\/474419877\" width=\"640\" height=\"360\" frameborder=\"0\" allow=\"autoplay; fullscreen\" allowfullscreen><\/iframe>Totes i tots sabem que aquest curs ens perdrem coses que f\u00e8iem abans, per\u00f2 n&#8217;hi ha d&#8217;altres que les podem readaptar i aix\u00ed continuar gaudint-les, encara que sigui de manera diferent.<\/p>\n<p>A la nostra escola fomentem molt que els infants es coneguin entre ells, els petits amb els grans i els mitjans i per aix\u00f2 aprofitem les tradicions per fer celebracions conjuntes.<!--more--><\/p>\n<p>Aquest curs, de moment podem dir que hem pogut gaudir de la Castanyada! Gr\u00e0cies al nostre gran pati vam donar un espai a cada grup. Primer van fer uns balls que havien preparat amb les seves mestres de m\u00fasica, S\u00edlvia i Cristina A.Despr\u00e9s van menjar-se els panellets i pastissos de tardor que hav\u00edem comprat, aquest any no els heu pogut fer vosaltres, per\u00f2 la pastisseria Dol\u00e7a Barcelona us en ha preparat uns de ben especials! Amb els noms de les classes i tot!<\/p>\n<p>Al migdia, els i les alumnes que es van quedar al menjador van gaudir d&#8217;un \u00e0pat especial, pizza de la Joselin! i com sempre les seves divertides monitores els van alegrar encara m\u00e9s el dia vestint-se totes de Castanyeres.<\/p>\n","protected":false},"excerpt":{"rendered":"<p>Totes i tots sabem que aquest curs ens perdrem coses que f\u00e8iem abans, per\u00f2 n&#8217;hi ha d&#8217;altres que les podem readaptar i aix\u00ed continuar gaudint-les, encara que sigui de manera diferent. A la nostra escola fomentem molt que els infants es coneguin entre ells, els petits amb els grans i els mitjans i per aix\u00f2 [&hellip;]<\/p>\n","protected":false},"author":4,"featured_media":10320,"comment_status":"open","ping_status":"closed","sticky":false,"template":"","format":"standard","meta":{"_bbp_topic_count":0,"_bbp_reply_count":0,"_bbp_total_topic_count":0,"_bbp_total_reply_count":0,"_bbp_voice_count":0,"_bbp_anonymous_reply_count":0,"_bbp_topic_count_hidden":0,"_bbp_reply_count_hidden":0,"_bbp_forum_subforum_count":0,"site-sidebar-layout":"default","site-content-layout":"","ast-site-content-layout":"","site-content-style":"default","site-sidebar-style":"default","ast-global-header-display":"","ast-banner-title-visibility":"","ast-main-header-display":"","ast-hfb-above-header-display":"","ast-hfb-below-header-display":"","ast-hfb-mobile-header-display":"","site-post-title":"","ast-breadcrumbs-content":"","ast-featured-img":"","footer-sml-layout":"","theme-transparent-header-meta":"","adv-header-id-meta":"","stick-header-meta":"","header-above-stick-meta":"","header-main-stick-meta":"","header-below-stick-meta":"","astra-migrate-meta-layouts":"default","ast-page-background-enabled":"default","ast-page-background-meta":{"desktop":{"background-color":"var(--ast-global-color-4)","background-image":"","background-repeat":"repeat","background-position":"center center","background-size":"auto","background-attachment":"scroll","background-type":"","background-media":"","overlay-type":"","overlay-color":"","overlay-opacity":"","overlay-gradient":""},"tablet":{"background-color":"","background-image":"","background-repeat":"repeat","background-position":"center center","background-size":"auto","background-attachment":"scroll","background-type":"","background-media":"","overlay-type":"","overlay-color":"","overlay-opacity":"","overlay-gradient":""},"mobile":{"background-color":"","background-image":"","background-repeat":"repeat","background-position":"center center","background-size":"auto","background-attachment":"scroll","background-type":"","background-media":"","overlay-type":"","overlay-color":"","overlay-opacity":"","overlay-gradient":""}},"ast-content-background-meta":{"desktop":{"background-color":"var(--ast-global-color-5)","background-image":"","background-repeat":"repeat","background-position":"center center","background-size":"auto","background-attachment":"scroll","background-type":"","background-media":"","overlay-type":"","overlay-color":"","overlay-opacity":"","overlay-gradient":""},"tablet":{"background-color":"var(--ast-global-color-5)","background-image":"","background-repeat":"repeat","background-position":"center center","background-size":"auto","background-attachment":"scroll","background-type":"","background-media":"","overlay-type":"","overlay-color":"","overlay-opacity":"","overlay-gradient":""},"mobile":{"background-color":"var(--ast-global-color-5)","background-image":"","background-repeat":"repeat","background-position":"center center","background-size":"auto","background-attachment":"scroll","background-type":"","background-media":"","overlay-type":"","overlay-color":"","overlay-opacity":"","overlay-gradient":""}},"footnotes":""},"categories":[1,4],"tags":[],"class_list":["post-10319","post","type-post","status-publish","format-standard","has-post-thumbnail","hentry","category-general","category-portada"],"post_mailing_queue_ids":[],"_links":{"self":[{"href":"https:\/\/agora.xtec.cat\/escolapratdelariba\/wp-json\/wp\/v2\/posts\/10319","targetHints":{"allow":["GET"]}}],"collection":[{"href":"https:\/\/agora.xtec.cat\/escolapratdelariba\/wp-json\/wp\/v2\/posts"}],"about":[{"href":"https:\/\/agora.xtec.cat\/escolapratdelariba\/wp-json\/wp\/v2\/types\/post"}],"author":[{"embeddable":true,"href":"https:\/\/agora.xtec.cat\/escolapratdelariba\/wp-json\/wp\/v2\/users\/4"}],"replies":[{"embeddable":true,"href":"https:\/\/agora.xtec.cat\/escolapratdelariba\/wp-json\/wp\/v2\/comments?post=10319"}],"version-history":[{"count":3,"href":"https:\/\/agora.xtec.cat\/escolapratdelariba\/wp-json\/wp\/v2\/posts\/10319\/revisions"}],"predecessor-version":[{"id":10339,"href":"https:\/\/agora.xtec.cat\/escolapratdelariba\/wp-json\/wp\/v2\/posts\/10319\/revisions\/10339"}],"wp:featuredmedia":[{"embeddable":true,"href":"https:\/\/agora.xtec.cat\/escolapratdelariba\/wp-json\/wp\/v2\/media\/10320"}],"wp:attachment":[{"href":"https:\/\/agora.xtec.cat\/escolapratdelariba\/wp-json\/wp\/v2\/media?parent=10319"}],"wp:term":[{"taxonomy":"category","embeddable":true,"href":"https:\/\/agora.xtec.cat\/escolapratdelariba\/wp-json\/wp\/v2\/categories?post=10319"},{"taxonomy":"post_tag","embeddable":true,"href":"https:\/\/agora.xtec.cat\/escolapratdelariba\/wp-json\/wp\/v2\/tags?post=10319"}],"curies":[{"name":"wp","href":"https:\/\/api.w.org\/{rel}","templated":true}]}}