{"id":10012,"date":"2020-04-23T01:14:50","date_gmt":"2020-04-22T23:14:50","guid":{"rendered":"http:\/\/agora.xtec.cat\/escolapratdelariba\/?p=10012"},"modified":"2020-05-01T10:15:50","modified_gmt":"2020-05-01T08:15:50","slug":"bon-dia-de-sant-jordi","status":"publish","type":"post","link":"https:\/\/agora.xtec.cat\/escolapratdelariba\/general\/bon-dia-de-sant-jordi\/","title":{"rendered":"CELEBREM SANT JORDI"},"content":{"rendered":"<p style=\"text-align: justify;\">Bon dia fam\u00edlies! Avui ja \u00e9s Sant Jordi i celebrarem aquest dia tan bonic gr\u00e0cies a la participaci\u00f3 de tota la comunitat educativa, mestres, alumnes i fam\u00edlies hem col\u00b7laborat per poder gaudir plegats una bona estona.<\/p>\n<p style=\"text-align: justify;\">Ja sabeu que si est\u00e9ssim a l&#8217;escola avui hagu\u00e9ssim guarnit els passadissos, el menjador, l&#8217;AFA, el porxo&#8230; amb moltes manualitats. Alguns haur\u00edeu fet roses, d&#8217;altres dracs, d&#8217;altres punts de llibre&#8230; Per\u00f2 com que sou una passada, els que heu pogut, ens heu enviat les vostres creacions, aix\u00ed comen\u00e7arem fent un petit viatge de casa en casa per gaudir d&#8217;aquestes boniques imatges!<\/p>\n<p><iframe loading=\"lazy\" src=\"https:\/\/player.vimeo.com\/video\/411316355\" width=\"550\" height=\"300\" frameborder=\"0\"><\/iframe><!--more--><\/p>\n<p><a href=\"https:\/\/drive.google.com\/open?id=1KocOXT9-4OiOk0vbvTUfbbwaZeRfnfEr\" target=\"_blank\" rel=\"noopener noreferrer\">Aqu\u00ed teniu l&#8217;enlla\u00e7<\/a> amb m\u00e9s <strong>imatges de les manualitats<\/strong>.<\/p>\n<p style=\"text-align: justify;\"><strong>LLEGENDA DE SANT JORDI<\/strong><br \/>\nDes de fa uns cursos els i les mestres hem representat la llegenda de Sant Jordi mentre els finalistes del Certamen de Lectura en Veu Alta ens la llegien. Aquest any, els mestres hem preparat la llegenda i aqu\u00ed us l&#8217;expliquem tots plegats!<\/p>\n<p style=\"text-align: justify;\"><iframe loading=\"lazy\" src=\"https:\/\/player.vimeo.com\/video\/410639387\" width=\"550\" height=\"300\" frameborder=\"0\"><\/iframe><\/p>\n<p style=\"text-align: justify;\">Ara ja l&#8217;heu escoltat, per\u00f2&#8230; la voleu veure representada? Doncs aqu\u00ed teniu una sorpresa que han preparat entre unes quantes fam\u00edlies del cole.<\/p>\n<p><iframe loading=\"lazy\" src=\"https:\/\/player.vimeo.com\/video\/410638329\" width=\"550\" height=\"300\" frameborder=\"0\"><\/iframe><\/p>\n<p style=\"text-align: justify;\"><strong>HOMENTAGE A GIANNI RODARI<\/strong><\/p>\n<p style=\"text-align: justify;\">L&#8217;altre dia us vam presentar aquest gran escriptor i us anim\u00e0vem a seguir l&#8217;exemple del seu llibre &#8220;Contes per tel\u00e8fon&#8221;, ara escoltarem un trosset de les lectures que heu preparat. Alguns ja heu aprofitat per fer-les per tel\u00e8fon i d&#8217;altres segur que avui trucareu alg\u00fa per felicitar el Sant Jordi amb una bonica hist\u00f2ria.<\/p>\n<p>Aqu\u00ed sota teniu el v\u00eddeo, per\u00f2 abans tamb\u00e9 <strong>us animem a llegir <a href=\"https:\/\/drive.google.com\/open?id=1Da8K_ao6xBH0bIi-M1_3d9Iy81bt1Dp_\" target=\"_blank\" rel=\"noopener noreferrer\">aquesta poesia<\/a> que ha escrit una mare de 6\u00e8<\/strong> amb molta tendresa per a tots nosaltres.<\/p>\n<p><iframe loading=\"lazy\" src=\"https:\/\/player.vimeo.com\/video\/410812631\" width=\"550\" height=\"300\" frameborder=\"0\"><\/iframe><\/p>\n<p><a href=\"https:\/\/drive.google.com\/open?id=18E4otR-zeKMKb1xavx_7qt4mbuAbYMxi\" target=\"_blank\" rel=\"noopener noreferrer\">Aqu\u00ed teniu l&#8217;enlla\u00e7<\/a> amb la carpeta amb les <strong>lectures senceres<\/strong>.<\/p>\n<p style=\"text-align: justify;\"><strong>BALL DELS PERSONATGES<\/strong><\/p>\n<p style=\"text-align: justify;\">I com que no podem donar per finalitzada la celebraci\u00f3 de Sant Jordi fins que ballem la can\u00e7\u00f3 que tan us agrada, poseu-vos dretes i drets i balleu amb nosaltres!!<\/p>\n<p><iframe loading=\"lazy\" src=\"https:\/\/player.vimeo.com\/video\/410650560\" width=\"550\" height=\"300\" frameborder=\"0\"><\/iframe><\/p>\n<p style=\"text-align: justify;\">Esperem que hagueu gaudit d&#8217;aquesta celebraci\u00f3, des de la llunyania hem aconseguit sentir-nos una mica m\u00e9s a prop durant una estona. Desitgem que acabeu de passar un bon dia de Sant Jordi totes i tots plegats!<\/p>\n<p style=\"text-align: justify;\">Si voleu participar amb la proposta de la casa Batll\u00f3 i amb l&#8217;Ajuntament d&#8217;Esplugues, podeu penjar les vostres creacions als balcons i descarregar-vos <a href=\"https:\/\/drive.google.com\/open?id=1nkwB_Ie30FZj84SHwXzaAOrKPZY9hlMh\" target=\"_blank\" rel=\"noopener noreferrer\"><strong>aquest dibuix<\/strong><\/a> per acolorir i posar-lo tamb\u00e9 perqu\u00e8 el vegi tothom.<\/p>\n","protected":false},"excerpt":{"rendered":"<p>Bon dia fam\u00edlies! Avui ja \u00e9s Sant Jordi i celebrarem aquest dia tan bonic gr\u00e0cies a la participaci\u00f3 de tota la comunitat educativa, mestres, alumnes i fam\u00edlies hem col\u00b7laborat per poder gaudir plegats una bona estona. Ja sabeu que si est\u00e9ssim a l&#8217;escola avui hagu\u00e9ssim guarnit els passadissos, el menjador, l&#8217;AFA, el porxo&#8230; amb moltes [&hellip;]<\/p>\n","protected":false},"author":4,"featured_media":10021,"comment_status":"open","ping_status":"closed","sticky":false,"template":"","format":"standard","meta":{"_bbp_topic_count":0,"_bbp_reply_count":0,"_bbp_total_topic_count":0,"_bbp_total_reply_count":0,"_bbp_voice_count":0,"_bbp_anonymous_reply_count":0,"_bbp_topic_count_hidden":0,"_bbp_reply_count_hidden":0,"_bbp_forum_subforum_count":0,"site-sidebar-layout":"default","site-content-layout":"","ast-site-content-layout":"","site-content-style":"default","site-sidebar-style":"default","ast-global-header-display":"","ast-banner-title-visibility":"","ast-main-header-display":"","ast-hfb-above-header-display":"","ast-hfb-below-header-display":"","ast-hfb-mobile-header-display":"","site-post-title":"","ast-breadcrumbs-content":"","ast-featured-img":"","footer-sml-layout":"","theme-transparent-header-meta":"","adv-header-id-meta":"","stick-header-meta":"","header-above-stick-meta":"","header-main-stick-meta":"","header-below-stick-meta":"","astra-migrate-meta-layouts":"default","ast-page-background-enabled":"default","ast-page-background-meta":{"desktop":{"background-color":"var(--ast-global-color-4)","background-image":"","background-repeat":"repeat","background-position":"center center","background-size":"auto","background-attachment":"scroll","background-type":"","background-media":"","overlay-type":"","overlay-color":"","overlay-opacity":"","overlay-gradient":""},"tablet":{"background-color":"","background-image":"","background-repeat":"repeat","background-position":"center center","background-size":"auto","background-attachment":"scroll","background-type":"","background-media":"","overlay-type":"","overlay-color":"","overlay-opacity":"","overlay-gradient":""},"mobile":{"background-color":"","background-image":"","background-repeat":"repeat","background-position":"center center","background-size":"auto","background-attachment":"scroll","background-type":"","background-media":"","overlay-type":"","overlay-color":"","overlay-opacity":"","overlay-gradient":""}},"ast-content-background-meta":{"desktop":{"background-color":"var(--ast-global-color-5)","background-image":"","background-repeat":"repeat","background-position":"center center","background-size":"auto","background-attachment":"scroll","background-type":"","background-media":"","overlay-type":"","overlay-color":"","overlay-opacity":"","overlay-gradient":""},"tablet":{"background-color":"var(--ast-global-color-5)","background-image":"","background-repeat":"repeat","background-position":"center center","background-size":"auto","background-attachment":"scroll","background-type":"","background-media":"","overlay-type":"","overlay-color":"","overlay-opacity":"","overlay-gradient":""},"mobile":{"background-color":"var(--ast-global-color-5)","background-image":"","background-repeat":"repeat","background-position":"center center","background-size":"auto","background-attachment":"scroll","background-type":"","background-media":"","overlay-type":"","overlay-color":"","overlay-opacity":"","overlay-gradient":""}},"footnotes":""},"categories":[1,4],"tags":[],"class_list":["post-10012","post","type-post","status-publish","format-standard","has-post-thumbnail","hentry","category-general","category-portada"],"post_mailing_queue_ids":[],"_links":{"self":[{"href":"https:\/\/agora.xtec.cat\/escolapratdelariba\/wp-json\/wp\/v2\/posts\/10012","targetHints":{"allow":["GET"]}}],"collection":[{"href":"https:\/\/agora.xtec.cat\/escolapratdelariba\/wp-json\/wp\/v2\/posts"}],"about":[{"href":"https:\/\/agora.xtec.cat\/escolapratdelariba\/wp-json\/wp\/v2\/types\/post"}],"author":[{"embeddable":true,"href":"https:\/\/agora.xtec.cat\/escolapratdelariba\/wp-json\/wp\/v2\/users\/4"}],"replies":[{"embeddable":true,"href":"https:\/\/agora.xtec.cat\/escolapratdelariba\/wp-json\/wp\/v2\/comments?post=10012"}],"version-history":[{"count":3,"href":"https:\/\/agora.xtec.cat\/escolapratdelariba\/wp-json\/wp\/v2\/posts\/10012\/revisions"}],"predecessor-version":[{"id":10035,"href":"https:\/\/agora.xtec.cat\/escolapratdelariba\/wp-json\/wp\/v2\/posts\/10012\/revisions\/10035"}],"wp:featuredmedia":[{"embeddable":true,"href":"https:\/\/agora.xtec.cat\/escolapratdelariba\/wp-json\/wp\/v2\/media\/10021"}],"wp:attachment":[{"href":"https:\/\/agora.xtec.cat\/escolapratdelariba\/wp-json\/wp\/v2\/media?parent=10012"}],"wp:term":[{"taxonomy":"category","embeddable":true,"href":"https:\/\/agora.xtec.cat\/escolapratdelariba\/wp-json\/wp\/v2\/categories?post=10012"},{"taxonomy":"post_tag","embeddable":true,"href":"https:\/\/agora.xtec.cat\/escolapratdelariba\/wp-json\/wp\/v2\/tags?post=10012"}],"curies":[{"name":"wp","href":"https:\/\/api.w.org\/{rel}","templated":true}]}}