{"id":53,"count":96,"description":"BENVINGUTS I BENVINGUDES A SIS\u00c8 DE PRIM\u00c0RIA!\r\n\r\nJa som els grans de l'escola i hem arribat a l'\u00faltim curs de la prim\u00e0ria! Tots els infants de sis\u00e8 estan molt il\u00b7lusionats per viure totes les aventures que els hi esperen! A m\u00e9s, us presentem a 4 alumnes que s'han incorporat a les nostres aules: Amirali i Roger (6\u00e8A) i Yamil i Shinta (6\u00e8B)!\r\n\r\nQue comenci l'aventura!\r\n\r\n<a href=\"https:\/\/agora.xtec.cat\/escolapratdelariba\/wp-content\/uploads\/usu534\/2025\/10\/FOTO-BLOC.jpg\"><img class=\"aligncenter size-medium wp-image-12371\" src=\"https:\/\/agora.xtec.cat\/escolapratdelariba\/wp-content\/uploads\/usu534\/2025\/10\/FOTO-BLOC-300x225.jpg\" alt=\"\" width=\"300\" height=\"225\" \/><\/a><a href=\"https:\/\/agora.xtec.cat\/escolapratdelariba\/wp-content\/uploads\/usu534\/2025\/10\/FOTO-BLOC-6EA.jpg\"><img class=\"aligncenter size-medium wp-image-12370\" src=\"https:\/\/agora.xtec.cat\/escolapratdelariba\/wp-content\/uploads\/usu534\/2025\/10\/FOTO-BLOC-6EA-300x225.jpg\" alt=\"\" width=\"300\" height=\"225\" \/><\/a>","link":"https:\/\/agora.xtec.cat\/escolapratdelariba\/categoria\/blocs\/el-bloc-de-cicle-superior\/","name":"EL BLOC DE CICLE SUPERIOR","slug":"el-bloc-de-cicle-superior","taxonomy":"category","parent":50,"meta":[],"_links":{"self":[{"href":"https:\/\/agora.xtec.cat\/escolapratdelariba\/wp-json\/wp\/v2\/categories\/53","targetHints":{"allow":["GET"]}}],"collection":[{"href":"https:\/\/agora.xtec.cat\/escolapratdelariba\/wp-json\/wp\/v2\/categories"}],"about":[{"href":"https:\/\/agora.xtec.cat\/escolapratdelariba\/wp-json\/wp\/v2\/taxonomies\/category"}],"up":[{"embeddable":true,"href":"https:\/\/agora.xtec.cat\/escolapratdelariba\/wp-json\/wp\/v2\/categories\/50"}],"wp:post_type":[{"href":"https:\/\/agora.xtec.cat\/escolapratdelariba\/wp-json\/wp\/v2\/posts?categories=53"}],"curies":[{"name":"wp","href":"https:\/\/api.w.org\/{rel}","templated":true}]}}