{"id":9110,"date":"2020-03-30T00:21:39","date_gmt":"2020-03-29T22:21:39","guid":{"rendered":"http:\/\/agora.xtec.cat\/escolaponent\/?p=9110"},"modified":"2020-03-30T13:21:34","modified_gmt":"2020-03-30T11:21:34","slug":"vip-visual-i-plastica-a-casa","status":"publish","type":"post","link":"https:\/\/agora.xtec.cat\/escolaponent\/primaria\/exalumnes-sise-2526\/vip-visual-i-plastica-a-casa\/","title":{"rendered":"ViP (Visual i Pl\u00e0stica) A CASA- 1r"},"content":{"rendered":"<p>HOLA ESTIMATS NENS I NENES DE 1R (CADERNERA I CUERETA)<br \/>\nCOM ESTEU? DESITJO QUE ESTIGUEU MOLT I MOLT B\u00c9!!!!!<br \/>\nPER AQUESTS DIES QUE ESTEM A CASA US PROPOSO LA PRIMERA CREACI\u00d3 DE PL\u00c0STICA PER AQUESTA SETMANA.<br \/>\nEM FARIA MOLTA IL.LUSI\u00d3 REBRE ELS VOSTRES DIBUIXOS,\u00a0 US ANIMEU???? \u00a0 \u00a0 \u00a0 \u00a0 \u00a0 \u00a0 \u00a0 \u00a0 \u00a0 \u00a0 \u00a0 \u00a0 \u00a0 \u00a0 \u00a0 \u00a0 \u00a0 \u00a0 \u00a0 \u00a0 \u00a0 \u00a0 \u00a0 \u00a0 \u00a0 \u00a0 \u00a0 \u00a0 \u00a0 \u00a0 \u00a0 \u00a0 \u00a0 \u00a0 \u00a0 \u00a0 \u00a0 \u00a0 \u00a0 \u00a0 \u00a0 \u00a0 \u00a0 \u00a0 \u00a0 \u00a0 \u00a0 \u00a0 \u00a0 \u00a0 \u00a0 \u00a0 \u00a0 \u00a0 \u00a0 \u00a0 \u00a0 \u00a0 \u00a0 \u00a0 \u00a0 \u00a0 \u00a0 \u00a0 \u00a0 \u00a0 \u00a0 \u00a0 \u00a0 \u00a0 \u00a0 \u00a0 \u00a0 \u00a0 \u00a0 \u00a0 \u00a0 \u00a0 \u00a0 \u00a0 \u00a0 \u00a0 \u00a0 \u00a0 \u00a0 \u00a0 \u00a0\u00a0 ELS PODEU ENVIAR EN AQUESTA ADRE\u00c7A: albagarciapuig@ponentterrassa.cat<\/p>\n<p><strong>TASCA 1:<\/strong><br \/>\n<strong><span style=\"text-decoration: underline;\">TREBALLEM AMB JOAN MIR\u00d3<\/span><\/strong><\/p>\n<p>1- Mira aquest v\u00eddeo sobre l\u2019obra art\u00edstica de Joan Mir\u00f3.<\/p>\n<p><a href=\"https:\/\/www.youtube.com\/watch?v=-Zp7Du1ckaY\">V\u00cdDEO SOBRE JOAN MIR\u00d3<\/a><\/p>\n<p>2- Despr\u00e9s de saber el perqu\u00e8 d\u2019alguns dels s\u00edmbols i colors que Mir\u00f3 utilitzava&#8230; anima\u2019t a fer un dibuix que representi a un nen o nena<\/p>\n<p>passejant un gos, durant el dia i\/o la nit i nom\u00e9s utilitzant els colors (negre, groc, vermell, blau i verd)<\/p>\n<p><a href=\"https:\/\/www.pinterest.es\/pin\/323203710754237291\/\">CLICA AQU\u00cd PER VEURE QUADRE EXEMPLE<\/a><\/p>\n<p>3- T\u2019animes a penjar\u00a0 les teves creacions???\u00a0 Em far\u00e0 molta il.lusi\u00f3 saber de vosaltres.<\/p>\n<p>Una abra\u00e7ada immensa!!!<br \/>\nAlba<\/p>\n","protected":false},"excerpt":{"rendered":"<p>HOLA ESTIMATS NENS I NENES DE 1R (CADERNERA I CUERETA) COM ESTEU? DESITJO QUE ESTIGUEU MOLT I MOLT B\u00c9!!!!! PER AQUESTS DIES QUE ESTEM A CASA US PROPOSO LA PRIMERA CREACI\u00d3 DE PL\u00c0STICA PER AQUESTA SETMANA. EM FARIA MOLTA IL.LUSI\u00d3 REBRE ELS VOSTRES DIBUIXOS,\u00a0 US ANIMEU???? \u00a0 \u00a0 \u00a0 \u00a0 \u00a0 \u00a0 \u00a0 \u00a0 \u00a0 [&hellip;]<\/p>\n","protected":false},"author":1,"featured_media":7779,"comment_status":"open","ping_status":"closed","sticky":false,"template":"","format":"standard","meta":{"_bbp_topic_count":0,"_bbp_reply_count":0,"_bbp_total_topic_count":0,"_bbp_total_reply_count":0,"_bbp_voice_count":0,"_bbp_anonymous_reply_count":0,"_bbp_topic_count_hidden":0,"_bbp_reply_count_hidden":0,"_bbp_forum_subforum_count":0,"site-sidebar-layout":"default","site-content-layout":"","ast-site-content-layout":"","site-content-style":"default","site-sidebar-style":"default","ast-global-header-display":"","ast-banner-title-visibility":"","ast-main-header-display":"","ast-hfb-above-header-display":"","ast-hfb-below-header-display":"","ast-hfb-mobile-header-display":"","site-post-title":"","ast-breadcrumbs-content":"","ast-featured-img":"","footer-sml-layout":"","theme-transparent-header-meta":"","adv-header-id-meta":"","stick-header-meta":"","header-above-stick-meta":"","header-main-stick-meta":"","header-below-stick-meta":"","astra-migrate-meta-layouts":"default","ast-page-background-enabled":"default","ast-page-background-meta":{"desktop":{"background-color":"var(--ast-global-color-4)","background-image":"","background-repeat":"repeat","background-position":"center center","background-size":"auto","background-attachment":"scroll","background-type":"","background-media":"","overlay-type":"","overlay-color":"","overlay-opacity":"","overlay-gradient":""},"tablet":{"background-color":"","background-image":"","background-repeat":"repeat","background-position":"center center","background-size":"auto","background-attachment":"scroll","background-type":"","background-media":"","overlay-type":"","overlay-color":"","overlay-opacity":"","overlay-gradient":""},"mobile":{"background-color":"","background-image":"","background-repeat":"repeat","background-position":"center center","background-size":"auto","background-attachment":"scroll","background-type":"","background-media":"","overlay-type":"","overlay-color":"","overlay-opacity":"","overlay-gradient":""}},"ast-content-background-meta":{"desktop":{"background-color":"var(--ast-global-color-5)","background-image":"","background-repeat":"repeat","background-position":"center center","background-size":"auto","background-attachment":"scroll","background-type":"","background-media":"","overlay-type":"","overlay-color":"","overlay-opacity":"","overlay-gradient":""},"tablet":{"background-color":"var(--ast-global-color-5)","background-image":"","background-repeat":"repeat","background-position":"center center","background-size":"auto","background-attachment":"scroll","background-type":"","background-media":"","overlay-type":"","overlay-color":"","overlay-opacity":"","overlay-gradient":""},"mobile":{"background-color":"var(--ast-global-color-5)","background-image":"","background-repeat":"repeat","background-position":"center center","background-size":"auto","background-attachment":"scroll","background-type":"","background-media":"","overlay-type":"","overlay-color":"","overlay-opacity":"","overlay-gradient":""}},"footnotes":""},"categories":[33,3],"tags":[],"class_list":["post-9110","post","type-post","status-publish","format-standard","has-post-thumbnail","hentry","category-vip-visual-i-plastica","category-exalumnes-sise-2526"],"post_mailing_queue_ids":[],"_links":{"self":[{"href":"https:\/\/agora.xtec.cat\/escolaponent\/wp-json\/wp\/v2\/posts\/9110","targetHints":{"allow":["GET"]}}],"collection":[{"href":"https:\/\/agora.xtec.cat\/escolaponent\/wp-json\/wp\/v2\/posts"}],"about":[{"href":"https:\/\/agora.xtec.cat\/escolaponent\/wp-json\/wp\/v2\/types\/post"}],"author":[{"embeddable":true,"href":"https:\/\/agora.xtec.cat\/escolaponent\/wp-json\/wp\/v2\/users\/1"}],"replies":[{"embeddable":true,"href":"https:\/\/agora.xtec.cat\/escolaponent\/wp-json\/wp\/v2\/comments?post=9110"}],"version-history":[{"count":3,"href":"https:\/\/agora.xtec.cat\/escolaponent\/wp-json\/wp\/v2\/posts\/9110\/revisions"}],"predecessor-version":[{"id":9152,"href":"https:\/\/agora.xtec.cat\/escolaponent\/wp-json\/wp\/v2\/posts\/9110\/revisions\/9152"}],"wp:featuredmedia":[{"embeddable":true,"href":"https:\/\/agora.xtec.cat\/escolaponent\/wp-json\/wp\/v2\/media\/7779"}],"wp:attachment":[{"href":"https:\/\/agora.xtec.cat\/escolaponent\/wp-json\/wp\/v2\/media?parent=9110"}],"wp:term":[{"taxonomy":"category","embeddable":true,"href":"https:\/\/agora.xtec.cat\/escolaponent\/wp-json\/wp\/v2\/categories?post=9110"},{"taxonomy":"post_tag","embeddable":true,"href":"https:\/\/agora.xtec.cat\/escolaponent\/wp-json\/wp\/v2\/tags?post=9110"}],"curies":[{"name":"wp","href":"https:\/\/api.w.org\/{rel}","templated":true}]}}