{"id":876,"date":"2016-09-22T14:10:38","date_gmt":"2016-09-22T13:10:38","guid":{"rendered":"http:\/\/agora.xtec.cat\/escolaponent\/?p=876"},"modified":"2016-09-22T14:10:38","modified_gmt":"2016-09-22T13:10:38","slug":"benvinguts-i-benvingudes","status":"publish","type":"post","link":"https:\/\/agora.xtec.cat\/escolaponent\/ex-alumnes\/benvinguts-i-benvingudes\/","title":{"rendered":"Benvinguts i benvingudes!!"},"content":{"rendered":"<p>Benvolgudes fam\u00edlies,<\/p>\n<p>Despr\u00e9s d&#8217;un estiu ple d&#8217; experi\u00e8ncies, moments amb la fam\u00edlia i els amics i descobriment de nous pobles i ciutats tornem a l&#8217;escola amb energies renovades.<\/p>\n<p>Ens espera un any ple de nous projectes, aprenentatges i emocions. Sis\u00e8 es un curs ple de canvis, on acaba una etapa de la vida i ens preparem per marxar a l&#8217;institut.<\/p>\n<p>Com a tutores us convidem a acompanyar als vostres fills i filles en aquest cam\u00ed tant apassionant.<\/p>\n<p><a href=\"http:\/\/agora.xtec.cat\/escolaponent\/wp-content\/uploads\/usu881\/2016\/09\/mafalda-tornada-a-l-escola.jpg\"><img loading=\"lazy\" decoding=\"async\" class=\"alignnone size-full wp-image-893\" src=\"http:\/\/agora.xtec.cat\/escolaponent\/wp-content\/uploads\/usu881\/2016\/09\/mafalda-tornada-a-l-escola.jpg\" alt=\"mafalda tornada a l-escola\" width=\"736\" height=\"217\" srcset=\"https:\/\/agora.xtec.cat\/escolaponent\/wp-content\/uploads\/usu881\/2016\/09\/mafalda-tornada-a-l-escola.jpg 736w, https:\/\/agora.xtec.cat\/escolaponent\/wp-content\/uploads\/usu881\/2016\/09\/mafalda-tornada-a-l-escola-300x88.jpg 300w\" sizes=\"auto, (max-width: 736px) 100vw, 736px\" \/><\/a><\/p>\n","protected":false},"excerpt":{"rendered":"<p>Benvolgudes fam\u00edlies, Despr\u00e9s d&#8217;un estiu ple d&#8217; experi\u00e8ncies, moments amb la fam\u00edlia i els amics i descobriment de nous pobles i ciutats tornem a l&#8217;escola amb energies renovades. Ens espera un any ple de nous projectes, aprenentatges i emocions. Sis\u00e8 es un curs ple de canvis, on acaba una etapa de la vida i ens [&hellip;]<\/p>\n","protected":false},"author":29,"featured_media":893,"comment_status":"open","ping_status":"open","sticky":false,"template":"","format":"standard","meta":{"_bbp_topic_count":0,"_bbp_reply_count":0,"_bbp_total_topic_count":0,"_bbp_total_reply_count":0,"_bbp_voice_count":0,"_bbp_anonymous_reply_count":0,"_bbp_topic_count_hidden":0,"_bbp_reply_count_hidden":0,"_bbp_forum_subforum_count":0,"site-sidebar-layout":"default","site-content-layout":"","ast-site-content-layout":"","site-content-style":"default","site-sidebar-style":"default","ast-global-header-display":"","ast-banner-title-visibility":"","ast-main-header-display":"","ast-hfb-above-header-display":"","ast-hfb-below-header-display":"","ast-hfb-mobile-header-display":"","site-post-title":"","ast-breadcrumbs-content":"","ast-featured-img":"","footer-sml-layout":"","theme-transparent-header-meta":"","adv-header-id-meta":"","stick-header-meta":"","header-above-stick-meta":"","header-main-stick-meta":"","header-below-stick-meta":"","astra-migrate-meta-layouts":"default","ast-page-background-enabled":"default","ast-page-background-meta":{"desktop":{"background-color":"var(--ast-global-color-4)","background-image":"","background-repeat":"repeat","background-position":"center center","background-size":"auto","background-attachment":"scroll","background-type":"","background-media":"","overlay-type":"","overlay-color":"","overlay-opacity":"","overlay-gradient":""},"tablet":{"background-color":"","background-image":"","background-repeat":"repeat","background-position":"center center","background-size":"auto","background-attachment":"scroll","background-type":"","background-media":"","overlay-type":"","overlay-color":"","overlay-opacity":"","overlay-gradient":""},"mobile":{"background-color":"","background-image":"","background-repeat":"repeat","background-position":"center center","background-size":"auto","background-attachment":"scroll","background-type":"","background-media":"","overlay-type":"","overlay-color":"","overlay-opacity":"","overlay-gradient":""}},"ast-content-background-meta":{"desktop":{"background-color":"var(--ast-global-color-5)","background-image":"","background-repeat":"repeat","background-position":"center center","background-size":"auto","background-attachment":"scroll","background-type":"","background-media":"","overlay-type":"","overlay-color":"","overlay-opacity":"","overlay-gradient":""},"tablet":{"background-color":"var(--ast-global-color-5)","background-image":"","background-repeat":"repeat","background-position":"center center","background-size":"auto","background-attachment":"scroll","background-type":"","background-media":"","overlay-type":"","overlay-color":"","overlay-opacity":"","overlay-gradient":""},"mobile":{"background-color":"var(--ast-global-color-5)","background-image":"","background-repeat":"repeat","background-position":"center center","background-size":"auto","background-attachment":"scroll","background-type":"","background-media":"","overlay-type":"","overlay-color":"","overlay-opacity":"","overlay-gradient":""}},"footnotes":""},"categories":[15],"tags":[111,69,109,110,52],"class_list":["post-876","post","type-post","status-publish","format-standard","has-post-thumbnail","hentry","category-ex-alumnes","tag-benvinguda","tag-cicle-superior","tag-inici-curs","tag-presentacio","tag-sise"],"post_mailing_queue_ids":[],"_links":{"self":[{"href":"https:\/\/agora.xtec.cat\/escolaponent\/wp-json\/wp\/v2\/posts\/876","targetHints":{"allow":["GET"]}}],"collection":[{"href":"https:\/\/agora.xtec.cat\/escolaponent\/wp-json\/wp\/v2\/posts"}],"about":[{"href":"https:\/\/agora.xtec.cat\/escolaponent\/wp-json\/wp\/v2\/types\/post"}],"author":[{"embeddable":true,"href":"https:\/\/agora.xtec.cat\/escolaponent\/wp-json\/wp\/v2\/users\/29"}],"replies":[{"embeddable":true,"href":"https:\/\/agora.xtec.cat\/escolaponent\/wp-json\/wp\/v2\/comments?post=876"}],"version-history":[{"count":2,"href":"https:\/\/agora.xtec.cat\/escolaponent\/wp-json\/wp\/v2\/posts\/876\/revisions"}],"predecessor-version":[{"id":955,"href":"https:\/\/agora.xtec.cat\/escolaponent\/wp-json\/wp\/v2\/posts\/876\/revisions\/955"}],"wp:featuredmedia":[{"embeddable":true,"href":"https:\/\/agora.xtec.cat\/escolaponent\/wp-json\/wp\/v2\/media\/893"}],"wp:attachment":[{"href":"https:\/\/agora.xtec.cat\/escolaponent\/wp-json\/wp\/v2\/media?parent=876"}],"wp:term":[{"taxonomy":"category","embeddable":true,"href":"https:\/\/agora.xtec.cat\/escolaponent\/wp-json\/wp\/v2\/categories?post=876"},{"taxonomy":"post_tag","embeddable":true,"href":"https:\/\/agora.xtec.cat\/escolaponent\/wp-json\/wp\/v2\/tags?post=876"}],"curies":[{"name":"wp","href":"https:\/\/api.w.org\/{rel}","templated":true}]}}