{"id":8718,"date":"2020-01-25T10:24:46","date_gmt":"2020-01-25T09:24:46","guid":{"rendered":"http:\/\/agora.xtec.cat\/escolaponent\/?p=8718"},"modified":"2020-01-25T10:25:15","modified_gmt":"2020-01-25T09:25:15","slug":"bufa-el-vent","status":"publish","type":"post","link":"https:\/\/agora.xtec.cat\/escolaponent\/infantil\/bufa-el-vent\/","title":{"rendered":"Bufa el vent"},"content":{"rendered":"<p>Com ja heu notat, aquesta setmana ha fet molt de vent. Els alumnes del Montcau i la Mola ho hem volgut representar.<\/p>\n<p>Dilluns vam observar els colors del cel i els vam representar pintant amb aquarel.les.<\/p>\n<p>Quan el treball ja estava sec, vam escoltar el vent, el v\u00e0rem notar, el v\u00e0rem intentar veure (tot i que ens va ser impossible) i vam tenir una conversa de les caracter\u00edstiques del vent.<\/p>\n<p>Aix\u00ed doncs, vam decidir dibuixar el vent. Observeu amb detall com el veu cadasc\u00fa.<\/p>\n<p><a href=\"https:\/\/photos.app.goo.gl\/byVwFctg2cFWWSbW7\"><img loading=\"lazy\" decoding=\"async\" class=\"aligncenter size-medium wp-image-8719\" src=\"https:\/\/agora.xtec.cat\/escolaponent\/wp-content\/uploads\/usu881\/2020\/01\/IMG_2180-300x225.jpg\" alt=\"\" width=\"300\" height=\"225\" srcset=\"https:\/\/agora.xtec.cat\/escolaponent\/wp-content\/uploads\/usu881\/2020\/01\/IMG_2180-300x225.jpg 300w, https:\/\/agora.xtec.cat\/escolaponent\/wp-content\/uploads\/usu881\/2020\/01\/IMG_2180-768x576.jpg 768w, https:\/\/agora.xtec.cat\/escolaponent\/wp-content\/uploads\/usu881\/2020\/01\/IMG_2180.jpg 1024w, https:\/\/agora.xtec.cat\/escolaponent\/wp-content\/uploads\/usu881\/2020\/01\/IMG_2180-200x150.jpg 200w\" sizes=\"auto, (max-width: 300px) 100vw, 300px\" \/><\/a><\/p>\n<p>&nbsp;<\/p>\n","protected":false},"excerpt":{"rendered":"<p>Com ja heu notat, aquesta setmana ha fet molt de vent. Els alumnes del Montcau i la Mola ho hem volgut representar. Dilluns vam observar els colors del cel i els vam representar pintant amb aquarel.les. Quan el treball ja estava sec, vam escoltar el vent, el v\u00e0rem notar, el v\u00e0rem intentar veure (tot i [&hellip;]<\/p>\n","protected":false},"author":6,"featured_media":8719,"comment_status":"open","ping_status":"closed","sticky":false,"template":"","format":"standard","meta":{"_bbp_topic_count":0,"_bbp_reply_count":0,"_bbp_total_topic_count":0,"_bbp_total_reply_count":0,"_bbp_voice_count":0,"_bbp_anonymous_reply_count":0,"_bbp_topic_count_hidden":0,"_bbp_reply_count_hidden":0,"_bbp_forum_subforum_count":0,"site-sidebar-layout":"default","site-content-layout":"","ast-site-content-layout":"","site-content-style":"default","site-sidebar-style":"default","ast-global-header-display":"","ast-banner-title-visibility":"","ast-main-header-display":"","ast-hfb-above-header-display":"","ast-hfb-below-header-display":"","ast-hfb-mobile-header-display":"","site-post-title":"","ast-breadcrumbs-content":"","ast-featured-img":"","footer-sml-layout":"","theme-transparent-header-meta":"","adv-header-id-meta":"","stick-header-meta":"","header-above-stick-meta":"","header-main-stick-meta":"","header-below-stick-meta":"","astra-migrate-meta-layouts":"default","ast-page-background-enabled":"default","ast-page-background-meta":{"desktop":{"background-color":"var(--ast-global-color-4)","background-image":"","background-repeat":"repeat","background-position":"center center","background-size":"auto","background-attachment":"scroll","background-type":"","background-media":"","overlay-type":"","overlay-color":"","overlay-opacity":"","overlay-gradient":""},"tablet":{"background-color":"","background-image":"","background-repeat":"repeat","background-position":"center center","background-size":"auto","background-attachment":"scroll","background-type":"","background-media":"","overlay-type":"","overlay-color":"","overlay-opacity":"","overlay-gradient":""},"mobile":{"background-color":"","background-image":"","background-repeat":"repeat","background-position":"center center","background-size":"auto","background-attachment":"scroll","background-type":"","background-media":"","overlay-type":"","overlay-color":"","overlay-opacity":"","overlay-gradient":""}},"ast-content-background-meta":{"desktop":{"background-color":"var(--ast-global-color-5)","background-image":"","background-repeat":"repeat","background-position":"center center","background-size":"auto","background-attachment":"scroll","background-type":"","background-media":"","overlay-type":"","overlay-color":"","overlay-opacity":"","overlay-gradient":""},"tablet":{"background-color":"var(--ast-global-color-5)","background-image":"","background-repeat":"repeat","background-position":"center center","background-size":"auto","background-attachment":"scroll","background-type":"","background-media":"","overlay-type":"","overlay-color":"","overlay-opacity":"","overlay-gradient":""},"mobile":{"background-color":"var(--ast-global-color-5)","background-image":"","background-repeat":"repeat","background-position":"center center","background-size":"auto","background-attachment":"scroll","background-type":"","background-media":"","overlay-type":"","overlay-color":"","overlay-opacity":"","overlay-gradient":""}},"footnotes":""},"categories":[194,2,4],"tags":[247,211,108,248],"class_list":["post-8718","post","type-post","status-publish","format-standard","has-post-thumbnail","hentry","category-sise","category-infantil","category-portada","tag-la-mola","tag-montcau","tag-p5","tag-vent"],"post_mailing_queue_ids":[],"_links":{"self":[{"href":"https:\/\/agora.xtec.cat\/escolaponent\/wp-json\/wp\/v2\/posts\/8718","targetHints":{"allow":["GET"]}}],"collection":[{"href":"https:\/\/agora.xtec.cat\/escolaponent\/wp-json\/wp\/v2\/posts"}],"about":[{"href":"https:\/\/agora.xtec.cat\/escolaponent\/wp-json\/wp\/v2\/types\/post"}],"author":[{"embeddable":true,"href":"https:\/\/agora.xtec.cat\/escolaponent\/wp-json\/wp\/v2\/users\/6"}],"replies":[{"embeddable":true,"href":"https:\/\/agora.xtec.cat\/escolaponent\/wp-json\/wp\/v2\/comments?post=8718"}],"version-history":[{"count":1,"href":"https:\/\/agora.xtec.cat\/escolaponent\/wp-json\/wp\/v2\/posts\/8718\/revisions"}],"predecessor-version":[{"id":8720,"href":"https:\/\/agora.xtec.cat\/escolaponent\/wp-json\/wp\/v2\/posts\/8718\/revisions\/8720"}],"wp:featuredmedia":[{"embeddable":true,"href":"https:\/\/agora.xtec.cat\/escolaponent\/wp-json\/wp\/v2\/media\/8719"}],"wp:attachment":[{"href":"https:\/\/agora.xtec.cat\/escolaponent\/wp-json\/wp\/v2\/media?parent=8718"}],"wp:term":[{"taxonomy":"category","embeddable":true,"href":"https:\/\/agora.xtec.cat\/escolaponent\/wp-json\/wp\/v2\/categories?post=8718"},{"taxonomy":"post_tag","embeddable":true,"href":"https:\/\/agora.xtec.cat\/escolaponent\/wp-json\/wp\/v2\/tags?post=8718"}],"curies":[{"name":"wp","href":"https:\/\/api.w.org\/{rel}","templated":true}]}}