{"id":8708,"date":"2020-01-23T18:42:10","date_gmt":"2020-01-23T17:42:10","guid":{"rendered":"http:\/\/agora.xtec.cat\/escolaponent\/?p=8708"},"modified":"2020-01-23T18:42:10","modified_gmt":"2020-01-23T17:42:10","slug":"sortida-al-museu-de-la-ciencia","status":"publish","type":"post","link":"https:\/\/agora.xtec.cat\/escolaponent\/general\/sortida-al-museu-de-la-ciencia\/","title":{"rendered":"SORTIDA AL MUSEU DE LA CI\u00c8NCIA"},"content":{"rendered":"<p>Un dia que est\u00e0vem menjant fruita per esmorzar, les classes de 1r de la Cuereta i de la Cadernera ens vam plantejar una pregunta: <strong>\u201c<\/strong><em><strong>Quin cam\u00ed fa un trosset de poma quan el mosseguem?\u201d<\/strong> .<\/em> Aquesta pregunta ens va portar a investigar com \u00e9s el nostre cos per dintre. Estem aprenent i investigant moltes coses i avui \u00a0hem anat a visitar el Museu de la Ci\u00e8ncia i la T\u00e8cnica de Terrassa. All\u00e0, hem vist una exposici\u00f3 molt interessant del cos hum\u00e0.<br \/>\nA part, tamb\u00e9 hem pogut veure l&#8217;especial arquitectura d&#8217; aquest edifici modernista,\u00a0 visitar l&#8217; exposici\u00f3 de transports antics i veure la maqueta dels trens.<\/p>\n<p>Mireu quina estona m\u00e9s bona que hem passat!<\/p>\n<p><a href=\"https:\/\/agora.xtec.cat\/escolaponent\/wp-content\/uploads\/usu881\/2020\/01\/20200123_103652.jpg\"><img loading=\"lazy\" decoding=\"async\" class=\"alignright size-large wp-image-8711\" src=\"https:\/\/agora.xtec.cat\/escolaponent\/wp-content\/uploads\/usu881\/2020\/01\/20200123_103652-1024x768.jpg\" alt=\"\" width=\"1024\" height=\"768\" srcset=\"https:\/\/agora.xtec.cat\/escolaponent\/wp-content\/uploads\/usu881\/2020\/01\/20200123_103652-1024x768.jpg 1024w, https:\/\/agora.xtec.cat\/escolaponent\/wp-content\/uploads\/usu881\/2020\/01\/20200123_103652-300x225.jpg 300w, https:\/\/agora.xtec.cat\/escolaponent\/wp-content\/uploads\/usu881\/2020\/01\/20200123_103652-768x576.jpg 768w, https:\/\/agora.xtec.cat\/escolaponent\/wp-content\/uploads\/usu881\/2020\/01\/20200123_103652-200x150.jpg 200w\" sizes=\"auto, (max-width: 1024px) 100vw, 1024px\" \/><\/a><\/p>\n<p>&nbsp;<\/p>\n<p><a href=\"https:\/\/photos.app.goo.gl\/W6U27MKDAbUJw1X58\">https:\/\/photos.app.goo.gl\/W6U27MKDAbUJw1X58\u00a0 \u00a0CUERETA<\/a><\/p>\n<p><a href=\"https:\/\/photos.app.goo.gl\/tLnxttTJbfeBWaqh7\">https:\/\/photos.app.goo.gl\/tLnxttTJbfeBWaqh\u00a0 \u00a0CADERNERNA<\/a><\/p>\n<p>&nbsp;<\/p>\n","protected":false},"excerpt":{"rendered":"<p>Un dia que est\u00e0vem menjant fruita per esmorzar, les classes de 1r de la Cuereta i de la Cadernera ens vam plantejar una pregunta: \u201cQuin cam\u00ed fa un trosset de poma quan el mosseguem?\u201d . Aquesta pregunta ens va portar a investigar com \u00e9s el nostre cos per dintre. Estem aprenent i investigant moltes coses [&hellip;]<\/p>\n","protected":false},"author":1,"featured_media":8709,"comment_status":"open","ping_status":"closed","sticky":false,"template":"","format":"standard","meta":{"_bbp_topic_count":0,"_bbp_reply_count":0,"_bbp_total_topic_count":0,"_bbp_total_reply_count":0,"_bbp_voice_count":0,"_bbp_anonymous_reply_count":0,"_bbp_topic_count_hidden":0,"_bbp_reply_count_hidden":0,"_bbp_forum_subforum_count":0,"site-sidebar-layout":"default","site-content-layout":"","ast-site-content-layout":"","site-content-style":"default","site-sidebar-style":"default","ast-global-header-display":"","ast-banner-title-visibility":"","ast-main-header-display":"","ast-hfb-above-header-display":"","ast-hfb-below-header-display":"","ast-hfb-mobile-header-display":"","site-post-title":"","ast-breadcrumbs-content":"","ast-featured-img":"","footer-sml-layout":"","theme-transparent-header-meta":"","adv-header-id-meta":"","stick-header-meta":"","header-above-stick-meta":"","header-main-stick-meta":"","header-below-stick-meta":"","astra-migrate-meta-layouts":"default","ast-page-background-enabled":"default","ast-page-background-meta":{"desktop":{"background-color":"var(--ast-global-color-4)","background-image":"","background-repeat":"repeat","background-position":"center center","background-size":"auto","background-attachment":"scroll","background-type":"","background-media":"","overlay-type":"","overlay-color":"","overlay-opacity":"","overlay-gradient":""},"tablet":{"background-color":"","background-image":"","background-repeat":"repeat","background-position":"center center","background-size":"auto","background-attachment":"scroll","background-type":"","background-media":"","overlay-type":"","overlay-color":"","overlay-opacity":"","overlay-gradient":""},"mobile":{"background-color":"","background-image":"","background-repeat":"repeat","background-position":"center center","background-size":"auto","background-attachment":"scroll","background-type":"","background-media":"","overlay-type":"","overlay-color":"","overlay-opacity":"","overlay-gradient":""}},"ast-content-background-meta":{"desktop":{"background-color":"var(--ast-global-color-5)","background-image":"","background-repeat":"repeat","background-position":"center center","background-size":"auto","background-attachment":"scroll","background-type":"","background-media":"","overlay-type":"","overlay-color":"","overlay-opacity":"","overlay-gradient":""},"tablet":{"background-color":"var(--ast-global-color-5)","background-image":"","background-repeat":"repeat","background-position":"center center","background-size":"auto","background-attachment":"scroll","background-type":"","background-media":"","overlay-type":"","overlay-color":"","overlay-opacity":"","overlay-gradient":""},"mobile":{"background-color":"var(--ast-global-color-5)","background-image":"","background-repeat":"repeat","background-position":"center center","background-size":"auto","background-attachment":"scroll","background-type":"","background-media":"","overlay-type":"","overlay-color":"","overlay-opacity":"","overlay-gradient":""}},"footnotes":""},"categories":[3,1,4,5],"tags":[],"class_list":["post-8708","post","type-post","status-publish","format-standard","has-post-thumbnail","hentry","category-exalumnes-sise-2526","category-general","category-portada","category-primaria"],"post_mailing_queue_ids":[],"_links":{"self":[{"href":"https:\/\/agora.xtec.cat\/escolaponent\/wp-json\/wp\/v2\/posts\/8708","targetHints":{"allow":["GET"]}}],"collection":[{"href":"https:\/\/agora.xtec.cat\/escolaponent\/wp-json\/wp\/v2\/posts"}],"about":[{"href":"https:\/\/agora.xtec.cat\/escolaponent\/wp-json\/wp\/v2\/types\/post"}],"author":[{"embeddable":true,"href":"https:\/\/agora.xtec.cat\/escolaponent\/wp-json\/wp\/v2\/users\/1"}],"replies":[{"embeddable":true,"href":"https:\/\/agora.xtec.cat\/escolaponent\/wp-json\/wp\/v2\/comments?post=8708"}],"version-history":[{"count":3,"href":"https:\/\/agora.xtec.cat\/escolaponent\/wp-json\/wp\/v2\/posts\/8708\/revisions"}],"predecessor-version":[{"id":8716,"href":"https:\/\/agora.xtec.cat\/escolaponent\/wp-json\/wp\/v2\/posts\/8708\/revisions\/8716"}],"wp:featuredmedia":[{"embeddable":true,"href":"https:\/\/agora.xtec.cat\/escolaponent\/wp-json\/wp\/v2\/media\/8709"}],"wp:attachment":[{"href":"https:\/\/agora.xtec.cat\/escolaponent\/wp-json\/wp\/v2\/media?parent=8708"}],"wp:term":[{"taxonomy":"category","embeddable":true,"href":"https:\/\/agora.xtec.cat\/escolaponent\/wp-json\/wp\/v2\/categories?post=8708"},{"taxonomy":"post_tag","embeddable":true,"href":"https:\/\/agora.xtec.cat\/escolaponent\/wp-json\/wp\/v2\/tags?post=8708"}],"curies":[{"name":"wp","href":"https:\/\/api.w.org\/{rel}","templated":true}]}}