{"id":7776,"date":"2019-06-21T12:29:13","date_gmt":"2019-06-21T10:29:13","guid":{"rendered":"http:\/\/agora.xtec.cat\/escolaponent\/?p=7776"},"modified":"2019-06-21T12:29:13","modified_gmt":"2019-06-21T10:29:13","slug":"treballs-vip-1r","status":"publish","type":"post","link":"https:\/\/agora.xtec.cat\/escolaponent\/general\/treballs-vip-1r\/","title":{"rendered":"Treballs ViP 1r"},"content":{"rendered":"<p><a href=\"https:\/\/photos.app.goo.gl\/BN4EXz4Hq4JvsoeTA\">MOSTRA TREBALLS VIP 1r<\/a><\/p>\n<p><a href=\"https:\/\/agora.xtec.cat\/escolaponent\/wp-content\/uploads\/usu881\/2019\/06\/1-1-e1561112723226.jpg\"><img loading=\"lazy\" decoding=\"async\" class=\"alignnone size-large wp-image-7777\" src=\"https:\/\/agora.xtec.cat\/escolaponent\/wp-content\/uploads\/usu881\/2019\/06\/1-1-e1561112723226-768x1024.jpg\" alt=\"\" width=\"768\" height=\"1024\" srcset=\"https:\/\/agora.xtec.cat\/escolaponent\/wp-content\/uploads\/usu881\/2019\/06\/1-1-e1561112723226-768x1024.jpg 768w, https:\/\/agora.xtec.cat\/escolaponent\/wp-content\/uploads\/usu881\/2019\/06\/1-1-e1561112723226-225x300.jpg 225w, https:\/\/agora.xtec.cat\/escolaponent\/wp-content\/uploads\/usu881\/2019\/06\/1-1-e1561112723226.jpg 1944w\" sizes=\"auto, (max-width: 768px) 100vw, 768px\" \/><\/a><\/p>\n<p>Aquest curs 2018\u201919 hem treballat els continguts curriculars de l\u2019\u00e0rea de pl\u00e0stica al voltant l\u2019artista:<br \/>\n<strong>JOAN MIR\u00d3<\/strong><br \/>\nPer poder con\u00e8ixer millor l\u2019obra de l\u2019artista vam analitzar la seva biografia i el seu llenguatge. Hem analitzat l\u2019univers Mir\u00f3, a partir dels elements que apareixent en la seva obra, amb quins colors pintava, el seu tra\u00e7, les t\u00e8cniques pict\u00f2riques que utilitzava\u2026<br \/>\nPartint d\u2019una obra analitzada a classe, despr\u00e9s nosaltres en f\u00e8iem la nostra pr\u00f2pia representaci\u00f3 inspirant-nos amb el seu llenguatge.<br \/>\nTamb\u00e9 hem analitzat l\u2019obra escult\u00f2rica de Mir\u00f3, fixant-nos amb els materials i la seva simbologia. Despr\u00e9s a l\u2019aula hem creat maquetes reproduint algunes d\u2019aquestes escultures.<br \/>\nA part per poder con\u00e8ixer amb m\u00e9s detall l\u2019obra de l\u2019artista, vam visitar a la Fundaci\u00f3 Joan Mir\u00f3 a trav\u00e9s d\u2019una visita dinamitzada.<\/p>\n","protected":false},"excerpt":{"rendered":"<p>MOSTRA TREBALLS VIP 1r Aquest curs 2018\u201919 hem treballat els continguts curriculars de l\u2019\u00e0rea de pl\u00e0stica al voltant l\u2019artista: JOAN MIR\u00d3 Per poder con\u00e8ixer millor l\u2019obra de l\u2019artista vam analitzar la seva biografia i el seu llenguatge. Hem analitzat l\u2019univers Mir\u00f3, a partir dels elements que apareixent en la seva obra, amb quins colors pintava, [&hellip;]<\/p>\n","protected":false},"author":1,"featured_media":7778,"comment_status":"open","ping_status":"closed","sticky":false,"template":"","format":"standard","meta":{"_bbp_topic_count":0,"_bbp_reply_count":0,"_bbp_total_topic_count":0,"_bbp_total_reply_count":0,"_bbp_voice_count":0,"_bbp_anonymous_reply_count":0,"_bbp_topic_count_hidden":0,"_bbp_reply_count_hidden":0,"_bbp_forum_subforum_count":0,"site-sidebar-layout":"default","site-content-layout":"","ast-site-content-layout":"","site-content-style":"default","site-sidebar-style":"default","ast-global-header-display":"","ast-banner-title-visibility":"","ast-main-header-display":"","ast-hfb-above-header-display":"","ast-hfb-below-header-display":"","ast-hfb-mobile-header-display":"","site-post-title":"","ast-breadcrumbs-content":"","ast-featured-img":"","footer-sml-layout":"","theme-transparent-header-meta":"","adv-header-id-meta":"","stick-header-meta":"","header-above-stick-meta":"","header-main-stick-meta":"","header-below-stick-meta":"","astra-migrate-meta-layouts":"default","ast-page-background-enabled":"default","ast-page-background-meta":{"desktop":{"background-color":"var(--ast-global-color-4)","background-image":"","background-repeat":"repeat","background-position":"center center","background-size":"auto","background-attachment":"scroll","background-type":"","background-media":"","overlay-type":"","overlay-color":"","overlay-opacity":"","overlay-gradient":""},"tablet":{"background-color":"","background-image":"","background-repeat":"repeat","background-position":"center center","background-size":"auto","background-attachment":"scroll","background-type":"","background-media":"","overlay-type":"","overlay-color":"","overlay-opacity":"","overlay-gradient":""},"mobile":{"background-color":"","background-image":"","background-repeat":"repeat","background-position":"center center","background-size":"auto","background-attachment":"scroll","background-type":"","background-media":"","overlay-type":"","overlay-color":"","overlay-opacity":"","overlay-gradient":""}},"ast-content-background-meta":{"desktop":{"background-color":"var(--ast-global-color-5)","background-image":"","background-repeat":"repeat","background-position":"center center","background-size":"auto","background-attachment":"scroll","background-type":"","background-media":"","overlay-type":"","overlay-color":"","overlay-opacity":"","overlay-gradient":""},"tablet":{"background-color":"var(--ast-global-color-5)","background-image":"","background-repeat":"repeat","background-position":"center center","background-size":"auto","background-attachment":"scroll","background-type":"","background-media":"","overlay-type":"","overlay-color":"","overlay-opacity":"","overlay-gradient":""},"mobile":{"background-color":"var(--ast-global-color-5)","background-image":"","background-repeat":"repeat","background-position":"center center","background-size":"auto","background-attachment":"scroll","background-type":"","background-media":"","overlay-type":"","overlay-color":"","overlay-opacity":"","overlay-gradient":""}},"footnotes":""},"categories":[33,8,1,4],"tags":[],"class_list":["post-7776","post","type-post","status-publish","format-standard","has-post-thumbnail","hentry","category-vip-visual-i-plastica","category-ex","category-general","category-portada"],"post_mailing_queue_ids":[],"_links":{"self":[{"href":"https:\/\/agora.xtec.cat\/escolaponent\/wp-json\/wp\/v2\/posts\/7776","targetHints":{"allow":["GET"]}}],"collection":[{"href":"https:\/\/agora.xtec.cat\/escolaponent\/wp-json\/wp\/v2\/posts"}],"about":[{"href":"https:\/\/agora.xtec.cat\/escolaponent\/wp-json\/wp\/v2\/types\/post"}],"author":[{"embeddable":true,"href":"https:\/\/agora.xtec.cat\/escolaponent\/wp-json\/wp\/v2\/users\/1"}],"replies":[{"embeddable":true,"href":"https:\/\/agora.xtec.cat\/escolaponent\/wp-json\/wp\/v2\/comments?post=7776"}],"version-history":[{"count":1,"href":"https:\/\/agora.xtec.cat\/escolaponent\/wp-json\/wp\/v2\/posts\/7776\/revisions"}],"predecessor-version":[{"id":7780,"href":"https:\/\/agora.xtec.cat\/escolaponent\/wp-json\/wp\/v2\/posts\/7776\/revisions\/7780"}],"wp:featuredmedia":[{"embeddable":true,"href":"https:\/\/agora.xtec.cat\/escolaponent\/wp-json\/wp\/v2\/media\/7778"}],"wp:attachment":[{"href":"https:\/\/agora.xtec.cat\/escolaponent\/wp-json\/wp\/v2\/media?parent=7776"}],"wp:term":[{"taxonomy":"category","embeddable":true,"href":"https:\/\/agora.xtec.cat\/escolaponent\/wp-json\/wp\/v2\/categories?post=7776"},{"taxonomy":"post_tag","embeddable":true,"href":"https:\/\/agora.xtec.cat\/escolaponent\/wp-json\/wp\/v2\/tags?post=7776"}],"curies":[{"name":"wp","href":"https:\/\/api.w.org\/{rel}","templated":true}]}}