{"id":7325,"date":"2019-03-21T17:35:06","date_gmt":"2019-03-21T16:35:06","guid":{"rendered":"http:\/\/agora.xtec.cat\/escolaponent\/?p=7325"},"modified":"2019-03-22T11:56:34","modified_gmt":"2019-03-22T10:56:34","slug":"sortida-al-museu-de-la-musica","status":"publish","type":"post","link":"https:\/\/agora.xtec.cat\/escolaponent\/primaria\/exalumnes-sise-2526\/sortida-al-museu-de-la-musica\/","title":{"rendered":"Sortida al museu de la m\u00fasica"},"content":{"rendered":"<p>Ahir els nens i nenes de la classe dels eri\u00e7ons i les granotes vam anar d&#8217;excursi\u00f3 al museu de la m\u00fasica a Barcelona. Vam entrar en grups redu\u00efts i quan an\u00e0vem trobant el nostre instrument, explic\u00e0vem als nostres companys i companyes les caracter\u00edstiques: quina forma t\u00e9, a quina fam\u00edlia pertany, de quin material est\u00e0 fet, com sona i com es toca. Vam gaudir del museu, compartir els aprenentatges i un dia amb els nostres amics i amigues en un entorn ben bonic.<\/p>\n<p>Despr\u00e9s vam anar al parc a dinar i esmorzar.<\/p>\n<p>Cliqueu la imatge per veure les fotos.<\/p>\n<p><a href=\"https:\/\/photos.app.goo.gl\/tVKbsx3XiuLZ4o8S6\"><img loading=\"lazy\" decoding=\"async\" class=\"aligncenter\" src=\"https:\/\/lh3.googleusercontent.com\/6CT0VFE7zLFQQeve3YLJpPK1y6KbOgwAKutSWjTL9hraTmZz782Ba4cgfz7EO0iy2ZI5QfnE_AvwDtcGTDkiiPvLRqaU8XKO-g5IWU1kiJjSp4FFXLQtxE5seWRZyG6eS9m1-igtElivjT9fkBr7OyhdV4HrqNJocINW5VIYCEIpzxqUDfSLZHWNPMQFpueYYVAYaHEYjB_b_i7eDZORWyxJMUZ9d32tfraBDLEPF7kRMma3Bsou7t6g_BDw2mBMJC3wDzkM5K872LzNPvXdzPatOJcgngpUBcVgnBsjZC1nFMAyJrzlzg43qxylpKTcgZEFsrxnXb4Zv94vD9UmKgGextEtom3ZHp0IIWow3hdBIzLyHhAs3JntFkxj_kavpIg6UsuB7swhV3pPHUBKtN0RO-cK-gk_4qVJ-uy60l9lfG0h05eIJyiX3v7OK3DkFLcsO9Lp9vPeFw8pCL_VA83BBzKbVj91hdQBbt3Qhl6IOVdR70I_CUBW6VFepx7oDJX2BCrFhiqlG_0mWff037QMJIXxzrKWgBYMCLtntsiZsWZzZUUq6Dk9D2oCFmWuL3CQ07lyCVSPUFWGr_tbOFziF6-tdqgU4LnMwbTMx6xepUgOqxsR7y9wNUujRYvC5GXhd1mf5QCa3C7JnbN5mOOVUbmKeOo=w1024-h768-no\" alt=\"\" width=\"1024\" height=\"768\" \/><\/a><\/p>\n<p>&nbsp;<\/p>\n","protected":false},"excerpt":{"rendered":"<p>Ahir els nens i nenes de la classe dels eri\u00e7ons i les granotes vam anar d&#8217;excursi\u00f3 al museu de la m\u00fasica a Barcelona. Vam entrar en grups redu\u00efts i quan an\u00e0vem trobant el nostre instrument, explic\u00e0vem als nostres companys i companyes les caracter\u00edstiques: quina forma t\u00e9, a quina fam\u00edlia pertany, de quin material est\u00e0 fet, [&hellip;]<\/p>\n","protected":false},"author":40,"featured_media":7326,"comment_status":"open","ping_status":"closed","sticky":false,"template":"","format":"standard","meta":{"_bbp_topic_count":0,"_bbp_reply_count":0,"_bbp_total_topic_count":0,"_bbp_total_reply_count":0,"_bbp_voice_count":0,"_bbp_anonymous_reply_count":0,"_bbp_topic_count_hidden":0,"_bbp_reply_count_hidden":0,"_bbp_forum_subforum_count":0,"site-sidebar-layout":"default","site-content-layout":"","ast-site-content-layout":"","site-content-style":"default","site-sidebar-style":"default","ast-global-header-display":"","ast-banner-title-visibility":"","ast-main-header-display":"","ast-hfb-above-header-display":"","ast-hfb-below-header-display":"","ast-hfb-mobile-header-display":"","site-post-title":"","ast-breadcrumbs-content":"","ast-featured-img":"","footer-sml-layout":"","theme-transparent-header-meta":"","adv-header-id-meta":"","stick-header-meta":"","header-above-stick-meta":"","header-main-stick-meta":"","header-below-stick-meta":"","astra-migrate-meta-layouts":"default","ast-page-background-enabled":"default","ast-page-background-meta":{"desktop":{"background-color":"var(--ast-global-color-4)","background-image":"","background-repeat":"repeat","background-position":"center center","background-size":"auto","background-attachment":"scroll","background-type":"","background-media":"","overlay-type":"","overlay-color":"","overlay-opacity":"","overlay-gradient":""},"tablet":{"background-color":"","background-image":"","background-repeat":"repeat","background-position":"center center","background-size":"auto","background-attachment":"scroll","background-type":"","background-media":"","overlay-type":"","overlay-color":"","overlay-opacity":"","overlay-gradient":""},"mobile":{"background-color":"","background-image":"","background-repeat":"repeat","background-position":"center center","background-size":"auto","background-attachment":"scroll","background-type":"","background-media":"","overlay-type":"","overlay-color":"","overlay-opacity":"","overlay-gradient":""}},"ast-content-background-meta":{"desktop":{"background-color":"var(--ast-global-color-5)","background-image":"","background-repeat":"repeat","background-position":"center center","background-size":"auto","background-attachment":"scroll","background-type":"","background-media":"","overlay-type":"","overlay-color":"","overlay-opacity":"","overlay-gradient":""},"tablet":{"background-color":"var(--ast-global-color-5)","background-image":"","background-repeat":"repeat","background-position":"center center","background-size":"auto","background-attachment":"scroll","background-type":"","background-media":"","overlay-type":"","overlay-color":"","overlay-opacity":"","overlay-gradient":""},"mobile":{"background-color":"var(--ast-global-color-5)","background-image":"","background-repeat":"repeat","background-position":"center center","background-size":"auto","background-attachment":"scroll","background-type":"","background-media":"","overlay-type":"","overlay-color":"","overlay-opacity":"","overlay-gradient":""}},"footnotes":""},"categories":[3,4],"tags":[],"class_list":["post-7325","post","type-post","status-publish","format-standard","has-post-thumbnail","hentry","category-exalumnes-sise-2526","category-portada"],"post_mailing_queue_ids":[],"_links":{"self":[{"href":"https:\/\/agora.xtec.cat\/escolaponent\/wp-json\/wp\/v2\/posts\/7325","targetHints":{"allow":["GET"]}}],"collection":[{"href":"https:\/\/agora.xtec.cat\/escolaponent\/wp-json\/wp\/v2\/posts"}],"about":[{"href":"https:\/\/agora.xtec.cat\/escolaponent\/wp-json\/wp\/v2\/types\/post"}],"author":[{"embeddable":true,"href":"https:\/\/agora.xtec.cat\/escolaponent\/wp-json\/wp\/v2\/users\/40"}],"replies":[{"embeddable":true,"href":"https:\/\/agora.xtec.cat\/escolaponent\/wp-json\/wp\/v2\/comments?post=7325"}],"version-history":[{"count":2,"href":"https:\/\/agora.xtec.cat\/escolaponent\/wp-json\/wp\/v2\/posts\/7325\/revisions"}],"predecessor-version":[{"id":7330,"href":"https:\/\/agora.xtec.cat\/escolaponent\/wp-json\/wp\/v2\/posts\/7325\/revisions\/7330"}],"wp:featuredmedia":[{"embeddable":true,"href":"https:\/\/agora.xtec.cat\/escolaponent\/wp-json\/wp\/v2\/media\/7326"}],"wp:attachment":[{"href":"https:\/\/agora.xtec.cat\/escolaponent\/wp-json\/wp\/v2\/media?parent=7325"}],"wp:term":[{"taxonomy":"category","embeddable":true,"href":"https:\/\/agora.xtec.cat\/escolaponent\/wp-json\/wp\/v2\/categories?post=7325"},{"taxonomy":"post_tag","embeddable":true,"href":"https:\/\/agora.xtec.cat\/escolaponent\/wp-json\/wp\/v2\/tags?post=7325"}],"curies":[{"name":"wp","href":"https:\/\/api.w.org\/{rel}","templated":true}]}}