{"id":6921,"date":"2019-02-08T13:45:25","date_gmt":"2019-02-08T12:45:25","guid":{"rendered":"http:\/\/agora.xtec.cat\/escolaponent\/?p=6921"},"modified":"2019-02-08T13:54:34","modified_gmt":"2019-02-08T12:54:34","slug":"seleccio-il-lustracions-concurs-dibuix-4t","status":"publish","type":"post","link":"https:\/\/agora.xtec.cat\/escolaponent\/general\/seleccio-il-lustracions-concurs-dibuix-4t\/","title":{"rendered":"Selecci\u00f3 Il.lustracions- Concurs Dibuix- 4t"},"content":{"rendered":"<p><a href=\"https:\/\/agora.xtec.cat\/escolaponent\/wp-content\/uploads\/usu881\/2019\/02\/DSC00299.jpg\"><img loading=\"lazy\" decoding=\"async\" class=\"alignnone size-large wp-image-6922\" src=\"https:\/\/agora.xtec.cat\/escolaponent\/wp-content\/uploads\/usu881\/2019\/02\/DSC00299-768x1024.jpg\" alt=\"\" width=\"768\" height=\"1024\" srcset=\"https:\/\/agora.xtec.cat\/escolaponent\/wp-content\/uploads\/usu881\/2019\/02\/DSC00299-768x1024.jpg 768w, https:\/\/agora.xtec.cat\/escolaponent\/wp-content\/uploads\/usu881\/2019\/02\/DSC00299-225x300.jpg 225w, https:\/\/agora.xtec.cat\/escolaponent\/wp-content\/uploads\/usu881\/2019\/02\/DSC00299.jpg 1841w\" sizes=\"auto, (max-width: 768px) 100vw, 768px\" \/><\/a><\/p>\n<p>DIBUIX SELECCIONAT: AUTORA: Sara S\u00e1nchez Vega<\/p>\n<p>DIBUIX SELECCIONAT- AUTORA: LAIA ROSALES GUERRERO<br \/>\nDIBUIX SELECCIONAT- AUTOR: Unai L\u00f3pez Mart\u00edn<br \/>\nAquest any tots els alumnes de Prim\u00e0ria ens presentarem al &#8221; 38\u00aa Concurs BBVA de Dibuix Escolar&#8221;. Cada curs hem fet una il.lustraci\u00f3 inspirant-nos amb diferents contes &#8220;Sis contes de vida&#8221; de l&#8217;autora J\u00falia Pr\u00fanes que ens ajuden a reflexionar, compartir i entendre una mica millor la vida&#8221;. Aquest \u00e9s el dibuix seleccionat per presentar.<br \/>\nI aquestes il.lustracions les que ens han agradat molt. Valorem molt tot l&#8217;esfor\u00e7 i dedicaci\u00f3 que heu fet. Moltes Gr\u00e0cies i felicitats!!!<br \/>\nPer m\u00e9s informaci\u00f3 sobre les bases del concurs podeu consultar a la web.<\/p>\n<p>https:\/\/www.fcaixescatalanes.cat\/premi\/concurs-bbva-de-dibuix-escolar\/<\/p>\n<p><a href=\"https:\/\/agora.xtec.cat\/escolaponent\/wp-content\/uploads\/usu881\/2019\/02\/DSC00309.jpg\"><img loading=\"lazy\" decoding=\"async\" class=\"alignnone size-large wp-image-6923\" src=\"https:\/\/agora.xtec.cat\/escolaponent\/wp-content\/uploads\/usu881\/2019\/02\/DSC00309-768x1024.jpg\" alt=\"\" width=\"768\" height=\"1024\" srcset=\"https:\/\/agora.xtec.cat\/escolaponent\/wp-content\/uploads\/usu881\/2019\/02\/DSC00309-768x1024.jpg 768w, https:\/\/agora.xtec.cat\/escolaponent\/wp-content\/uploads\/usu881\/2019\/02\/DSC00309-225x300.jpg 225w, https:\/\/agora.xtec.cat\/escolaponent\/wp-content\/uploads\/usu881\/2019\/02\/DSC00309.jpg 1771w\" sizes=\"auto, (max-width: 768px) 100vw, 768px\" \/><\/a><\/p>\n<p>AUTORA: Luc\u00eda Cardenas Torres<\/p>\n<p><a href=\"https:\/\/agora.xtec.cat\/escolaponent\/wp-content\/uploads\/usu881\/2019\/02\/DSC00310.jpg\"><img loading=\"lazy\" decoding=\"async\" class=\"alignnone size-large wp-image-6924\" src=\"https:\/\/agora.xtec.cat\/escolaponent\/wp-content\/uploads\/usu881\/2019\/02\/DSC00310-768x1024.jpg\" alt=\"\" width=\"768\" height=\"1024\" srcset=\"https:\/\/agora.xtec.cat\/escolaponent\/wp-content\/uploads\/usu881\/2019\/02\/DSC00310-768x1024.jpg 768w, https:\/\/agora.xtec.cat\/escolaponent\/wp-content\/uploads\/usu881\/2019\/02\/DSC00310-225x300.jpg 225w, https:\/\/agora.xtec.cat\/escolaponent\/wp-content\/uploads\/usu881\/2019\/02\/DSC00310.jpg 1737w\" sizes=\"auto, (max-width: 768px) 100vw, 768px\" \/><\/a><\/p>\n<p>AUTORA: Martina Soriano Mart\u00edn<\/p>\n<p><a href=\"https:\/\/agora.xtec.cat\/escolaponent\/wp-content\/uploads\/usu881\/2019\/02\/DSC00311.jpg\"><img loading=\"lazy\" decoding=\"async\" class=\"alignnone size-large wp-image-6925\" src=\"https:\/\/agora.xtec.cat\/escolaponent\/wp-content\/uploads\/usu881\/2019\/02\/DSC00311-768x1024.jpg\" alt=\"\" width=\"768\" height=\"1024\" srcset=\"https:\/\/agora.xtec.cat\/escolaponent\/wp-content\/uploads\/usu881\/2019\/02\/DSC00311-768x1024.jpg 768w, https:\/\/agora.xtec.cat\/escolaponent\/wp-content\/uploads\/usu881\/2019\/02\/DSC00311-225x300.jpg 225w, https:\/\/agora.xtec.cat\/escolaponent\/wp-content\/uploads\/usu881\/2019\/02\/DSC00311.jpg 1803w\" sizes=\"auto, (max-width: 768px) 100vw, 768px\" \/><\/a><\/p>\n<p>AUTORA: Emma Bug\u00e9s Fari\u00f1as<\/p>\n","protected":false},"excerpt":{"rendered":"<p>DIBUIX SELECCIONAT: AUTORA: Sara S\u00e1nchez Vega DIBUIX SELECCIONAT- AUTORA: LAIA ROSALES GUERRERO DIBUIX SELECCIONAT- AUTOR: Unai L\u00f3pez Mart\u00edn Aquest any tots els alumnes de Prim\u00e0ria ens presentarem al &#8221; 38\u00aa Concurs BBVA de Dibuix Escolar&#8221;. Cada curs hem fet una il.lustraci\u00f3 inspirant-nos amb diferents contes &#8220;Sis contes de vida&#8221; de l&#8217;autora J\u00falia Pr\u00fanes que ens [&hellip;]<\/p>\n","protected":false},"author":1,"featured_media":6922,"comment_status":"open","ping_status":"closed","sticky":false,"template":"","format":"standard","meta":{"_bbp_topic_count":0,"_bbp_reply_count":0,"_bbp_total_topic_count":0,"_bbp_total_reply_count":0,"_bbp_voice_count":0,"_bbp_anonymous_reply_count":0,"_bbp_topic_count_hidden":0,"_bbp_reply_count_hidden":0,"_bbp_forum_subforum_count":0,"site-sidebar-layout":"default","site-content-layout":"","ast-site-content-layout":"","site-content-style":"default","site-sidebar-style":"default","ast-global-header-display":"","ast-banner-title-visibility":"","ast-main-header-display":"","ast-hfb-above-header-display":"","ast-hfb-below-header-display":"","ast-hfb-mobile-header-display":"","site-post-title":"","ast-breadcrumbs-content":"","ast-featured-img":"","footer-sml-layout":"","theme-transparent-header-meta":"","adv-header-id-meta":"","stick-header-meta":"","header-above-stick-meta":"","header-main-stick-meta":"","header-below-stick-meta":"","astra-migrate-meta-layouts":"default","ast-page-background-enabled":"default","ast-page-background-meta":{"desktop":{"background-color":"var(--ast-global-color-4)","background-image":"","background-repeat":"repeat","background-position":"center center","background-size":"auto","background-attachment":"scroll","background-type":"","background-media":"","overlay-type":"","overlay-color":"","overlay-opacity":"","overlay-gradient":""},"tablet":{"background-color":"","background-image":"","background-repeat":"repeat","background-position":"center center","background-size":"auto","background-attachment":"scroll","background-type":"","background-media":"","overlay-type":"","overlay-color":"","overlay-opacity":"","overlay-gradient":""},"mobile":{"background-color":"","background-image":"","background-repeat":"repeat","background-position":"center center","background-size":"auto","background-attachment":"scroll","background-type":"","background-media":"","overlay-type":"","overlay-color":"","overlay-opacity":"","overlay-gradient":""}},"ast-content-background-meta":{"desktop":{"background-color":"var(--ast-global-color-5)","background-image":"","background-repeat":"repeat","background-position":"center center","background-size":"auto","background-attachment":"scroll","background-type":"","background-media":"","overlay-type":"","overlay-color":"","overlay-opacity":"","overlay-gradient":""},"tablet":{"background-color":"var(--ast-global-color-5)","background-image":"","background-repeat":"repeat","background-position":"center center","background-size":"auto","background-attachment":"scroll","background-type":"","background-media":"","overlay-type":"","overlay-color":"","overlay-opacity":"","overlay-gradient":""},"mobile":{"background-color":"var(--ast-global-color-5)","background-image":"","background-repeat":"repeat","background-position":"center center","background-size":"auto","background-attachment":"scroll","background-type":"","background-media":"","overlay-type":"","overlay-color":"","overlay-opacity":"","overlay-gradient":""}},"footnotes":""},"categories":[33,1,4],"tags":[],"class_list":["post-6921","post","type-post","status-publish","format-standard","has-post-thumbnail","hentry","category-vip-visual-i-plastica","category-general","category-portada"],"post_mailing_queue_ids":[],"_links":{"self":[{"href":"https:\/\/agora.xtec.cat\/escolaponent\/wp-json\/wp\/v2\/posts\/6921","targetHints":{"allow":["GET"]}}],"collection":[{"href":"https:\/\/agora.xtec.cat\/escolaponent\/wp-json\/wp\/v2\/posts"}],"about":[{"href":"https:\/\/agora.xtec.cat\/escolaponent\/wp-json\/wp\/v2\/types\/post"}],"author":[{"embeddable":true,"href":"https:\/\/agora.xtec.cat\/escolaponent\/wp-json\/wp\/v2\/users\/1"}],"replies":[{"embeddable":true,"href":"https:\/\/agora.xtec.cat\/escolaponent\/wp-json\/wp\/v2\/comments?post=6921"}],"version-history":[{"count":2,"href":"https:\/\/agora.xtec.cat\/escolaponent\/wp-json\/wp\/v2\/posts\/6921\/revisions"}],"predecessor-version":[{"id":6933,"href":"https:\/\/agora.xtec.cat\/escolaponent\/wp-json\/wp\/v2\/posts\/6921\/revisions\/6933"}],"wp:featuredmedia":[{"embeddable":true,"href":"https:\/\/agora.xtec.cat\/escolaponent\/wp-json\/wp\/v2\/media\/6922"}],"wp:attachment":[{"href":"https:\/\/agora.xtec.cat\/escolaponent\/wp-json\/wp\/v2\/media?parent=6921"}],"wp:term":[{"taxonomy":"category","embeddable":true,"href":"https:\/\/agora.xtec.cat\/escolaponent\/wp-json\/wp\/v2\/categories?post=6921"},{"taxonomy":"post_tag","embeddable":true,"href":"https:\/\/agora.xtec.cat\/escolaponent\/wp-json\/wp\/v2\/tags?post=6921"}],"curies":[{"name":"wp","href":"https:\/\/api.w.org\/{rel}","templated":true}]}}