{"id":6013,"date":"2018-10-16T19:42:35","date_gmt":"2018-10-16T17:42:35","guid":{"rendered":"http:\/\/agora.xtec.cat\/escolaponent\/?p=6013"},"modified":"2018-10-16T19:42:35","modified_gmt":"2018-10-16T17:42:35","slug":"ens-preparem-per-anar-al-mercat-de-la-independencia","status":"publish","type":"post","link":"https:\/\/agora.xtec.cat\/escolaponent\/general\/ens-preparem-per-anar-al-mercat-de-la-independencia\/","title":{"rendered":"ENS PREPAREM PER ANAR AL MERCAT DE LA INDEPEND\u00c8NCIA"},"content":{"rendered":"<p>Ja fa setmanes que les classes de 2n estem preparant la sortida que farem al Mercat de la Independ\u00e8ncia.<\/p>\n<p>Hem fet un munt d\u2019 activitats: l\u2019 hem situat en el pl\u00e0nol de Terrassa, hem vist els noms dels carrers que envolten el mercat, hem parlat de les parades que hi trobarem i els seus productes. Tamb\u00e9 hem preparat unes parades i hem jugat a comprar i vendre. Hem ampliat el vocabulari \u00a0treballant els noms dels productes i el de les parades i tamb\u00e9 hem apr\u00e8s a pagar amb els euros i c\u00e8ntims d\u2019 euro.<\/p>\n<p>Ja estem preparats per poder anar dem\u00e0 a visitar el Mercat. Ens fa molta il\u00b7lusi\u00f3!!<\/p>\n<p>Mireu alguns dels moments on hem fet totes aquestes activitats&#8230;<\/p>\n<p><a href=\"https:\/\/photos.app.goo.gl\/8wHMBuSy222aBRy36\">https:\/\/photos.app.goo.gl\/8wHMBuSy222aBRy3<\/a><a href=\"https:\/\/photos.app.goo.gl\/8wHMBuSy222aBRy36\">6<\/a><\/p>\n<p><a href=\"https:\/\/photos.app.goo.gl\/B2bhB6uiYZJDgmYs9\">https:\/\/photos.app.goo.gl\/B2bhB6uiYZJDgmYs9<\/a><\/p>\n<p><a href=\"https:\/\/agora.xtec.cat\/escolaponent\/wp-content\/uploads\/usu881\/2018\/10\/IMG_0795.jpeg\"><img loading=\"lazy\" decoding=\"async\" class=\"aligncenter  wp-image-6018\" src=\"https:\/\/agora.xtec.cat\/escolaponent\/wp-content\/uploads\/usu881\/2018\/10\/IMG_0795-768x1024.jpeg\" alt=\"\" width=\"295\" height=\"393\" srcset=\"https:\/\/agora.xtec.cat\/escolaponent\/wp-content\/uploads\/usu881\/2018\/10\/IMG_0795-768x1024.jpeg 768w, https:\/\/agora.xtec.cat\/escolaponent\/wp-content\/uploads\/usu881\/2018\/10\/IMG_0795-225x300.jpeg 225w, https:\/\/agora.xtec.cat\/escolaponent\/wp-content\/uploads\/usu881\/2018\/10\/IMG_0795.jpeg 1536w\" sizes=\"auto, (max-width: 295px) 100vw, 295px\" \/><\/a><\/p>\n<p>&nbsp;<\/p>\n","protected":false},"excerpt":{"rendered":"<p>Ja fa setmanes que les classes de 2n estem preparant la sortida que farem al Mercat de la Independ\u00e8ncia. Hem fet un munt d\u2019 activitats: l\u2019 hem situat en el pl\u00e0nol de Terrassa, hem vist els noms dels carrers que envolten el mercat, hem parlat de les parades que hi trobarem i els seus productes. [&hellip;]<\/p>\n","protected":false},"author":1,"featured_media":6014,"comment_status":"open","ping_status":"closed","sticky":false,"template":"","format":"standard","meta":{"_bbp_topic_count":0,"_bbp_reply_count":0,"_bbp_total_topic_count":0,"_bbp_total_reply_count":0,"_bbp_voice_count":0,"_bbp_anonymous_reply_count":0,"_bbp_topic_count_hidden":0,"_bbp_reply_count_hidden":0,"_bbp_forum_subforum_count":0,"site-sidebar-layout":"default","site-content-layout":"","ast-site-content-layout":"","site-content-style":"default","site-sidebar-style":"default","ast-global-header-display":"","ast-banner-title-visibility":"","ast-main-header-display":"","ast-hfb-above-header-display":"","ast-hfb-below-header-display":"","ast-hfb-mobile-header-display":"","site-post-title":"","ast-breadcrumbs-content":"","ast-featured-img":"","footer-sml-layout":"","theme-transparent-header-meta":"","adv-header-id-meta":"","stick-header-meta":"","header-above-stick-meta":"","header-main-stick-meta":"","header-below-stick-meta":"","astra-migrate-meta-layouts":"default","ast-page-background-enabled":"default","ast-page-background-meta":{"desktop":{"background-color":"var(--ast-global-color-4)","background-image":"","background-repeat":"repeat","background-position":"center center","background-size":"auto","background-attachment":"scroll","background-type":"","background-media":"","overlay-type":"","overlay-color":"","overlay-opacity":"","overlay-gradient":""},"tablet":{"background-color":"","background-image":"","background-repeat":"repeat","background-position":"center center","background-size":"auto","background-attachment":"scroll","background-type":"","background-media":"","overlay-type":"","overlay-color":"","overlay-opacity":"","overlay-gradient":""},"mobile":{"background-color":"","background-image":"","background-repeat":"repeat","background-position":"center center","background-size":"auto","background-attachment":"scroll","background-type":"","background-media":"","overlay-type":"","overlay-color":"","overlay-opacity":"","overlay-gradient":""}},"ast-content-background-meta":{"desktop":{"background-color":"var(--ast-global-color-5)","background-image":"","background-repeat":"repeat","background-position":"center center","background-size":"auto","background-attachment":"scroll","background-type":"","background-media":"","overlay-type":"","overlay-color":"","overlay-opacity":"","overlay-gradient":""},"tablet":{"background-color":"var(--ast-global-color-5)","background-image":"","background-repeat":"repeat","background-position":"center center","background-size":"auto","background-attachment":"scroll","background-type":"","background-media":"","overlay-type":"","overlay-color":"","overlay-opacity":"","overlay-gradient":""},"mobile":{"background-color":"var(--ast-global-color-5)","background-image":"","background-repeat":"repeat","background-position":"center center","background-size":"auto","background-attachment":"scroll","background-type":"","background-media":"","overlay-type":"","overlay-color":"","overlay-opacity":"","overlay-gradient":""}},"footnotes":""},"categories":[9,1,4,5],"tags":[],"class_list":["post-6013","post","type-post","status-publish","format-standard","has-post-thumbnail","hentry","category-ex2223","category-general","category-portada","category-primaria"],"post_mailing_queue_ids":[],"_links":{"self":[{"href":"https:\/\/agora.xtec.cat\/escolaponent\/wp-json\/wp\/v2\/posts\/6013","targetHints":{"allow":["GET"]}}],"collection":[{"href":"https:\/\/agora.xtec.cat\/escolaponent\/wp-json\/wp\/v2\/posts"}],"about":[{"href":"https:\/\/agora.xtec.cat\/escolaponent\/wp-json\/wp\/v2\/types\/post"}],"author":[{"embeddable":true,"href":"https:\/\/agora.xtec.cat\/escolaponent\/wp-json\/wp\/v2\/users\/1"}],"replies":[{"embeddable":true,"href":"https:\/\/agora.xtec.cat\/escolaponent\/wp-json\/wp\/v2\/comments?post=6013"}],"version-history":[{"count":3,"href":"https:\/\/agora.xtec.cat\/escolaponent\/wp-json\/wp\/v2\/posts\/6013\/revisions"}],"predecessor-version":[{"id":6022,"href":"https:\/\/agora.xtec.cat\/escolaponent\/wp-json\/wp\/v2\/posts\/6013\/revisions\/6022"}],"wp:featuredmedia":[{"embeddable":true,"href":"https:\/\/agora.xtec.cat\/escolaponent\/wp-json\/wp\/v2\/media\/6014"}],"wp:attachment":[{"href":"https:\/\/agora.xtec.cat\/escolaponent\/wp-json\/wp\/v2\/media?parent=6013"}],"wp:term":[{"taxonomy":"category","embeddable":true,"href":"https:\/\/agora.xtec.cat\/escolaponent\/wp-json\/wp\/v2\/categories?post=6013"},{"taxonomy":"post_tag","embeddable":true,"href":"https:\/\/agora.xtec.cat\/escolaponent\/wp-json\/wp\/v2\/tags?post=6013"}],"curies":[{"name":"wp","href":"https:\/\/api.w.org\/{rel}","templated":true}]}}