{"id":5445,"date":"2018-06-01T16:59:02","date_gmt":"2018-06-01T14:59:02","guid":{"rendered":"http:\/\/agora.xtec.cat\/escolaponent\/?p=5445"},"modified":"2018-06-01T16:59:02","modified_gmt":"2018-06-01T14:59:02","slug":"darrer-espai-familiar-denguany-sobre-les-pantalles","status":"publish","type":"post","link":"https:\/\/agora.xtec.cat\/escolaponent\/general\/darrer-espai-familiar-denguany-sobre-les-pantalles\/","title":{"rendered":"Darrer espai familiar d&#8217;enguany sobre les pantalles"},"content":{"rendered":"<p>La Susana Ruesjas de Vincles i Arts ens va tornar a fer una xerrada a les fam\u00edlies, per\u00f2 aquest cop sobre l&#8217;\u00fas i ab\u00fas de les pantalles en edats de 0-8.<\/p>\n<p>La informaci\u00f3 va ser molta, de qualitat, i va faltar temps per acabar de donar m\u00e9s pautes i consignes clares per fam\u00edlies amb infants de tres anys i m\u00e9s. Aix\u00f2 vol dir que, de cara el curs vinent&#8230; t&#8217;esperem Susana! Moltes gr\u00e0cies!<\/p>\n<p><a href=\"http:\/\/agora.xtec.cat\/escolaponent\/wp-content\/uploads\/usu881\/2018\/06\/DSC_0012ff.jpg\"><img loading=\"lazy\" decoding=\"async\" class=\"alignnone wp-image-5448\" src=\"http:\/\/agora.xtec.cat\/escolaponent\/wp-content\/uploads\/usu881\/2018\/06\/DSC_0012ff.jpg\" alt=\"\" width=\"340\" height=\"191\" srcset=\"https:\/\/agora.xtec.cat\/escolaponent\/wp-content\/uploads\/usu881\/2018\/06\/DSC_0012ff.jpg 448w, https:\/\/agora.xtec.cat\/escolaponent\/wp-content\/uploads\/usu881\/2018\/06\/DSC_0012ff-300x169.jpg 300w\" sizes=\"auto, (max-width: 340px) 100vw, 340px\" \/><\/a><a href=\"http:\/\/agora.xtec.cat\/escolaponent\/wp-content\/uploads\/usu881\/2018\/06\/ff.jpg\"><img loading=\"lazy\" decoding=\"async\" class=\"alignnone wp-image-5447\" src=\"http:\/\/agora.xtec.cat\/escolaponent\/wp-content\/uploads\/usu881\/2018\/06\/ff.jpg\" alt=\"\" width=\"341\" height=\"192\" srcset=\"https:\/\/agora.xtec.cat\/escolaponent\/wp-content\/uploads\/usu881\/2018\/06\/ff.jpg 448w, https:\/\/agora.xtec.cat\/escolaponent\/wp-content\/uploads\/usu881\/2018\/06\/ff-300x169.jpg 300w\" sizes=\"auto, (max-width: 341px) 100vw, 341px\" \/><\/a><\/p>\n","protected":false},"excerpt":{"rendered":"<p>La Susana Ruesjas de Vincles i Arts ens va tornar a fer una xerrada a les fam\u00edlies, per\u00f2 aquest cop sobre l&#8217;\u00fas i ab\u00fas de les pantalles en edats de 0-8. La informaci\u00f3 va ser molta, de qualitat, i va faltar temps per acabar de donar m\u00e9s pautes i consignes clares per fam\u00edlies amb infants [&hellip;]<\/p>\n","protected":false},"author":1,"featured_media":5447,"comment_status":"open","ping_status":"closed","sticky":false,"template":"","format":"standard","meta":{"_bbp_topic_count":0,"_bbp_reply_count":0,"_bbp_total_topic_count":0,"_bbp_total_reply_count":0,"_bbp_voice_count":0,"_bbp_anonymous_reply_count":0,"_bbp_topic_count_hidden":0,"_bbp_reply_count_hidden":0,"_bbp_forum_subforum_count":0,"site-sidebar-layout":"default","site-content-layout":"","ast-site-content-layout":"","site-content-style":"default","site-sidebar-style":"default","ast-global-header-display":"","ast-banner-title-visibility":"","ast-main-header-display":"","ast-hfb-above-header-display":"","ast-hfb-below-header-display":"","ast-hfb-mobile-header-display":"","site-post-title":"","ast-breadcrumbs-content":"","ast-featured-img":"","footer-sml-layout":"","theme-transparent-header-meta":"","adv-header-id-meta":"","stick-header-meta":"","header-above-stick-meta":"","header-main-stick-meta":"","header-below-stick-meta":"","astra-migrate-meta-layouts":"default","ast-page-background-enabled":"default","ast-page-background-meta":{"desktop":{"background-color":"var(--ast-global-color-4)","background-image":"","background-repeat":"repeat","background-position":"center center","background-size":"auto","background-attachment":"scroll","background-type":"","background-media":"","overlay-type":"","overlay-color":"","overlay-opacity":"","overlay-gradient":""},"tablet":{"background-color":"","background-image":"","background-repeat":"repeat","background-position":"center center","background-size":"auto","background-attachment":"scroll","background-type":"","background-media":"","overlay-type":"","overlay-color":"","overlay-opacity":"","overlay-gradient":""},"mobile":{"background-color":"","background-image":"","background-repeat":"repeat","background-position":"center center","background-size":"auto","background-attachment":"scroll","background-type":"","background-media":"","overlay-type":"","overlay-color":"","overlay-opacity":"","overlay-gradient":""}},"ast-content-background-meta":{"desktop":{"background-color":"var(--ast-global-color-5)","background-image":"","background-repeat":"repeat","background-position":"center center","background-size":"auto","background-attachment":"scroll","background-type":"","background-media":"","overlay-type":"","overlay-color":"","overlay-opacity":"","overlay-gradient":""},"tablet":{"background-color":"var(--ast-global-color-5)","background-image":"","background-repeat":"repeat","background-position":"center center","background-size":"auto","background-attachment":"scroll","background-type":"","background-media":"","overlay-type":"","overlay-color":"","overlay-opacity":"","overlay-gradient":""},"mobile":{"background-color":"var(--ast-global-color-5)","background-image":"","background-repeat":"repeat","background-position":"center center","background-size":"auto","background-attachment":"scroll","background-type":"","background-media":"","overlay-type":"","overlay-color":"","overlay-opacity":"","overlay-gradient":""}},"footnotes":""},"categories":[150,1,4],"tags":[],"class_list":["post-5445","post","type-post","status-publish","format-standard","has-post-thumbnail","hentry","category-espai-familiar","category-general","category-portada"],"post_mailing_queue_ids":[],"_links":{"self":[{"href":"https:\/\/agora.xtec.cat\/escolaponent\/wp-json\/wp\/v2\/posts\/5445","targetHints":{"allow":["GET"]}}],"collection":[{"href":"https:\/\/agora.xtec.cat\/escolaponent\/wp-json\/wp\/v2\/posts"}],"about":[{"href":"https:\/\/agora.xtec.cat\/escolaponent\/wp-json\/wp\/v2\/types\/post"}],"author":[{"embeddable":true,"href":"https:\/\/agora.xtec.cat\/escolaponent\/wp-json\/wp\/v2\/users\/1"}],"replies":[{"embeddable":true,"href":"https:\/\/agora.xtec.cat\/escolaponent\/wp-json\/wp\/v2\/comments?post=5445"}],"version-history":[{"count":1,"href":"https:\/\/agora.xtec.cat\/escolaponent\/wp-json\/wp\/v2\/posts\/5445\/revisions"}],"predecessor-version":[{"id":5449,"href":"https:\/\/agora.xtec.cat\/escolaponent\/wp-json\/wp\/v2\/posts\/5445\/revisions\/5449"}],"wp:featuredmedia":[{"embeddable":true,"href":"https:\/\/agora.xtec.cat\/escolaponent\/wp-json\/wp\/v2\/media\/5447"}],"wp:attachment":[{"href":"https:\/\/agora.xtec.cat\/escolaponent\/wp-json\/wp\/v2\/media?parent=5445"}],"wp:term":[{"taxonomy":"category","embeddable":true,"href":"https:\/\/agora.xtec.cat\/escolaponent\/wp-json\/wp\/v2\/categories?post=5445"},{"taxonomy":"post_tag","embeddable":true,"href":"https:\/\/agora.xtec.cat\/escolaponent\/wp-json\/wp\/v2\/tags?post=5445"}],"curies":[{"name":"wp","href":"https:\/\/api.w.org\/{rel}","templated":true}]}}