{"id":4783,"date":"2018-03-07T12:38:34","date_gmt":"2018-03-07T11:38:34","guid":{"rendered":"http:\/\/agora.xtec.cat\/escolaponent\/?p=4783"},"modified":"2018-05-09T20:57:28","modified_gmt":"2018-05-09T18:57:28","slug":"preinscripcio-curs-2018-19","status":"publish","type":"post","link":"https:\/\/agora.xtec.cat\/escolaponent\/portada\/preinscripcio-curs-2018-19\/","title":{"rendered":"Preinscripci\u00f3 curs 2018-19"},"content":{"rendered":"<p>Hola fam\u00edlies,<\/p>\n<p>Ja tenim les dates de la preinscripci\u00f3 pel curs 2018-2019. Ser\u00e0 del <em><strong>13 al 24 d&#8217;abril<\/strong>.<\/em><\/p>\n<p><a href=\"http:\/\/agora.xtec.cat\/escolaponent\/wp-content\/uploads\/usu881\/2018\/03\/preinscripcio2.png\"><img loading=\"lazy\" decoding=\"async\" class=\"alignnone wp-image-4782\" src=\"http:\/\/agora.xtec.cat\/escolaponent\/wp-content\/uploads\/usu881\/2018\/03\/preinscripcio2-300x99.png\" alt=\"\" width=\"452\" height=\"149\" srcset=\"https:\/\/agora.xtec.cat\/escolaponent\/wp-content\/uploads\/usu881\/2018\/03\/preinscripcio2-300x99.png 300w, https:\/\/agora.xtec.cat\/escolaponent\/wp-content\/uploads\/usu881\/2018\/03\/preinscripcio2-768x254.png 768w, https:\/\/agora.xtec.cat\/escolaponent\/wp-content\/uploads\/usu881\/2018\/03\/preinscripcio2.png 848w\" sizes=\"auto, (max-width: 452px) 100vw, 452px\" \/><\/a><\/p>\n<p>Trobareu tota la informaci\u00f3 de les dates al seg\u00fcent enlla\u00e7.<\/p>\n<blockquote class=\"wp-embedded-content\" data-secret=\"aC3c4Aqo8D\"><p><a href=\"https:\/\/agora.xtec.cat\/escolaponent\/preinscripcio-2018\/\">Preinscripci\u00f3 2023<\/a><\/p><\/blockquote>\n<p><iframe loading=\"lazy\" class=\"wp-embedded-content\" sandbox=\"allow-scripts\" security=\"restricted\" style=\"position: absolute; clip: rect(1px, 1px, 1px, 1px);\" title=\"&#8220;Preinscripci\u00f3 2023&#8221; &#8212; Escola Ponent\" src=\"https:\/\/agora.xtec.cat\/escolaponent\/preinscripcio-2018\/embed\/#?secret=AxmrCQrTrF#?secret=aC3c4Aqo8D\" data-secret=\"aC3c4Aqo8D\" width=\"500\" height=\"282\" frameborder=\"0\" marginwidth=\"0\" marginheight=\"0\" scrolling=\"no\"><\/iframe><\/p>\n<p>&nbsp;<\/p>\n","protected":false},"excerpt":{"rendered":"<p>Hola fam\u00edlies, Ja tenim les dates de la preinscripci\u00f3 pel curs 2018-2019. Ser\u00e0 del 13 al 24 d&#8217;abril. Trobareu tota la informaci\u00f3 de les dates al seg\u00fcent enlla\u00e7. Preinscripci\u00f3 2023 &nbsp;<\/p>\n","protected":false},"author":1,"featured_media":4782,"comment_status":"open","ping_status":"closed","sticky":false,"template":"","format":"standard","meta":{"_bbp_topic_count":0,"_bbp_reply_count":0,"_bbp_total_topic_count":0,"_bbp_total_reply_count":0,"_bbp_voice_count":0,"_bbp_anonymous_reply_count":0,"_bbp_topic_count_hidden":0,"_bbp_reply_count_hidden":0,"_bbp_forum_subforum_count":0,"site-sidebar-layout":"default","site-content-layout":"","ast-site-content-layout":"","site-content-style":"default","site-sidebar-style":"default","ast-global-header-display":"","ast-banner-title-visibility":"","ast-main-header-display":"","ast-hfb-above-header-display":"","ast-hfb-below-header-display":"","ast-hfb-mobile-header-display":"","site-post-title":"","ast-breadcrumbs-content":"","ast-featured-img":"","footer-sml-layout":"","theme-transparent-header-meta":"","adv-header-id-meta":"","stick-header-meta":"","header-above-stick-meta":"","header-main-stick-meta":"","header-below-stick-meta":"","astra-migrate-meta-layouts":"default","ast-page-background-enabled":"default","ast-page-background-meta":{"desktop":{"background-color":"var(--ast-global-color-4)","background-image":"","background-repeat":"repeat","background-position":"center center","background-size":"auto","background-attachment":"scroll","background-type":"","background-media":"","overlay-type":"","overlay-color":"","overlay-opacity":"","overlay-gradient":""},"tablet":{"background-color":"","background-image":"","background-repeat":"repeat","background-position":"center center","background-size":"auto","background-attachment":"scroll","background-type":"","background-media":"","overlay-type":"","overlay-color":"","overlay-opacity":"","overlay-gradient":""},"mobile":{"background-color":"","background-image":"","background-repeat":"repeat","background-position":"center center","background-size":"auto","background-attachment":"scroll","background-type":"","background-media":"","overlay-type":"","overlay-color":"","overlay-opacity":"","overlay-gradient":""}},"ast-content-background-meta":{"desktop":{"background-color":"var(--ast-global-color-5)","background-image":"","background-repeat":"repeat","background-position":"center center","background-size":"auto","background-attachment":"scroll","background-type":"","background-media":"","overlay-type":"","overlay-color":"","overlay-opacity":"","overlay-gradient":""},"tablet":{"background-color":"var(--ast-global-color-5)","background-image":"","background-repeat":"repeat","background-position":"center center","background-size":"auto","background-attachment":"scroll","background-type":"","background-media":"","overlay-type":"","overlay-color":"","overlay-opacity":"","overlay-gradient":""},"mobile":{"background-color":"var(--ast-global-color-5)","background-image":"","background-repeat":"repeat","background-position":"center center","background-size":"auto","background-attachment":"scroll","background-type":"","background-media":"","overlay-type":"","overlay-color":"","overlay-opacity":"","overlay-gradient":""}},"footnotes":""},"categories":[4],"tags":[],"class_list":["post-4783","post","type-post","status-publish","format-standard","has-post-thumbnail","hentry","category-portada"],"post_mailing_queue_ids":[],"_links":{"self":[{"href":"https:\/\/agora.xtec.cat\/escolaponent\/wp-json\/wp\/v2\/posts\/4783","targetHints":{"allow":["GET"]}}],"collection":[{"href":"https:\/\/agora.xtec.cat\/escolaponent\/wp-json\/wp\/v2\/posts"}],"about":[{"href":"https:\/\/agora.xtec.cat\/escolaponent\/wp-json\/wp\/v2\/types\/post"}],"author":[{"embeddable":true,"href":"https:\/\/agora.xtec.cat\/escolaponent\/wp-json\/wp\/v2\/users\/1"}],"replies":[{"embeddable":true,"href":"https:\/\/agora.xtec.cat\/escolaponent\/wp-json\/wp\/v2\/comments?post=4783"}],"version-history":[{"count":3,"href":"https:\/\/agora.xtec.cat\/escolaponent\/wp-json\/wp\/v2\/posts\/4783\/revisions"}],"predecessor-version":[{"id":4796,"href":"https:\/\/agora.xtec.cat\/escolaponent\/wp-json\/wp\/v2\/posts\/4783\/revisions\/4796"}],"wp:featuredmedia":[{"embeddable":true,"href":"https:\/\/agora.xtec.cat\/escolaponent\/wp-json\/wp\/v2\/media\/4782"}],"wp:attachment":[{"href":"https:\/\/agora.xtec.cat\/escolaponent\/wp-json\/wp\/v2\/media?parent=4783"}],"wp:term":[{"taxonomy":"category","embeddable":true,"href":"https:\/\/agora.xtec.cat\/escolaponent\/wp-json\/wp\/v2\/categories?post=4783"},{"taxonomy":"post_tag","embeddable":true,"href":"https:\/\/agora.xtec.cat\/escolaponent\/wp-json\/wp\/v2\/tags?post=4783"}],"curies":[{"name":"wp","href":"https:\/\/api.w.org\/{rel}","templated":true}]}}