{"id":4705,"date":"2018-02-23T13:42:45","date_gmt":"2018-02-23T12:42:45","guid":{"rendered":"http:\/\/agora.xtec.cat\/escolaponent\/?p=4705"},"modified":"2018-02-23T19:57:02","modified_gmt":"2018-02-23T18:57:02","slug":"carestoltes","status":"publish","type":"post","link":"https:\/\/agora.xtec.cat\/escolaponent\/general\/carestoltes\/","title":{"rendered":"Carnestoltes"},"content":{"rendered":"<p><a href=\"http:\/\/agora.xtec.cat\/escolaponent\/wp-content\/uploads\/usu881\/2018\/02\/carenstoltes.jpg\"><img loading=\"lazy\" decoding=\"async\" class=\"wp-image-4706 aligncenter\" src=\"http:\/\/agora.xtec.cat\/escolaponent\/wp-content\/uploads\/usu881\/2018\/02\/carenstoltes-1024x769.jpg\" alt=\"\" width=\"390\" height=\"293\" srcset=\"https:\/\/agora.xtec.cat\/escolaponent\/wp-content\/uploads\/usu881\/2018\/02\/carenstoltes-1024x769.jpg 1024w, https:\/\/agora.xtec.cat\/escolaponent\/wp-content\/uploads\/usu881\/2018\/02\/carenstoltes-300x225.jpg 300w, https:\/\/agora.xtec.cat\/escolaponent\/wp-content\/uploads\/usu881\/2018\/02\/carenstoltes-768x576.jpg 768w, https:\/\/agora.xtec.cat\/escolaponent\/wp-content\/uploads\/usu881\/2018\/02\/carenstoltes-200x150.jpg 200w, https:\/\/agora.xtec.cat\/escolaponent\/wp-content\/uploads\/usu881\/2018\/02\/carenstoltes.jpg 1576w\" sizes=\"auto, (max-width: 390px) 100vw, 390px\" \/><\/a><\/p>\n<p><strong>CURIOSITAT: <\/strong><\/p>\n<p><strong>El carnestoltes \u00e9s una celebraci\u00f3 p\u00fablica que t\u00e9 lloc abans de la quaresma cristiana<\/strong>, amb data variable (entre febrer i mar\u00e7, segons l\u2019any), i que combina alguns elements com disfresses, desfilades, i festes al carrer. <strong>Durant la nit del Carnestoltes tot s\u2019hi val i diu la llegenda que per aix\u00f2 la gent es posa m\u00e0scares<\/strong>.<\/p>\n<p><strong>L\u2019origen de la seva celebraci\u00f3 sembla probable que vingui de les festes paganes<\/strong>, com les que es realitzaven en honor a Bacus, el d\u00e9u del vi, les saturnals i les lupercals romanes, o les que es realitzaven en honor del toro Apis a Egipte.<\/p>\n<p><a href=\"https:\/\/photos.app.goo.gl\/clzQmHq1R5kHZpQc2\">https:\/\/photos.app.goo.gl\/clzQmHq1R5kHZpQc2<\/a><\/p>\n","protected":false},"excerpt":{"rendered":"<p>CURIOSITAT: El carnestoltes \u00e9s una celebraci\u00f3 p\u00fablica que t\u00e9 lloc abans de la quaresma cristiana, amb data variable (entre febrer i mar\u00e7, segons l\u2019any), i que combina alguns elements com disfresses, desfilades, i festes al carrer. Durant la nit del Carnestoltes tot s\u2019hi val i diu la llegenda que per aix\u00f2 la gent es posa [&hellip;]<\/p>\n","protected":false},"author":1,"featured_media":4706,"comment_status":"open","ping_status":"closed","sticky":false,"template":"","format":"standard","meta":{"_bbp_topic_count":0,"_bbp_reply_count":0,"_bbp_total_topic_count":0,"_bbp_total_reply_count":0,"_bbp_voice_count":0,"_bbp_anonymous_reply_count":0,"_bbp_topic_count_hidden":0,"_bbp_reply_count_hidden":0,"_bbp_forum_subforum_count":0,"site-sidebar-layout":"default","site-content-layout":"","ast-site-content-layout":"","site-content-style":"default","site-sidebar-style":"default","ast-global-header-display":"","ast-banner-title-visibility":"","ast-main-header-display":"","ast-hfb-above-header-display":"","ast-hfb-below-header-display":"","ast-hfb-mobile-header-display":"","site-post-title":"","ast-breadcrumbs-content":"","ast-featured-img":"","footer-sml-layout":"","theme-transparent-header-meta":"","adv-header-id-meta":"","stick-header-meta":"","header-above-stick-meta":"","header-main-stick-meta":"","header-below-stick-meta":"","astra-migrate-meta-layouts":"default","ast-page-background-enabled":"default","ast-page-background-meta":{"desktop":{"background-color":"var(--ast-global-color-4)","background-image":"","background-repeat":"repeat","background-position":"center center","background-size":"auto","background-attachment":"scroll","background-type":"","background-media":"","overlay-type":"","overlay-color":"","overlay-opacity":"","overlay-gradient":""},"tablet":{"background-color":"","background-image":"","background-repeat":"repeat","background-position":"center center","background-size":"auto","background-attachment":"scroll","background-type":"","background-media":"","overlay-type":"","overlay-color":"","overlay-opacity":"","overlay-gradient":""},"mobile":{"background-color":"","background-image":"","background-repeat":"repeat","background-position":"center center","background-size":"auto","background-attachment":"scroll","background-type":"","background-media":"","overlay-type":"","overlay-color":"","overlay-opacity":"","overlay-gradient":""}},"ast-content-background-meta":{"desktop":{"background-color":"var(--ast-global-color-5)","background-image":"","background-repeat":"repeat","background-position":"center center","background-size":"auto","background-attachment":"scroll","background-type":"","background-media":"","overlay-type":"","overlay-color":"","overlay-opacity":"","overlay-gradient":""},"tablet":{"background-color":"var(--ast-global-color-5)","background-image":"","background-repeat":"repeat","background-position":"center center","background-size":"auto","background-attachment":"scroll","background-type":"","background-media":"","overlay-type":"","overlay-color":"","overlay-opacity":"","overlay-gradient":""},"mobile":{"background-color":"var(--ast-global-color-5)","background-image":"","background-repeat":"repeat","background-position":"center center","background-size":"auto","background-attachment":"scroll","background-type":"","background-media":"","overlay-type":"","overlay-color":"","overlay-opacity":"","overlay-gradient":""}},"footnotes":""},"categories":[1],"tags":[],"class_list":["post-4705","post","type-post","status-publish","format-standard","has-post-thumbnail","hentry","category-general"],"post_mailing_queue_ids":[],"_links":{"self":[{"href":"https:\/\/agora.xtec.cat\/escolaponent\/wp-json\/wp\/v2\/posts\/4705","targetHints":{"allow":["GET"]}}],"collection":[{"href":"https:\/\/agora.xtec.cat\/escolaponent\/wp-json\/wp\/v2\/posts"}],"about":[{"href":"https:\/\/agora.xtec.cat\/escolaponent\/wp-json\/wp\/v2\/types\/post"}],"author":[{"embeddable":true,"href":"https:\/\/agora.xtec.cat\/escolaponent\/wp-json\/wp\/v2\/users\/1"}],"replies":[{"embeddable":true,"href":"https:\/\/agora.xtec.cat\/escolaponent\/wp-json\/wp\/v2\/comments?post=4705"}],"version-history":[{"count":3,"href":"https:\/\/agora.xtec.cat\/escolaponent\/wp-json\/wp\/v2\/posts\/4705\/revisions"}],"predecessor-version":[{"id":4709,"href":"https:\/\/agora.xtec.cat\/escolaponent\/wp-json\/wp\/v2\/posts\/4705\/revisions\/4709"}],"wp:featuredmedia":[{"embeddable":true,"href":"https:\/\/agora.xtec.cat\/escolaponent\/wp-json\/wp\/v2\/media\/4706"}],"wp:attachment":[{"href":"https:\/\/agora.xtec.cat\/escolaponent\/wp-json\/wp\/v2\/media?parent=4705"}],"wp:term":[{"taxonomy":"category","embeddable":true,"href":"https:\/\/agora.xtec.cat\/escolaponent\/wp-json\/wp\/v2\/categories?post=4705"},{"taxonomy":"post_tag","embeddable":true,"href":"https:\/\/agora.xtec.cat\/escolaponent\/wp-json\/wp\/v2\/tags?post=4705"}],"curies":[{"name":"wp","href":"https:\/\/api.w.org\/{rel}","templated":true}]}}