{"id":4038,"date":"2017-10-31T12:34:51","date_gmt":"2017-10-31T11:34:51","guid":{"rendered":"http:\/\/agora.xtec.cat\/escolaponent\/?p=4038"},"modified":"2017-10-31T23:13:30","modified_gmt":"2017-10-31T22:13:30","slug":"castanyada-2017","status":"publish","type":"post","link":"https:\/\/agora.xtec.cat\/escolaponent\/general\/castanyada-2017\/","title":{"rendered":"CASTANYADA 2017"},"content":{"rendered":"<p><strong>Ja arribat la Castanyada!!!!<\/strong><\/p>\n<p>A Ponent ho hem celebrat de moltes maneres:<\/p>\n<p><a href=\"http:\/\/agora.xtec.cat\/escolaponent\/wp-content\/uploads\/usu881\/2017\/10\/DSC04626.jpg\"><img loading=\"lazy\" decoding=\"async\" class=\"alignnone wp-image-4052\" src=\"http:\/\/agora.xtec.cat\/escolaponent\/wp-content\/uploads\/usu881\/2017\/10\/DSC04626.jpg\" alt=\"\" width=\"284\" height=\"213\" srcset=\"https:\/\/agora.xtec.cat\/escolaponent\/wp-content\/uploads\/usu881\/2017\/10\/DSC04626.jpg 640w, https:\/\/agora.xtec.cat\/escolaponent\/wp-content\/uploads\/usu881\/2017\/10\/DSC04626-300x225.jpg 300w, https:\/\/agora.xtec.cat\/escolaponent\/wp-content\/uploads\/usu881\/2017\/10\/DSC04626-200x150.jpg 200w\" sizes=\"auto, (max-width: 284px) 100vw, 284px\" \/><\/a><\/p>\n<p><a href=\"https:\/\/photos.app.goo.gl\/ZNUwCo1ah1Ru0Vog2\">FOTOS MAT\u00cd<\/a><\/p>\n<p>Durant el mat\u00ed els m\u00e9s menuts hem visualitzat una obra de teatre.<\/p>\n<p>La comunitat de Mitjans hem realitzat uns tallers relacionats amb la tardor, manualitats i tastets de tardor. Els Grans hem visualitzat uns films relacionats amb Tots Sants.<\/p>\n<p><a href=\"https:\/\/photos.app.goo.gl\/eO2LsGqmY5ek8csB3\">TARDA INFANTIL<\/a><\/p>\n<p><a href=\"https:\/\/photos.app.goo.gl\/QDK5YIZozZXLj1wq1\">TARDA MITJANS GRANS<\/a><\/p>\n<p>A la tarda els d&#8217;Infantil\u00a0 hem menjat castanyes i panellets i el Pep i la Flora\u00a0 han fet una gran dansa.<\/p>\n<p>La comunitat de Mitjans i\u00a0 Grans hem fet un gran berenar de\u00a0 tardor i jocs molt divertits !!!!<\/p>\n","protected":false},"excerpt":{"rendered":"<p>Ja arribat la Castanyada!!!! A Ponent ho hem celebrat de moltes maneres: FOTOS MAT\u00cd Durant el mat\u00ed els m\u00e9s menuts hem visualitzat una obra de teatre. La comunitat de Mitjans hem realitzat uns tallers relacionats amb la tardor, manualitats i tastets de tardor. Els Grans hem visualitzat uns films relacionats amb Tots Sants. TARDA INFANTIL [&hellip;]<\/p>\n","protected":false},"author":1,"featured_media":4053,"comment_status":"open","ping_status":"closed","sticky":false,"template":"","format":"standard","meta":{"_bbp_topic_count":0,"_bbp_reply_count":0,"_bbp_total_topic_count":0,"_bbp_total_reply_count":0,"_bbp_voice_count":0,"_bbp_anonymous_reply_count":0,"_bbp_topic_count_hidden":0,"_bbp_reply_count_hidden":0,"_bbp_forum_subforum_count":0,"site-sidebar-layout":"default","site-content-layout":"","ast-site-content-layout":"","site-content-style":"default","site-sidebar-style":"default","ast-global-header-display":"","ast-banner-title-visibility":"","ast-main-header-display":"","ast-hfb-above-header-display":"","ast-hfb-below-header-display":"","ast-hfb-mobile-header-display":"","site-post-title":"","ast-breadcrumbs-content":"","ast-featured-img":"","footer-sml-layout":"","theme-transparent-header-meta":"","adv-header-id-meta":"","stick-header-meta":"","header-above-stick-meta":"","header-main-stick-meta":"","header-below-stick-meta":"","astra-migrate-meta-layouts":"default","ast-page-background-enabled":"default","ast-page-background-meta":{"desktop":{"background-color":"var(--ast-global-color-4)","background-image":"","background-repeat":"repeat","background-position":"center center","background-size":"auto","background-attachment":"scroll","background-type":"","background-media":"","overlay-type":"","overlay-color":"","overlay-opacity":"","overlay-gradient":""},"tablet":{"background-color":"","background-image":"","background-repeat":"repeat","background-position":"center center","background-size":"auto","background-attachment":"scroll","background-type":"","background-media":"","overlay-type":"","overlay-color":"","overlay-opacity":"","overlay-gradient":""},"mobile":{"background-color":"","background-image":"","background-repeat":"repeat","background-position":"center center","background-size":"auto","background-attachment":"scroll","background-type":"","background-media":"","overlay-type":"","overlay-color":"","overlay-opacity":"","overlay-gradient":""}},"ast-content-background-meta":{"desktop":{"background-color":"var(--ast-global-color-5)","background-image":"","background-repeat":"repeat","background-position":"center center","background-size":"auto","background-attachment":"scroll","background-type":"","background-media":"","overlay-type":"","overlay-color":"","overlay-opacity":"","overlay-gradient":""},"tablet":{"background-color":"var(--ast-global-color-5)","background-image":"","background-repeat":"repeat","background-position":"center center","background-size":"auto","background-attachment":"scroll","background-type":"","background-media":"","overlay-type":"","overlay-color":"","overlay-opacity":"","overlay-gradient":""},"mobile":{"background-color":"var(--ast-global-color-5)","background-image":"","background-repeat":"repeat","background-position":"center center","background-size":"auto","background-attachment":"scroll","background-type":"","background-media":"","overlay-type":"","overlay-color":"","overlay-opacity":"","overlay-gradient":""}},"footnotes":""},"categories":[1,127,4],"tags":[],"class_list":["post-4038","post","type-post","status-publish","format-standard","has-post-thumbnail","hentry","category-general","category-les-festes","category-portada"],"post_mailing_queue_ids":[],"_links":{"self":[{"href":"https:\/\/agora.xtec.cat\/escolaponent\/wp-json\/wp\/v2\/posts\/4038","targetHints":{"allow":["GET"]}}],"collection":[{"href":"https:\/\/agora.xtec.cat\/escolaponent\/wp-json\/wp\/v2\/posts"}],"about":[{"href":"https:\/\/agora.xtec.cat\/escolaponent\/wp-json\/wp\/v2\/types\/post"}],"author":[{"embeddable":true,"href":"https:\/\/agora.xtec.cat\/escolaponent\/wp-json\/wp\/v2\/users\/1"}],"replies":[{"embeddable":true,"href":"https:\/\/agora.xtec.cat\/escolaponent\/wp-json\/wp\/v2\/comments?post=4038"}],"version-history":[{"count":3,"href":"https:\/\/agora.xtec.cat\/escolaponent\/wp-json\/wp\/v2\/posts\/4038\/revisions"}],"predecessor-version":[{"id":4064,"href":"https:\/\/agora.xtec.cat\/escolaponent\/wp-json\/wp\/v2\/posts\/4038\/revisions\/4064"}],"wp:featuredmedia":[{"embeddable":true,"href":"https:\/\/agora.xtec.cat\/escolaponent\/wp-json\/wp\/v2\/media\/4053"}],"wp:attachment":[{"href":"https:\/\/agora.xtec.cat\/escolaponent\/wp-json\/wp\/v2\/media?parent=4038"}],"wp:term":[{"taxonomy":"category","embeddable":true,"href":"https:\/\/agora.xtec.cat\/escolaponent\/wp-json\/wp\/v2\/categories?post=4038"},{"taxonomy":"post_tag","embeddable":true,"href":"https:\/\/agora.xtec.cat\/escolaponent\/wp-json\/wp\/v2\/tags?post=4038"}],"curies":[{"name":"wp","href":"https:\/\/api.w.org\/{rel}","templated":true}]}}