{"id":3703,"date":"2017-09-23T12:27:51","date_gmt":"2017-09-23T10:27:51","guid":{"rendered":"http:\/\/agora.xtec.cat\/escolaponent\/?p=3703"},"modified":"2017-09-23T12:27:51","modified_gmt":"2017-09-23T10:27:51","slug":"les-classes-de-p3-ja-tenim-nom","status":"publish","type":"post","link":"https:\/\/agora.xtec.cat\/escolaponent\/general\/les-classes-de-p3-ja-tenim-nom\/","title":{"rendered":"LES CLASSES DE P3 JA TENIM NOM"},"content":{"rendered":"<p>Avui al mat\u00ed ha estat molt emocionant perqu\u00e8 els nens i nenes de P3 hav\u00edem de triar un nom per l&#8217;aula relacionat amb la flora i la fauna de Sant Lloren\u00e7.<\/p>\n<p>Per poder triar un nom cadascuna de les aules ha partit d&#8217;un conte on sortien com a protagonistes la Mola i el Montcau i animals que hi viuen en elles.<\/p>\n<p>Com que han empatitzat molt amb les coses que els hi succe\u00efen a les muntanyes han decidit que es dirien EL MONTCAU I LA MOLA.<\/p>\n<p>De sobte ens hem preguntat&#8230; Podem veure la Mola des de l&#8217;escola?<\/p>\n<p>Doncs no sabem! Anem i ho comprovem!<\/p>\n<p><a href=\"http:\/\/agora.xtec.cat\/escolaponent\/wp-content\/uploads\/usu881\/2017\/09\/IMG_4564.jpg\"><img loading=\"lazy\" decoding=\"async\" class=\"aligncenter wp-image-3708 size-medium\" src=\"http:\/\/agora.xtec.cat\/escolaponent\/wp-content\/uploads\/usu881\/2017\/09\/IMG_4564-300x225.jpg\" alt=\"\" width=\"300\" height=\"225\" srcset=\"https:\/\/agora.xtec.cat\/escolaponent\/wp-content\/uploads\/usu881\/2017\/09\/IMG_4564-300x225.jpg 300w, https:\/\/agora.xtec.cat\/escolaponent\/wp-content\/uploads\/usu881\/2017\/09\/IMG_4564-768x576.jpg 768w, https:\/\/agora.xtec.cat\/escolaponent\/wp-content\/uploads\/usu881\/2017\/09\/IMG_4564-1024x768.jpg 1024w, https:\/\/agora.xtec.cat\/escolaponent\/wp-content\/uploads\/usu881\/2017\/09\/IMG_4564-200x150.jpg 200w\" sizes=\"auto, (max-width: 300px) 100vw, 300px\" \/><\/a><\/p>\n<p>La Mola si que es veu per\u00f2 i el Montcau?<\/p>\n<p><a href=\"http:\/\/agora.xtec.cat\/escolaponent\/wp-content\/uploads\/usu881\/2017\/09\/IMG_1414.1.jpg\"><img loading=\"lazy\" decoding=\"async\" class=\"aligncenter wp-image-3709 size-medium\" src=\"http:\/\/agora.xtec.cat\/escolaponent\/wp-content\/uploads\/usu881\/2017\/09\/IMG_1414.1-300x169.jpg\" alt=\"\" width=\"300\" height=\"169\" srcset=\"https:\/\/agora.xtec.cat\/escolaponent\/wp-content\/uploads\/usu881\/2017\/09\/IMG_1414.1-300x169.jpg 300w, https:\/\/agora.xtec.cat\/escolaponent\/wp-content\/uploads\/usu881\/2017\/09\/IMG_1414.1-768x432.jpg 768w, https:\/\/agora.xtec.cat\/escolaponent\/wp-content\/uploads\/usu881\/2017\/09\/IMG_1414.1-1024x576.jpg 1024w, https:\/\/agora.xtec.cat\/escolaponent\/wp-content\/uploads\/usu881\/2017\/09\/IMG_1414.1.jpg 1820w\" sizes=\"auto, (max-width: 300px) 100vw, 300px\" \/><\/a><\/p>\n<p>On \u00e9s? No el veiem!!!!!!<\/p>\n<p>Ens hem quedat una mica aturats en veure que des de l&#8217;escola no podiem veure aquella muntanya que es diu el Montcau&#8230;.<\/p>\n<p>Aix\u00ed doncs, quan hem sortit de l&#8217;escola,\u00a0 la Mireia i la Laia ens hem volgut apropar al Parc Natural de St. Lloren\u00e7 per veure si veiem el Montcau i la Mola. Mireu, mireu que ens hem trobat&#8230;.<\/p>\n<p><a href=\"http:\/\/agora.xtec.cat\/escolaponent\/wp-content\/uploads\/usu881\/2017\/09\/fullsizeoutput_4dc5-e1506103068297.jpeg\"><img loading=\"lazy\" decoding=\"async\" class=\"aligncenter size-medium wp-image-3707\" src=\"http:\/\/agora.xtec.cat\/escolaponent\/wp-content\/uploads\/usu881\/2017\/09\/fullsizeoutput_4dc5-e1506103068297-300x225.jpeg\" alt=\"\" width=\"300\" height=\"225\" srcset=\"https:\/\/agora.xtec.cat\/escolaponent\/wp-content\/uploads\/usu881\/2017\/09\/fullsizeoutput_4dc5-e1506103068297-300x225.jpeg 300w, https:\/\/agora.xtec.cat\/escolaponent\/wp-content\/uploads\/usu881\/2017\/09\/fullsizeoutput_4dc5-e1506103068297-768x576.jpeg 768w, https:\/\/agora.xtec.cat\/escolaponent\/wp-content\/uploads\/usu881\/2017\/09\/fullsizeoutput_4dc5-e1506103068297-1024x768.jpeg 1024w, https:\/\/agora.xtec.cat\/escolaponent\/wp-content\/uploads\/usu881\/2017\/09\/fullsizeoutput_4dc5-e1506103068297-200x150.jpeg 200w\" sizes=\"auto, (max-width: 300px) 100vw, 300px\" \/><\/a><\/p>\n<p>El cam\u00ed a les dues muntanyes!!!!!! I caminant, caminant&#8230;.<\/p>\n<p>oooooohhhhhh!!!!!! EL MONTCAU!!!!!!<\/p>\n<p><a href=\"http:\/\/agora.xtec.cat\/escolaponent\/wp-content\/uploads\/usu881\/2017\/09\/IMG-20170922-WA0067.jpg\"><img loading=\"lazy\" decoding=\"async\" class=\"aligncenter wp-image-3712 size-medium\" src=\"http:\/\/agora.xtec.cat\/escolaponent\/wp-content\/uploads\/usu881\/2017\/09\/IMG-20170922-WA0067-300x225.jpg\" alt=\"\" width=\"300\" height=\"225\" srcset=\"https:\/\/agora.xtec.cat\/escolaponent\/wp-content\/uploads\/usu881\/2017\/09\/IMG-20170922-WA0067-300x225.jpg 300w, https:\/\/agora.xtec.cat\/escolaponent\/wp-content\/uploads\/usu881\/2017\/09\/IMG-20170922-WA0067-768x576.jpg 768w, https:\/\/agora.xtec.cat\/escolaponent\/wp-content\/uploads\/usu881\/2017\/09\/IMG-20170922-WA0067-1024x768.jpg 1024w, https:\/\/agora.xtec.cat\/escolaponent\/wp-content\/uploads\/usu881\/2017\/09\/IMG-20170922-WA0067-200x150.jpg 200w, https:\/\/agora.xtec.cat\/escolaponent\/wp-content\/uploads\/usu881\/2017\/09\/IMG-20170922-WA0067.jpg 1600w\" sizes=\"auto, (max-width: 300px) 100vw, 300px\" \/><\/a><\/p>\n<p>Per\u00f2&#8230;. i la Mola? No la veiem!!!!<\/p>\n<p>Tot i aix\u00ed baixant cap a Terrassa&#8230;..<\/p>\n<p><a href=\"http:\/\/agora.xtec.cat\/escolaponent\/wp-content\/uploads\/usu881\/2017\/09\/IMG-20170922-WA0065.jpg\"><img loading=\"lazy\" decoding=\"async\" class=\"aligncenter wp-image-3713 size-medium\" src=\"http:\/\/agora.xtec.cat\/escolaponent\/wp-content\/uploads\/usu881\/2017\/09\/IMG-20170922-WA0065-225x300.jpg\" alt=\"\" width=\"225\" height=\"300\" srcset=\"https:\/\/agora.xtec.cat\/escolaponent\/wp-content\/uploads\/usu881\/2017\/09\/IMG-20170922-WA0065-225x300.jpg 225w, https:\/\/agora.xtec.cat\/escolaponent\/wp-content\/uploads\/usu881\/2017\/09\/IMG-20170922-WA0065-768x1024.jpg 768w, https:\/\/agora.xtec.cat\/escolaponent\/wp-content\/uploads\/usu881\/2017\/09\/IMG-20170922-WA0065.jpg 1200w\" sizes=\"auto, (max-width: 225px) 100vw, 225px\" \/><\/a>Hem vist tamb\u00e9 la Mola!!!!! Quina alegria ens hem endut!!!!!<\/p>\n<p>Aix\u00ed doncs, us animem a totes les fam\u00edlies que aneu a visitar les muntanyes que representen les nostres classes. No us oblideu a fer-nos arribar les vostres fotos.<\/p>\n<p>Laia i Mireia<\/p>\n","protected":false},"excerpt":{"rendered":"<p>Avui al mat\u00ed ha estat molt emocionant perqu\u00e8 els nens i nenes de P3 hav\u00edem de triar un nom per l&#8217;aula relacionat amb la flora i la fauna de Sant Lloren\u00e7. Per poder triar un nom cadascuna de les aules ha partit d&#8217;un conte on sortien com a protagonistes la Mola i el Montcau i [&hellip;]<\/p>\n","protected":false},"author":1,"featured_media":3707,"comment_status":"open","ping_status":"closed","sticky":false,"template":"","format":"standard","meta":{"_bbp_topic_count":0,"_bbp_reply_count":0,"_bbp_total_topic_count":0,"_bbp_total_reply_count":0,"_bbp_voice_count":0,"_bbp_anonymous_reply_count":0,"_bbp_topic_count_hidden":0,"_bbp_reply_count_hidden":0,"_bbp_forum_subforum_count":0,"site-sidebar-layout":"default","site-content-layout":"","ast-site-content-layout":"","site-content-style":"default","site-sidebar-style":"default","ast-global-header-display":"","ast-banner-title-visibility":"","ast-main-header-display":"","ast-hfb-above-header-display":"","ast-hfb-below-header-display":"","ast-hfb-mobile-header-display":"","site-post-title":"","ast-breadcrumbs-content":"","ast-featured-img":"","footer-sml-layout":"","theme-transparent-header-meta":"","adv-header-id-meta":"","stick-header-meta":"","header-above-stick-meta":"","header-main-stick-meta":"","header-below-stick-meta":"","astra-migrate-meta-layouts":"default","ast-page-background-enabled":"default","ast-page-background-meta":{"desktop":{"background-color":"var(--ast-global-color-4)","background-image":"","background-repeat":"repeat","background-position":"center center","background-size":"auto","background-attachment":"scroll","background-type":"","background-media":"","overlay-type":"","overlay-color":"","overlay-opacity":"","overlay-gradient":""},"tablet":{"background-color":"","background-image":"","background-repeat":"repeat","background-position":"center center","background-size":"auto","background-attachment":"scroll","background-type":"","background-media":"","overlay-type":"","overlay-color":"","overlay-opacity":"","overlay-gradient":""},"mobile":{"background-color":"","background-image":"","background-repeat":"repeat","background-position":"center center","background-size":"auto","background-attachment":"scroll","background-type":"","background-media":"","overlay-type":"","overlay-color":"","overlay-opacity":"","overlay-gradient":""}},"ast-content-background-meta":{"desktop":{"background-color":"var(--ast-global-color-5)","background-image":"","background-repeat":"repeat","background-position":"center center","background-size":"auto","background-attachment":"scroll","background-type":"","background-media":"","overlay-type":"","overlay-color":"","overlay-opacity":"","overlay-gradient":""},"tablet":{"background-color":"var(--ast-global-color-5)","background-image":"","background-repeat":"repeat","background-position":"center center","background-size":"auto","background-attachment":"scroll","background-type":"","background-media":"","overlay-type":"","overlay-color":"","overlay-opacity":"","overlay-gradient":""},"mobile":{"background-color":"var(--ast-global-color-5)","background-image":"","background-repeat":"repeat","background-position":"center center","background-size":"auto","background-attachment":"scroll","background-type":"","background-media":"","overlay-type":"","overlay-color":"","overlay-opacity":"","overlay-gradient":""}},"footnotes":""},"categories":[194,1,2,4],"tags":[],"class_list":["post-3703","post","type-post","status-publish","format-standard","has-post-thumbnail","hentry","category-sise","category-general","category-infantil","category-portada"],"post_mailing_queue_ids":[],"_links":{"self":[{"href":"https:\/\/agora.xtec.cat\/escolaponent\/wp-json\/wp\/v2\/posts\/3703","targetHints":{"allow":["GET"]}}],"collection":[{"href":"https:\/\/agora.xtec.cat\/escolaponent\/wp-json\/wp\/v2\/posts"}],"about":[{"href":"https:\/\/agora.xtec.cat\/escolaponent\/wp-json\/wp\/v2\/types\/post"}],"author":[{"embeddable":true,"href":"https:\/\/agora.xtec.cat\/escolaponent\/wp-json\/wp\/v2\/users\/1"}],"replies":[{"embeddable":true,"href":"https:\/\/agora.xtec.cat\/escolaponent\/wp-json\/wp\/v2\/comments?post=3703"}],"version-history":[{"count":3,"href":"https:\/\/agora.xtec.cat\/escolaponent\/wp-json\/wp\/v2\/posts\/3703\/revisions"}],"predecessor-version":[{"id":3714,"href":"https:\/\/agora.xtec.cat\/escolaponent\/wp-json\/wp\/v2\/posts\/3703\/revisions\/3714"}],"wp:featuredmedia":[{"embeddable":true,"href":"https:\/\/agora.xtec.cat\/escolaponent\/wp-json\/wp\/v2\/media\/3707"}],"wp:attachment":[{"href":"https:\/\/agora.xtec.cat\/escolaponent\/wp-json\/wp\/v2\/media?parent=3703"}],"wp:term":[{"taxonomy":"category","embeddable":true,"href":"https:\/\/agora.xtec.cat\/escolaponent\/wp-json\/wp\/v2\/categories?post=3703"},{"taxonomy":"post_tag","embeddable":true,"href":"https:\/\/agora.xtec.cat\/escolaponent\/wp-json\/wp\/v2\/tags?post=3703"}],"curies":[{"name":"wp","href":"https:\/\/api.w.org\/{rel}","templated":true}]}}