{"id":3624,"date":"2017-09-21T09:24:53","date_gmt":"2017-09-21T07:24:53","guid":{"rendered":"http:\/\/agora.xtec.cat\/escolaponent\/?p=3624"},"modified":"2017-09-21T13:59:43","modified_gmt":"2017-09-21T11:59:43","slug":"ponent-per-la-pau","status":"publish","type":"post","link":"https:\/\/agora.xtec.cat\/escolaponent\/general\/ponent-per-la-pau\/","title":{"rendered":"Ponent per la pau"},"content":{"rendered":"<p>L\u2019escola Ponent vol reafirmar el seu comprom\u00eds per a la conviv\u00e8ncia i la pau. Al llarg d\u2019aquesta setmana, com la resta de centres educatius de Terrassa, farem algunes accions amb l\u2019alumnat: escoltar en les entrades i sortides la pe\u00e7a \u00a0\u201cVolem la pau\u201d (trobareu m\u00e9s informaci\u00f3 al bloc de m\u00fasica) \u00a0<a href=\"http:\/\/agora.xtec.cat\/escolaponent\/categoria\/musica\/\">http:\/\/agora.xtec.cat\/escolaponent\/categoria\/musica\/<\/a>, \u00a0parlar a la classe dels valors com ara la pau i el respecte, \u00a0elaborar entre totes i tots un mural representant la cultura de la pau per penjar-lo a l\u2019entrada de l\u2019escola i compartir-lo amb tota la comunitat educativa.<\/p>\n<p>El Departament d\u2019Educaci\u00f3 ha publicat al seu web <a href=\"http:\/\/xtec.gencat.cat\/ca\/\">http:\/\/xtec.gencat.cat\/ca\/<\/a> un recull de materials de suport que poden ser d\u2019utilitat per comentar i reflexionar els fets relacionats amb els atemptats terroristes.<\/p>\n<p>Us animem a compartir emocions, dubtes, pors, angoixes i esperances.<\/p>\n<p>Equip Ponent<\/p>\n<p><a href=\"http:\/\/agora.xtec.cat\/escolaponent\/wp-content\/uploads\/usu881\/2017\/09\/DSC04017.jpg\"><img loading=\"lazy\" decoding=\"async\" class=\"alignnone size-full wp-image-3625\" src=\"http:\/\/agora.xtec.cat\/escolaponent\/wp-content\/uploads\/usu881\/2017\/09\/DSC04017.jpg\" alt=\"\" width=\"640\" height=\"480\" srcset=\"https:\/\/agora.xtec.cat\/escolaponent\/wp-content\/uploads\/usu881\/2017\/09\/DSC04017.jpg 640w, https:\/\/agora.xtec.cat\/escolaponent\/wp-content\/uploads\/usu881\/2017\/09\/DSC04017-300x225.jpg 300w, https:\/\/agora.xtec.cat\/escolaponent\/wp-content\/uploads\/usu881\/2017\/09\/DSC04017-200x150.jpg 200w\" sizes=\"auto, (max-width: 640px) 100vw, 640px\" \/><\/a><\/p>\n","protected":false},"excerpt":{"rendered":"<p>L\u2019escola Ponent vol reafirmar el seu comprom\u00eds per a la conviv\u00e8ncia i la pau. Al llarg d\u2019aquesta setmana, com la resta de centres educatius de Terrassa, farem algunes accions amb l\u2019alumnat: escoltar en les entrades i sortides la pe\u00e7a \u00a0\u201cVolem la pau\u201d (trobareu m\u00e9s informaci\u00f3 al bloc de m\u00fasica) \u00a0http:\/\/agora.xtec.cat\/escolaponent\/categoria\/musica\/, \u00a0parlar a la classe dels [&hellip;]<\/p>\n","protected":false},"author":1,"featured_media":3625,"comment_status":"open","ping_status":"closed","sticky":false,"template":"","format":"standard","meta":{"_bbp_topic_count":0,"_bbp_reply_count":0,"_bbp_total_topic_count":0,"_bbp_total_reply_count":0,"_bbp_voice_count":0,"_bbp_anonymous_reply_count":0,"_bbp_topic_count_hidden":0,"_bbp_reply_count_hidden":0,"_bbp_forum_subforum_count":0,"site-sidebar-layout":"default","site-content-layout":"","ast-site-content-layout":"","site-content-style":"default","site-sidebar-style":"default","ast-global-header-display":"","ast-banner-title-visibility":"","ast-main-header-display":"","ast-hfb-above-header-display":"","ast-hfb-below-header-display":"","ast-hfb-mobile-header-display":"","site-post-title":"","ast-breadcrumbs-content":"","ast-featured-img":"","footer-sml-layout":"","theme-transparent-header-meta":"","adv-header-id-meta":"","stick-header-meta":"","header-above-stick-meta":"","header-main-stick-meta":"","header-below-stick-meta":"","astra-migrate-meta-layouts":"default","ast-page-background-enabled":"default","ast-page-background-meta":{"desktop":{"background-color":"var(--ast-global-color-4)","background-image":"","background-repeat":"repeat","background-position":"center center","background-size":"auto","background-attachment":"scroll","background-type":"","background-media":"","overlay-type":"","overlay-color":"","overlay-opacity":"","overlay-gradient":""},"tablet":{"background-color":"","background-image":"","background-repeat":"repeat","background-position":"center center","background-size":"auto","background-attachment":"scroll","background-type":"","background-media":"","overlay-type":"","overlay-color":"","overlay-opacity":"","overlay-gradient":""},"mobile":{"background-color":"","background-image":"","background-repeat":"repeat","background-position":"center center","background-size":"auto","background-attachment":"scroll","background-type":"","background-media":"","overlay-type":"","overlay-color":"","overlay-opacity":"","overlay-gradient":""}},"ast-content-background-meta":{"desktop":{"background-color":"var(--ast-global-color-5)","background-image":"","background-repeat":"repeat","background-position":"center center","background-size":"auto","background-attachment":"scroll","background-type":"","background-media":"","overlay-type":"","overlay-color":"","overlay-opacity":"","overlay-gradient":""},"tablet":{"background-color":"var(--ast-global-color-5)","background-image":"","background-repeat":"repeat","background-position":"center center","background-size":"auto","background-attachment":"scroll","background-type":"","background-media":"","overlay-type":"","overlay-color":"","overlay-opacity":"","overlay-gradient":""},"mobile":{"background-color":"var(--ast-global-color-5)","background-image":"","background-repeat":"repeat","background-position":"center center","background-size":"auto","background-attachment":"scroll","background-type":"","background-media":"","overlay-type":"","overlay-color":"","overlay-opacity":"","overlay-gradient":""}},"footnotes":""},"categories":[7,1,4],"tags":[],"class_list":["post-3624","post","type-post","status-publish","format-standard","has-post-thumbnail","hentry","category-afa","category-general","category-portada"],"post_mailing_queue_ids":[],"_links":{"self":[{"href":"https:\/\/agora.xtec.cat\/escolaponent\/wp-json\/wp\/v2\/posts\/3624","targetHints":{"allow":["GET"]}}],"collection":[{"href":"https:\/\/agora.xtec.cat\/escolaponent\/wp-json\/wp\/v2\/posts"}],"about":[{"href":"https:\/\/agora.xtec.cat\/escolaponent\/wp-json\/wp\/v2\/types\/post"}],"author":[{"embeddable":true,"href":"https:\/\/agora.xtec.cat\/escolaponent\/wp-json\/wp\/v2\/users\/1"}],"replies":[{"embeddable":true,"href":"https:\/\/agora.xtec.cat\/escolaponent\/wp-json\/wp\/v2\/comments?post=3624"}],"version-history":[{"count":3,"href":"https:\/\/agora.xtec.cat\/escolaponent\/wp-json\/wp\/v2\/posts\/3624\/revisions"}],"predecessor-version":[{"id":3697,"href":"https:\/\/agora.xtec.cat\/escolaponent\/wp-json\/wp\/v2\/posts\/3624\/revisions\/3697"}],"wp:featuredmedia":[{"embeddable":true,"href":"https:\/\/agora.xtec.cat\/escolaponent\/wp-json\/wp\/v2\/media\/3625"}],"wp:attachment":[{"href":"https:\/\/agora.xtec.cat\/escolaponent\/wp-json\/wp\/v2\/media?parent=3624"}],"wp:term":[{"taxonomy":"category","embeddable":true,"href":"https:\/\/agora.xtec.cat\/escolaponent\/wp-json\/wp\/v2\/categories?post=3624"},{"taxonomy":"post_tag","embeddable":true,"href":"https:\/\/agora.xtec.cat\/escolaponent\/wp-json\/wp\/v2\/tags?post=3624"}],"curies":[{"name":"wp","href":"https:\/\/api.w.org\/{rel}","templated":true}]}}