{"id":3514,"date":"2017-06-21T12:15:03","date_gmt":"2017-06-21T10:15:03","guid":{"rendered":"http:\/\/agora.xtec.cat\/escolaponent\/?p=3514"},"modified":"2017-06-21T12:15:03","modified_gmt":"2017-06-21T10:15:03","slug":"la-fi-del-curs-ja-es-aqui","status":"publish","type":"post","link":"https:\/\/agora.xtec.cat\/escolaponent\/general\/la-fi-del-curs-ja-es-aqui\/","title":{"rendered":"LA FI DEL CURS JA \u00c9S AQU\u00cd"},"content":{"rendered":"<p>Avui finalitza el curs, un curs ple de canvis, alegria, sentiments, emocions&#8230;i que ens deixa a tothom nous comen\u00e7aments<span class=\"hiddenGrammarError\">,noves<\/span>, etapes noves, cursos nous, ara a poc a poc ens preparem per a la nova etapa que tot viure&#8217;n d&#8217;ara endavant. Per\u00f2 no podr\u00edem acabar aquest curs de millor manera que ho hem fet, amb una activitat on tots els alumnes i mestres de l&#8217;escola, ens hem pogut acomiadar dels alumnes de sis\u00e8, les Foques i Taurons, deixen l&#8217;escola ponent i passen a ser l&#8217;autor de les noves experi\u00e8ncies que vindran.<br \/>\nPer aix\u00f2 els alumnes de l&#8217;escola des dels m\u00e9s petits fins als m\u00e9s grans han volgut acomiadar-los d&#8217;una manera especial, tots els cursos d&#8217;infantil han fet un ball que tenia com a fons el mar, un element que representa ben b\u00e9 aquestes dues classes, igual que els alumnes de quart que amb el seu ball han fet emocionar els nostres alumnes m\u00e9s grans.<br \/>\nPer part dels alumnes de primer i segon <span class=\"hiddenGrammarError\">em<\/span> pogut gaudir d&#8217;uns meravellosos rodolins, ple d&#8217;humor i amor, per\u00f2 sense oblidar els alumnes de cinqu\u00e8 que han fet el birret que marca el final d&#8217;una etapa, i els alumnes de tercer que han donat un llapis amb un sol de ponent, un llapis que els ajudar\u00e0 a escriure la nova hist\u00f2ria que comen\u00e7a avui.<br \/>\nPer arredonir aquesta meravellosa festa de fi de curs, tant a infantil com a prim\u00e0ria hem gaudit, en primer lloc d&#8217;una festa de l&#8217;aigua i un gelat en el cas d&#8217;infantil i un pica-pica a totes les classes de prim\u00e0ria.<\/p>\n<p>Bones vacances, bon estiu i gaudir de la vida, que es el millor deure que podem tenir!<\/p>\n<p>(per veure les fotos fer fer click a l&#8217;enlla\u00e7)<\/p>\n<p>https:\/\/goo.gl\/photos\/XNsBs78qFn1uoRzeA<\/p>\n","protected":false},"excerpt":{"rendered":"<p>Avui finalitza el curs, un curs ple de canvis, alegria, sentiments, emocions&#8230;i que ens deixa a tothom nous comen\u00e7aments,noves, etapes noves, cursos nous, ara a poc a poc ens preparem per a la nova etapa que tot viure&#8217;n d&#8217;ara endavant. Per\u00f2 no podr\u00edem acabar aquest curs de millor manera que ho hem fet, amb una [&hellip;]<\/p>\n","protected":false},"author":1,"featured_media":3515,"comment_status":"open","ping_status":"closed","sticky":false,"template":"","format":"standard","meta":{"_bbp_topic_count":0,"_bbp_reply_count":0,"_bbp_total_topic_count":0,"_bbp_total_reply_count":0,"_bbp_voice_count":0,"_bbp_anonymous_reply_count":0,"_bbp_topic_count_hidden":0,"_bbp_reply_count_hidden":0,"_bbp_forum_subforum_count":0,"site-sidebar-layout":"default","site-content-layout":"","ast-site-content-layout":"","site-content-style":"default","site-sidebar-style":"default","ast-global-header-display":"","ast-banner-title-visibility":"","ast-main-header-display":"","ast-hfb-above-header-display":"","ast-hfb-below-header-display":"","ast-hfb-mobile-header-display":"","site-post-title":"","ast-breadcrumbs-content":"","ast-featured-img":"","footer-sml-layout":"","theme-transparent-header-meta":"","adv-header-id-meta":"","stick-header-meta":"","header-above-stick-meta":"","header-main-stick-meta":"","header-below-stick-meta":"","astra-migrate-meta-layouts":"default","ast-page-background-enabled":"default","ast-page-background-meta":{"desktop":{"background-color":"var(--ast-global-color-4)","background-image":"","background-repeat":"repeat","background-position":"center center","background-size":"auto","background-attachment":"scroll","background-type":"","background-media":"","overlay-type":"","overlay-color":"","overlay-opacity":"","overlay-gradient":""},"tablet":{"background-color":"","background-image":"","background-repeat":"repeat","background-position":"center center","background-size":"auto","background-attachment":"scroll","background-type":"","background-media":"","overlay-type":"","overlay-color":"","overlay-opacity":"","overlay-gradient":""},"mobile":{"background-color":"","background-image":"","background-repeat":"repeat","background-position":"center center","background-size":"auto","background-attachment":"scroll","background-type":"","background-media":"","overlay-type":"","overlay-color":"","overlay-opacity":"","overlay-gradient":""}},"ast-content-background-meta":{"desktop":{"background-color":"var(--ast-global-color-5)","background-image":"","background-repeat":"repeat","background-position":"center center","background-size":"auto","background-attachment":"scroll","background-type":"","background-media":"","overlay-type":"","overlay-color":"","overlay-opacity":"","overlay-gradient":""},"tablet":{"background-color":"var(--ast-global-color-5)","background-image":"","background-repeat":"repeat","background-position":"center center","background-size":"auto","background-attachment":"scroll","background-type":"","background-media":"","overlay-type":"","overlay-color":"","overlay-opacity":"","overlay-gradient":""},"mobile":{"background-color":"var(--ast-global-color-5)","background-image":"","background-repeat":"repeat","background-position":"center center","background-size":"auto","background-attachment":"scroll","background-type":"","background-media":"","overlay-type":"","overlay-color":"","overlay-opacity":"","overlay-gradient":""}},"footnotes":""},"categories":[1,2,127,4,5],"tags":[],"class_list":["post-3514","post","type-post","status-publish","format-standard","has-post-thumbnail","hentry","category-general","category-infantil","category-les-festes","category-portada","category-primaria"],"post_mailing_queue_ids":[],"_links":{"self":[{"href":"https:\/\/agora.xtec.cat\/escolaponent\/wp-json\/wp\/v2\/posts\/3514","targetHints":{"allow":["GET"]}}],"collection":[{"href":"https:\/\/agora.xtec.cat\/escolaponent\/wp-json\/wp\/v2\/posts"}],"about":[{"href":"https:\/\/agora.xtec.cat\/escolaponent\/wp-json\/wp\/v2\/types\/post"}],"author":[{"embeddable":true,"href":"https:\/\/agora.xtec.cat\/escolaponent\/wp-json\/wp\/v2\/users\/1"}],"replies":[{"embeddable":true,"href":"https:\/\/agora.xtec.cat\/escolaponent\/wp-json\/wp\/v2\/comments?post=3514"}],"version-history":[{"count":1,"href":"https:\/\/agora.xtec.cat\/escolaponent\/wp-json\/wp\/v2\/posts\/3514\/revisions"}],"predecessor-version":[{"id":3516,"href":"https:\/\/agora.xtec.cat\/escolaponent\/wp-json\/wp\/v2\/posts\/3514\/revisions\/3516"}],"wp:featuredmedia":[{"embeddable":true,"href":"https:\/\/agora.xtec.cat\/escolaponent\/wp-json\/wp\/v2\/media\/3515"}],"wp:attachment":[{"href":"https:\/\/agora.xtec.cat\/escolaponent\/wp-json\/wp\/v2\/media?parent=3514"}],"wp:term":[{"taxonomy":"category","embeddable":true,"href":"https:\/\/agora.xtec.cat\/escolaponent\/wp-json\/wp\/v2\/categories?post=3514"},{"taxonomy":"post_tag","embeddable":true,"href":"https:\/\/agora.xtec.cat\/escolaponent\/wp-json\/wp\/v2\/tags?post=3514"}],"curies":[{"name":"wp","href":"https:\/\/api.w.org\/{rel}","templated":true}]}}