{"id":3446,"date":"2017-06-16T13:07:35","date_gmt":"2017-06-16T11:07:35","guid":{"rendered":"http:\/\/agora.xtec.cat\/escolaponent\/?p=3446"},"modified":"2017-06-17T00:21:05","modified_gmt":"2017-06-16T22:21:05","slug":"el-valor-dels-valors","status":"publish","type":"post","link":"https:\/\/agora.xtec.cat\/escolaponent\/general\/el-valor-dels-valors\/","title":{"rendered":"EL VALOR DELS VALORS"},"content":{"rendered":"<p>Com a cloenda d&#8217;un eix transversal que vertebra l&#8217;escola, el projecte i la nostra forma de veure l&#8217;ensenyament, els alumnes de tota l&#8217;escola des dels m\u00e9s grans fins als m\u00e9s menuts, realitzaren el passat dijous una activitat que representa molt b\u00e9, els valors. Dividits per grups de totes les edats, els nostres alumnes realitzaren diverses din\u00e0miques inspirades pels valors. Va ser un moment de diversi\u00f3, reflexi\u00f3 i de trobada amb nosaltres mateixos i com els valors ens fan que tot sigui m\u00e9s f\u00e0cil. Per finalitzar aquesta activitat, tingu\u00e9rem el plaer d&#8217;escoltar una coral formada per les classes de cinqu\u00e8 i sis\u00e8 cantant, juntament amb l&#8217;acompanyament de pares\/mares m\u00fasics, la can\u00e7\u00f3 de Bob <span class=\"hiddenSpellError\">Dylan<\/span> &#8220;La resposta est\u00e0 en el vent&#8221;. Un moment molt emotiu, ple de simbolisme, acompanyat per l&#8217;exposici\u00f3 de les feines com a eix central del pati. Perqu\u00e8 com va dir Albert Einstein, a L&#8217;Escola ponent volem &#8220;Procurar no ser persones amb \u00e8xit, sin\u00f3 persones amb valors<span class=\"hiddenGrammarError\">&#8220;<\/span><\/p>\n<p>(Per veure les fotos fer click a la foto)<\/p>\n<p><span class=\"hiddenGrammarError\"> <a href=\"https:\/\/goo.gl\/photos\/KaWd8rK9hMWhi7LC6\"><img loading=\"lazy\" decoding=\"async\" class=\"alignnone wp-image-3448 size-thumbnail\" src=\"http:\/\/agora.xtec.cat\/escolaponent\/wp-content\/uploads\/usu881\/2017\/06\/article-1-1-150x150.jpg\" alt=\"article 1\" width=\"150\" height=\"150\" \/><\/a><\/span><\/p>\n<p>Dir-vos que els videos de l&#8217;activitat internivell els trobareu a la p\u00e0gina de l&#8217;eix transversal<a href=\"http:\/\/agora.xtec.cat\/escolaponent\/categoria\/eix-transversal\/\"> &#8220;Valors 2016-2017&#8221;.<\/a><\/p>\n","protected":false},"excerpt":{"rendered":"<p>Com a cloenda d&#8217;un eix transversal que vertebra l&#8217;escola, el projecte i la nostra forma de veure l&#8217;ensenyament, els alumnes de tota l&#8217;escola des dels m\u00e9s grans fins als m\u00e9s menuts, realitzaren el passat dijous una activitat que representa molt b\u00e9, els valors. Dividits per grups de totes les edats, els nostres alumnes realitzaren diverses [&hellip;]<\/p>\n","protected":false},"author":1,"featured_media":3449,"comment_status":"open","ping_status":"closed","sticky":false,"template":"","format":"standard","meta":{"_bbp_topic_count":0,"_bbp_reply_count":0,"_bbp_total_topic_count":0,"_bbp_total_reply_count":0,"_bbp_voice_count":0,"_bbp_anonymous_reply_count":0,"_bbp_topic_count_hidden":0,"_bbp_reply_count_hidden":0,"_bbp_forum_subforum_count":0,"site-sidebar-layout":"default","site-content-layout":"","ast-site-content-layout":"","site-content-style":"default","site-sidebar-style":"default","ast-global-header-display":"","ast-banner-title-visibility":"","ast-main-header-display":"","ast-hfb-above-header-display":"","ast-hfb-below-header-display":"","ast-hfb-mobile-header-display":"","site-post-title":"","ast-breadcrumbs-content":"","ast-featured-img":"","footer-sml-layout":"","theme-transparent-header-meta":"","adv-header-id-meta":"","stick-header-meta":"","header-above-stick-meta":"","header-main-stick-meta":"","header-below-stick-meta":"","astra-migrate-meta-layouts":"default","ast-page-background-enabled":"default","ast-page-background-meta":{"desktop":{"background-color":"var(--ast-global-color-4)","background-image":"","background-repeat":"repeat","background-position":"center center","background-size":"auto","background-attachment":"scroll","background-type":"","background-media":"","overlay-type":"","overlay-color":"","overlay-opacity":"","overlay-gradient":""},"tablet":{"background-color":"","background-image":"","background-repeat":"repeat","background-position":"center center","background-size":"auto","background-attachment":"scroll","background-type":"","background-media":"","overlay-type":"","overlay-color":"","overlay-opacity":"","overlay-gradient":""},"mobile":{"background-color":"","background-image":"","background-repeat":"repeat","background-position":"center center","background-size":"auto","background-attachment":"scroll","background-type":"","background-media":"","overlay-type":"","overlay-color":"","overlay-opacity":"","overlay-gradient":""}},"ast-content-background-meta":{"desktop":{"background-color":"var(--ast-global-color-5)","background-image":"","background-repeat":"repeat","background-position":"center center","background-size":"auto","background-attachment":"scroll","background-type":"","background-media":"","overlay-type":"","overlay-color":"","overlay-opacity":"","overlay-gradient":""},"tablet":{"background-color":"var(--ast-global-color-5)","background-image":"","background-repeat":"repeat","background-position":"center center","background-size":"auto","background-attachment":"scroll","background-type":"","background-media":"","overlay-type":"","overlay-color":"","overlay-opacity":"","overlay-gradient":""},"mobile":{"background-color":"var(--ast-global-color-5)","background-image":"","background-repeat":"repeat","background-position":"center center","background-size":"auto","background-attachment":"scroll","background-type":"","background-media":"","overlay-type":"","overlay-color":"","overlay-opacity":"","overlay-gradient":""}},"footnotes":""},"categories":[1,2,127,4,5],"tags":[],"class_list":["post-3446","post","type-post","status-publish","format-standard","has-post-thumbnail","hentry","category-general","category-infantil","category-les-festes","category-portada","category-primaria"],"post_mailing_queue_ids":[],"_links":{"self":[{"href":"https:\/\/agora.xtec.cat\/escolaponent\/wp-json\/wp\/v2\/posts\/3446","targetHints":{"allow":["GET"]}}],"collection":[{"href":"https:\/\/agora.xtec.cat\/escolaponent\/wp-json\/wp\/v2\/posts"}],"about":[{"href":"https:\/\/agora.xtec.cat\/escolaponent\/wp-json\/wp\/v2\/types\/post"}],"author":[{"embeddable":true,"href":"https:\/\/agora.xtec.cat\/escolaponent\/wp-json\/wp\/v2\/users\/1"}],"replies":[{"embeddable":true,"href":"https:\/\/agora.xtec.cat\/escolaponent\/wp-json\/wp\/v2\/comments?post=3446"}],"version-history":[{"count":3,"href":"https:\/\/agora.xtec.cat\/escolaponent\/wp-json\/wp\/v2\/posts\/3446\/revisions"}],"predecessor-version":[{"id":3476,"href":"https:\/\/agora.xtec.cat\/escolaponent\/wp-json\/wp\/v2\/posts\/3446\/revisions\/3476"}],"wp:featuredmedia":[{"embeddable":true,"href":"https:\/\/agora.xtec.cat\/escolaponent\/wp-json\/wp\/v2\/media\/3449"}],"wp:attachment":[{"href":"https:\/\/agora.xtec.cat\/escolaponent\/wp-json\/wp\/v2\/media?parent=3446"}],"wp:term":[{"taxonomy":"category","embeddable":true,"href":"https:\/\/agora.xtec.cat\/escolaponent\/wp-json\/wp\/v2\/categories?post=3446"},{"taxonomy":"post_tag","embeddable":true,"href":"https:\/\/agora.xtec.cat\/escolaponent\/wp-json\/wp\/v2\/tags?post=3446"}],"curies":[{"name":"wp","href":"https:\/\/api.w.org\/{rel}","templated":true}]}}