{"id":3115,"date":"2017-05-27T17:51:08","date_gmt":"2017-05-27T15:51:08","guid":{"rendered":"http:\/\/agora.xtec.cat\/escolaponent\/?p=3115"},"modified":"2017-05-27T23:23:46","modified_gmt":"2017-05-27T21:23:46","slug":"els-valors-esportius-de-ponent-2","status":"publish","type":"post","link":"https:\/\/agora.xtec.cat\/escolaponent\/general\/els-valors-esportius-de-ponent-2\/","title":{"rendered":"Els valors esportius de Ponent"},"content":{"rendered":"<p><a href=\"http:\/\/agora.xtec.cat\/escolaponent\/wp-content\/uploads\/usu881\/2017\/01\/576_14235728031.jpg\"><img loading=\"lazy\" decoding=\"async\" class=\"alignnone size-full wp-image-2001\" src=\"http:\/\/agora.xtec.cat\/escolaponent\/wp-content\/uploads\/usu881\/2017\/01\/576_14235728031.jpg\" alt=\"576_14235728031\" width=\"576\" height=\"321\" srcset=\"https:\/\/agora.xtec.cat\/escolaponent\/wp-content\/uploads\/usu881\/2017\/01\/576_14235728031.jpg 576w, https:\/\/agora.xtec.cat\/escolaponent\/wp-content\/uploads\/usu881\/2017\/01\/576_14235728031-300x167.jpg 300w\" sizes=\"auto, (max-width: 576px) 100vw, 576px\" \/><\/a><\/p>\n<p>Al llarg d\u2019aquest curs els nens\/es de prim\u00e0ria, les seves fam\u00edlies i els professors\/es de la nostra escola, hem constru\u00eft un projecte d\u2019educaci\u00f3 f\u00edsica anomenat\u00a0: \u201cEls valors esportius de Ponent \u201c, amb l\u2019objectiu de reflexionar, practicar i \u00e9sser encara m\u00e9s conscients de la import\u00e0ncia dels valors al m\u00f3n de l\u2019esport i a la vida en general.<\/p>\n<p>Molts alumnes i mestres van enviar una foto \u00a0practicant esport. La foto enviada representava el valor esportiu que per aquella persona era \u00a0important.<\/p>\n<p>Despr\u00e9s de totes les vostres fotos i d\u2019enviar tots els vostres valors, aquest \u00e9s el dec\u00e0leg que entre tots\/es hem realitzat:<\/p>\n<p><span style=\"color: #ff00ff;\">VALORS ESPORTIUS DE PONENT<\/span><\/p>\n<p><a href=\"https:\/\/goo.gl\/photos\/3JPPyDnRQy6KNN6g7\">\u00a0\u27a1 Superaci\u00f3<\/a><\/p>\n<p><a href=\"https:\/\/goo.gl\/photos\/xk45uXbpZ2SB1UU39\">\u00a0 \u27a1 Confian\u00e7a<\/a><\/p>\n<p><a href=\"https:\/\/goo.gl\/photos\/WGczzcxyEzPVFDqc6\">\u00a0\u27a1 Motivaci\u00f3<\/a><\/p>\n<p><a href=\"https:\/\/goo.gl\/photos\/tJwyAtNRz2HKekBc8\">\u00a0\u27a1 Amistat<\/a><\/p>\n<p><a href=\"https:\/\/goo.gl\/photos\/THKbpnAXkzKaAgre6\">\u00a0\u27a1 Diversi\u00f3<\/a><\/p>\n<p><a href=\"https:\/\/goo.gl\/photos\/7BnUd7LVGkLUnSVn6\">\u00a0\u27a1 Esfor\u00e7<\/a><\/p>\n<p><a href=\"https:\/\/goo.gl\/photos\/3Fo1txBzzyC6jidK7\">\u00a0\u27a1 Esportivitat<\/a><\/p>\n<p><a href=\"https:\/\/goo.gl\/photos\/xiGuqgDBEeXrSGis9\">\u00a0\u27a1 Cooperaci\u00f3 \/ Treball en equip<\/a><\/p>\n<p><a href=\"https:\/\/goo.gl\/photos\/diFVLVgQ9KW7TAqMA\">\u00a0\u27a1 Autoconeixement<\/a><\/p>\n<p><a href=\"https:\/\/goo.gl\/photos\/W84t7Pny8SnVQoig7\">\u00a0\u27a1 Toler\u00e0ncia<\/a><\/p>\n<p><a href=\"https:\/\/goo.gl\/photos\/UtbpnEPHHnNcsSAA9\">\u00a0\u27a1 Joc net \/ Fair play<\/a><\/p>\n<p><a href=\"https:\/\/goo.gl\/photos\/Q71wNCHk59o1oi2w8\">\u00a0\u27a1 Disciplina<\/a><\/p>\n<p><a href=\"https:\/\/goo.gl\/photos\/r6KeN9EY1BiBsiEZ7\">\u00a0\u27a1 Companyerisme<\/a><\/p>\n<p><a href=\"https:\/\/goo.gl\/photos\/jz8xoakhxnAG8rWN7\">\u00a0\u27a1 Respecte<\/a><\/p>\n<p><a href=\"https:\/\/goo.gl\/photos\/QsyUKWXrj1PSBnFJA\">\u00a0\u27a1 Llibertat<\/a><\/p>\n<p>IMPORTANT : Volem escoltar la vostra opini\u00f3 per aix\u00f2:<\/p>\n<ul>\n<li>Comenteu la vostra foto o la foto d&#8217;altres companys\/es i mestres \u00a0( Com us heu sentit al practicar aquest valor, \u00a0per qu\u00e8 penseu que \u00e9s important&#8230;)<\/li>\n<\/ul>\n<ul>\n<li>CLIQUEU sobre de qualsevol valor esportiu per veure les fotos.<\/li>\n<\/ul>\n","protected":false},"excerpt":{"rendered":"<p>Al llarg d\u2019aquest curs els nens\/es de prim\u00e0ria, les seves fam\u00edlies i els professors\/es de la nostra escola, hem constru\u00eft un projecte d\u2019educaci\u00f3 f\u00edsica anomenat\u00a0: \u201cEls valors esportius de Ponent \u201c, amb l\u2019objectiu de reflexionar, practicar i \u00e9sser encara m\u00e9s conscients de la import\u00e0ncia dels valors al m\u00f3n de l\u2019esport i a la vida en [&hellip;]<\/p>\n","protected":false},"author":1,"featured_media":2001,"comment_status":"open","ping_status":"closed","sticky":false,"template":"","format":"standard","meta":{"_bbp_topic_count":0,"_bbp_reply_count":0,"_bbp_total_topic_count":0,"_bbp_total_reply_count":0,"_bbp_voice_count":0,"_bbp_anonymous_reply_count":0,"_bbp_topic_count_hidden":0,"_bbp_reply_count_hidden":0,"_bbp_forum_subforum_count":0,"site-sidebar-layout":"default","site-content-layout":"","ast-site-content-layout":"","site-content-style":"default","site-sidebar-style":"default","ast-global-header-display":"","ast-banner-title-visibility":"","ast-main-header-display":"","ast-hfb-above-header-display":"","ast-hfb-below-header-display":"","ast-hfb-mobile-header-display":"","site-post-title":"","ast-breadcrumbs-content":"","ast-featured-img":"","footer-sml-layout":"","theme-transparent-header-meta":"","adv-header-id-meta":"","stick-header-meta":"","header-above-stick-meta":"","header-main-stick-meta":"","header-below-stick-meta":"","astra-migrate-meta-layouts":"default","ast-page-background-enabled":"default","ast-page-background-meta":{"desktop":{"background-color":"var(--ast-global-color-4)","background-image":"","background-repeat":"repeat","background-position":"center center","background-size":"auto","background-attachment":"scroll","background-type":"","background-media":"","overlay-type":"","overlay-color":"","overlay-opacity":"","overlay-gradient":""},"tablet":{"background-color":"","background-image":"","background-repeat":"repeat","background-position":"center center","background-size":"auto","background-attachment":"scroll","background-type":"","background-media":"","overlay-type":"","overlay-color":"","overlay-opacity":"","overlay-gradient":""},"mobile":{"background-color":"","background-image":"","background-repeat":"repeat","background-position":"center center","background-size":"auto","background-attachment":"scroll","background-type":"","background-media":"","overlay-type":"","overlay-color":"","overlay-opacity":"","overlay-gradient":""}},"ast-content-background-meta":{"desktop":{"background-color":"var(--ast-global-color-5)","background-image":"","background-repeat":"repeat","background-position":"center center","background-size":"auto","background-attachment":"scroll","background-type":"","background-media":"","overlay-type":"","overlay-color":"","overlay-opacity":"","overlay-gradient":""},"tablet":{"background-color":"var(--ast-global-color-5)","background-image":"","background-repeat":"repeat","background-position":"center center","background-size":"auto","background-attachment":"scroll","background-type":"","background-media":"","overlay-type":"","overlay-color":"","overlay-opacity":"","overlay-gradient":""},"mobile":{"background-color":"var(--ast-global-color-5)","background-image":"","background-repeat":"repeat","background-position":"center center","background-size":"auto","background-attachment":"scroll","background-type":"","background-media":"","overlay-type":"","overlay-color":"","overlay-opacity":"","overlay-gradient":""}},"footnotes":""},"categories":[39,1,2,4,5],"tags":[163,135,181,180],"class_list":["post-3115","post","type-post","status-publish","format-standard","has-post-thumbnail","hentry","category-ed-fisica","category-general","category-infantil","category-portada","category-primaria","tag-educacio-en-valors","tag-educacio-fisica","tag-esportius","tag-valors"],"post_mailing_queue_ids":[],"_links":{"self":[{"href":"https:\/\/agora.xtec.cat\/escolaponent\/wp-json\/wp\/v2\/posts\/3115","targetHints":{"allow":["GET"]}}],"collection":[{"href":"https:\/\/agora.xtec.cat\/escolaponent\/wp-json\/wp\/v2\/posts"}],"about":[{"href":"https:\/\/agora.xtec.cat\/escolaponent\/wp-json\/wp\/v2\/types\/post"}],"author":[{"embeddable":true,"href":"https:\/\/agora.xtec.cat\/escolaponent\/wp-json\/wp\/v2\/users\/1"}],"replies":[{"embeddable":true,"href":"https:\/\/agora.xtec.cat\/escolaponent\/wp-json\/wp\/v2\/comments?post=3115"}],"version-history":[{"count":3,"href":"https:\/\/agora.xtec.cat\/escolaponent\/wp-json\/wp\/v2\/posts\/3115\/revisions"}],"predecessor-version":[{"id":3199,"href":"https:\/\/agora.xtec.cat\/escolaponent\/wp-json\/wp\/v2\/posts\/3115\/revisions\/3199"}],"wp:featuredmedia":[{"embeddable":true,"href":"https:\/\/agora.xtec.cat\/escolaponent\/wp-json\/wp\/v2\/media\/2001"}],"wp:attachment":[{"href":"https:\/\/agora.xtec.cat\/escolaponent\/wp-json\/wp\/v2\/media?parent=3115"}],"wp:term":[{"taxonomy":"category","embeddable":true,"href":"https:\/\/agora.xtec.cat\/escolaponent\/wp-json\/wp\/v2\/categories?post=3115"},{"taxonomy":"post_tag","embeddable":true,"href":"https:\/\/agora.xtec.cat\/escolaponent\/wp-json\/wp\/v2\/tags?post=3115"}],"curies":[{"name":"wp","href":"https:\/\/api.w.org\/{rel}","templated":true}]}}