{"id":3013,"date":"2017-04-17T18:49:22","date_gmt":"2017-04-17T16:49:22","guid":{"rendered":"http:\/\/agora.xtec.cat\/escolaponent\/?p=3013"},"modified":"2017-04-19T09:25:46","modified_gmt":"2017-04-19T07:25:46","slug":"recomanacions-literaries-per-aquest-sant-jordi-2017","status":"publish","type":"post","link":"https:\/\/agora.xtec.cat\/escolaponent\/general\/recomanacions-literaries-per-aquest-sant-jordi-2017\/","title":{"rendered":"Recomanacions liter\u00e0ries per aquest Sant Jordi 2017"},"content":{"rendered":"<div class=\"recomanacions-actual\">\n<div class=\"recomanacions-actual\"><\/div>\n<p>Us presentem una petita mostra de la selecci\u00f3 de llibres recomanats per l<strong>&#8216;equip de LECXIT i us animem a entrar a la seva web per tenir m\u00e9s informaci\u00f3 <a href=\"http:\/\/www.lectura.cat\/recomanacions-de-lectura\">http:\/\/www.lectura.cat\/recomanacions-de-lectura<\/a><\/strong><\/p>\n<\/div>\n<div class=\"recomanacions-actual\"><\/div>\n<div class=\"recomanacions-actual\">Bona lectura!!<\/div>\n<div class=\"view-content\">\n<div class=\"item-list\">\n<p>&nbsp;<\/p>\n<div class=\"recomanacio imatge\">\n<p><a title=\"La Veritat segons l'Artur\" href=\"http:\/\/www.combeleditorial.com\/ca\/llibre\/la-veritat-segons-lartur_978-84-9101-111-8\" target=\"_blank\"><img loading=\"lazy\" decoding=\"async\" class=\"imagecache imagecache-recomanacions_llistat_gran\" title=\"La Veritat segons l'Artur\" src=\"http:\/\/www.lectura.cat\/sites\/default\/files\/imagecache\/recomanacions_llistat_gran\/La%20Veritat%20segons%20l%27Artur.jpg\" alt=\"La Veritat segons l'Artur\" width=\"85\" height=\"87\" \/><\/a><\/p>\n<h3><a title=\"La Veritat segons l'Artur\" href=\"http:\/\/www.combeleditorial.com\/ca\/llibre\/la-veritat-segons-lartur_978-84-9101-111-8\" target=\"_blank\">La Veritat segons l&#8217;Artur<\/a><\/h3>\n<p><span class=\"date\">Gener 2017<\/span>HOPGOOD, Tim. La Veritat segons l&#8217;Artur. David Tazzyman [il.]. Barcelona: Combel, 2016.<\/p>\n<\/div>\n<p>&nbsp;<\/p>\n<div class=\"recomanacio imatge\">\n<p><img loading=\"lazy\" decoding=\"async\" class=\"imagecache imagecache-recomanacions_llistat_gran\" title=\"La casa dels ratolins\" src=\"http:\/\/www.lectura.cat\/sites\/default\/files\/imagecache\/recomanacions_llistat_gran\/Ratolins.jpg\" alt=\"La casa dels ratolins\" width=\"85\" height=\"87\" \/><\/p>\n<h3>La casa dels ratolins<\/h3>\n<p><span class=\"date\">Gener 2017<\/span>SCHAAPMAN, Karina. La casa dels ratolins.Barcelona: Blackie Books, 2015.<\/p>\n<\/div>\n<div class=\"recomanacio imatge\">\n<p><a title=\"Les hores de la vinya\" href=\"http:\/\/www.andana.cat\/Llibres\/Les_hores_de_la_vinya.php\" target=\"_blank\"><img loading=\"lazy\" decoding=\"async\" class=\"imagecache imagecache-recomanacions_llistat_gran\" title=\"Les hores de la vinya\" src=\"http:\/\/www.lectura.cat\/sites\/default\/files\/imagecache\/recomanacions_llistat_gran\/RVinya.jpg\" alt=\"Les hores de la vinya\" width=\"85\" height=\"87\" \/><\/a><\/p>\n<h3><a title=\"Les hores de la vinya\" href=\"http:\/\/www.andana.cat\/Llibres\/Les_hores_de_la_vinya.php\" target=\"_blank\">Les hores de la vinya<\/a><\/h3>\n<p><span class=\"date\">Novembre 2016<\/span>RICART, Quima. Les hores de la vinya: Del cep al celler. Ant\u00f2nia Bonell [il.]. Vilafranca del&#8230;<\/p>\n<\/div>\n<p>&nbsp;<\/p>\n<div class=\"recomanacio imatge\">\n<p><a title=\"Lili\" href=\"http:\/\/babulinkabooks.com\/libros-y-regalo-descargas\/lili-catala\/\" target=\"_blank\"><img loading=\"lazy\" decoding=\"async\" class=\"imagecache imagecache-recomanacions_llistat_gran\" title=\"Lili\" src=\"http:\/\/www.lectura.cat\/sites\/default\/files\/imagecache\/recomanacions_llistat_gran\/RLili.jpg\" alt=\"Lili\" width=\"85\" height=\"87\" \/><\/a><\/p>\n<h3><a title=\"Lili\" href=\"http:\/\/babulinkabooks.com\/libros-y-regalo-descargas\/lili-catala\/\" target=\"_blank\">Lili<\/a><\/h3>\n<p><span class=\"date\">Octubre 2016<\/span>TAN, Wen Dee. Lili. Barcelona: Babulinka Books, 2016.<\/p>\n<\/div>\n<p>&nbsp;<\/p>\n<div class=\"recomanacio imatge\">\n<p><a title=\"El vell mariner del far\" href=\"http:\/\/www.sdedicions.com\/fitxa_llibre.php?id=240\" target=\"_blank\"><img loading=\"lazy\" decoding=\"async\" class=\"imagecache imagecache-recomanacions_llistat_gran\" title=\"El vell mariner del far\" src=\"http:\/\/www.lectura.cat\/sites\/default\/files\/imagecache\/recomanacions_llistat_gran\/RMariner.jpeg\" alt=\"El vell mariner del far\" width=\"85\" height=\"87\" \/><\/a><\/p>\n<h3><a title=\"El vell mariner del far\" href=\"http:\/\/www.sdedicions.com\/fitxa_llibre.php?id=240\" target=\"_blank\">El vell mariner del far<\/a><\/h3>\n<p><span class=\"date\">Octubre 2016<\/span>CODINA, Montserrat. El vell mariner del far. Barcelona: Sd, 2016.<\/p>\n<\/div>\n<div class=\"recomanacio imatge\">\n<p><a title=\"Al cel cabretes...\" href=\"http:\/\/www.barcanovainfantilijuvenil.cat\/ficha.php?id=2976664\" target=\"_blank\"><img loading=\"lazy\" decoding=\"async\" class=\"imagecache imagecache-recomanacions_llistat_gran\" title=\"Al cel cabretes...\" src=\"http:\/\/www.lectura.cat\/sites\/default\/files\/imagecache\/recomanacions_llistat_gran\/RCelCabretes.jpg\" alt=\"Al cel cabretes...\" width=\"85\" height=\"87\" \/><\/a><\/p>\n<h3><a title=\"Al cel cabretes...\" href=\"http:\/\/www.barcanovainfantilijuvenil.cat\/ficha.php?id=2976664\" target=\"_blank\">Al cel cabretes&#8230;<\/a><\/h3>\n<p><span class=\"date\">Agost 2016<\/span>CASAS, Lola; R. PIC\u00d3, Alfred. Al cel cabretes&#8230; : Metereologia i Poesia. Merc\u00e8 Gal\u00ed [il.]&#8230;.<\/p>\n<\/div>\n<div class=\"recomanacio imatge\">\n<p><a title=\"El llibre antiavorriment\" href=\"http:\/\/www.grup62.cat\/llibre--212534.html\" target=\"_blank\"><img loading=\"lazy\" decoding=\"async\" class=\"imagecache imagecache-recomanacions_llistat_gran\" title=\"El llibre antiavorriment\" src=\"http:\/\/www.lectura.cat\/sites\/default\/files\/imagecache\/recomanacions_llistat_gran\/RAntiavorriment.jpg\" alt=\"El llibre antiavorriment\" width=\"85\" height=\"87\" \/><\/a><\/p>\n<h3><a title=\"El llibre antiavorriment\" href=\"http:\/\/www.grup62.cat\/llibre--212534.html\" target=\"_blank\">El llibre antiavorriment<\/a><\/h3>\n<p><span class=\"date\">Juliol 2016<\/span>SEED, Andy. El llibre antiavorriment. Barcelona: Estrella Polar, 2016.<\/p>\n<\/div>\n<div class=\"recomanacio imatge\">\n<p><a title=\"Agatha Christie\" href=\"http:\/\/www.albaeditorial.es\/php\/sl.php?shop.showprod&amp;nt=7455&amp;ref=97884-90651957&amp;fldr=593#.V3ZaPPmLSUk\" target=\"_blank\"><img loading=\"lazy\" decoding=\"async\" class=\"imagecache imagecache-recomanacions_llistat_gran\" title=\"Agatha Christie\" src=\"http:\/\/www.lectura.cat\/sites\/default\/files\/imagecache\/recomanacions_llistat_gran\/RAgathaChristie.jpg\" alt=\"Agatha Christie\" width=\"85\" height=\"87\" \/><\/a><\/p>\n<h3><a title=\"Agatha Christie\" href=\"http:\/\/www.albaeditorial.es\/php\/sl.php?shop.showprod&amp;nt=7455&amp;ref=97884-90651957&amp;fldr=593#.V3ZaPPmLSUk\" target=\"_blank\">Agatha Christie<\/a><\/h3>\n<p><span class=\"date\">Juliol 2016<\/span>S\u00c1NCHEZ VEGARA, M\u00aa Isabel. Agatha Christie. Elisa Muns\u00f3 [il.]. Barcelona: Alba, 2016.<\/p>\n<\/div>\n<div class=\"recomanacio imatge\">\n<p><a title=\"Busca a l'antiga Gr\u00e8cia\" href=\"http:\/\/www.editorialsusaeta.com\/venta-libros.php?editorial=Susaeta-catalan&amp;ref=S1556038&amp;id=59874\" target=\"_blank\"><img loading=\"lazy\" decoding=\"async\" class=\"imagecache imagecache-recomanacions_llistat_gran\" title=\"Busca a l'antiga Gr\u00e8cia\" src=\"http:\/\/www.lectura.cat\/sites\/default\/files\/imagecache\/recomanacions_llistat_gran\/RAntigaGrecia.jpg\" alt=\"Busca a l'antiga Gr\u00e8cia\" width=\"85\" height=\"87\" \/><\/a><\/p>\n<h3><a title=\"Busca a l'antiga Gr\u00e8cia\" href=\"http:\/\/www.editorialsusaeta.com\/venta-libros.php?editorial=Susaeta-catalan&amp;ref=S1556038&amp;id=59874\" target=\"_blank\">Busca a l&#8217;antiga Gr\u00e8cia<\/a><\/h3>\n<p><span class=\"date\">Juliol 2016<\/span>Busca a l&#8217;antiga Gr\u00e8cia. Madrid: Susaeta, 2016.<\/p>\n<\/div>\n<div class=\"recomanacio imatge\">\n<p><a title=\"La casa sota la sorra i altres aventures d'en Pere Vidal\" href=\"http:\/\/www.grup62.cat\/llibre-la-casa-sota-la-sorra-i-altres-aventures-den-pere-vidal-215656.html\" target=\"_blank\"><img loading=\"lazy\" decoding=\"async\" class=\"imagecache imagecache-recomanacions_llistat_gran\" title=\"La casa sota la sorra i altres aventures d'en Pere Vidal\" src=\"http:\/\/www.lectura.cat\/sites\/default\/files\/imagecache\/recomanacions_llistat_gran\/RCasaSotaSorra.jpg\" alt=\"La casa sota la sorra i altres aventures d'en Pere Vidal\" width=\"85\" height=\"87\" \/><\/a><\/p>\n<h3><a title=\"La casa sota la sorra i altres aventures d'en Pere Vidal\" href=\"http:\/\/www.grup62.cat\/llibre-la-casa-sota-la-sorra-i-altres-aventures-den-pere-vidal-215656.html\" target=\"_blank\">La casa sota la sorra i altres aventures d&#8217;en Pere Vidal<\/a><\/h3>\n<p><span class=\"date\">Juliol 2016<\/span>CARB\u00d3, Joaquim. La casa sota la sorra i altres aventures d&#8217;en Pere Vidal. Barcelona: Estrella&#8230;<\/p>\n<\/div>\n<p>&nbsp;<\/p>\n<div class=\"recomanacio imatge\">\n<p><a title=\"El gran llibre dels mites grecs\" href=\"http:\/\/www.grup62.cat\/llibre-el-gran-llibre-dels-mites-grecs-204801.html\" target=\"_blank\"><img loading=\"lazy\" decoding=\"async\" class=\"imagecache imagecache-recomanacions_llistat_gran\" title=\"El gran llibre dels mites grecs\" src=\"http:\/\/www.lectura.cat\/sites\/default\/files\/imagecache\/recomanacions_llistat_gran\/Rmitesgrecs.jpg\" alt=\"El gran llibre dels mites grecs\" width=\"85\" height=\"87\" \/><\/a><\/p>\n<h3><a title=\"El gran llibre dels mites grecs\" href=\"http:\/\/www.grup62.cat\/llibre-el-gran-llibre-dels-mites-grecs-204801.html\" target=\"_blank\">El gran llibre dels mites grecs<\/a><\/h3>\n<p><span class=\"date\">Juny 2016<\/span>KIMMEL, Eric A. El gran llibre dels mites grecs. Pep Montserrat [il.]. Barcelona: Estrella Polar,&#8230;<\/p>\n<\/div>\n<p><a title=\"Explica\u2019m-ho\" href=\"http:\/\/www.takatuka.cat\/llibre.php?id=142&amp;Explica-m%27ho%7CKatharina%20von%20der%20Gathen%7CAnke%20Kuhl\" target=\"_blank\"><img loading=\"lazy\" decoding=\"async\" class=\"imagecache imagecache-recomanacions_llistat_gran\" title=\"Explica\u2019m-ho\" src=\"http:\/\/www.lectura.cat\/sites\/default\/files\/imagecache\/recomanacions_llistat_gran\/Rexplicam.jpg\" alt=\"Explica\u2019m-ho\" width=\"85\" height=\"87\" \/><\/a><\/p>\n<div class=\"recomanacio imatge\">\n<h3><a title=\"Explica\u2019m-ho\" href=\"http:\/\/www.takatuka.cat\/llibre.php?id=142&amp;Explica-m%27ho%7CKatharina%20von%20der%20Gathen%7CAnke%20Kuhl\" target=\"_blank\">Explica\u2019m-ho<\/a><\/h3>\n<p><span class=\"date\">Juny 2016<\/span>GATHEN, Katharina von der. Explica\u2019m-ho: 101 preguntes fetes per nens i nenes sobre un tema&#8230;<\/p>\n<\/div>\n<div class=\"recomanacio imatge\">\n<p><a title=\"William\" href=\"http:\/\/www.editorialbase.cat\/llibres\/374\" target=\"_blank\"><img loading=\"lazy\" decoding=\"async\" class=\"imagecache imagecache-recomanacions_llistat_gran\" title=\"William\" src=\"http:\/\/www.lectura.cat\/sites\/default\/files\/imagecache\/recomanacions_llistat_gran\/RWilliam.jpg\" alt=\"William\" width=\"85\" height=\"87\" \/><\/a><\/p>\n<h3><a title=\"William\" href=\"http:\/\/www.editorialbase.cat\/llibres\/374\" target=\"_blank\">William<\/a><\/h3>\n<p><span class=\"date\">Juny 2016<\/span>SANTOS, Care. William. Dani Cruz [il.]. Barcelona: Base, 2016.<\/p>\n<\/div>\n<div class=\"recomanacio imatge\">\n<p><a title=\"Taller d'artistes\" href=\"http:\/\/www.cruilla.cat\/cataleg\/literatura\/taller-dartistes\" target=\"_blank\"><img loading=\"lazy\" decoding=\"async\" class=\"imagecache imagecache-recomanacions_llistat_gran\" title=\"Taller d'artistes\" src=\"http:\/\/www.lectura.cat\/sites\/default\/files\/imagecache\/recomanacions_llistat_gran\/Rartistes.jpg\" alt=\"Taller d'artistes\" width=\"85\" height=\"87\" \/><\/a><\/p>\n<h3><a title=\"Taller d'artistes\" href=\"http:\/\/www.cruilla.cat\/cataleg\/literatura\/taller-dartistes\" target=\"_blank\">Taller d&#8217;artistes<\/a><\/h3>\n<p><span class=\"date\">Maig 2016<\/span>TULLET, Herv\u00e9. Taller d&#8217;artistes. Barcelona: Cruilla, 2016.<\/p>\n<\/div>\n<div class=\"recomanacio imatge\">\n<p><a title=\"Els fantasmes no truquen a la porta\" href=\"http:\/\/www.animallibres.cat\/fitxa-llibre_cataleg\/items\/els-fantasmes-no-truquen-a-la-porta.html\" target=\"_blank\"><img loading=\"lazy\" decoding=\"async\" class=\"imagecache imagecache-recomanacions_llistat_gran\" title=\"Els fantasmes no truquen a la porta\" src=\"http:\/\/www.lectura.cat\/sites\/default\/files\/imagecache\/recomanacions_llistat_gran\/Rfantasmes.jpg\" alt=\"Els fantasmes no truquen a la porta\" width=\"85\" height=\"87\" \/><\/a><\/p>\n<h3><a title=\"Els fantasmes no truquen a la porta\" href=\"http:\/\/www.animallibres.cat\/fitxa-llibre_cataleg\/items\/els-fantasmes-no-truquen-a-la-porta.html\" target=\"_blank\">Els fantasmes no truquen a la porta<\/a><\/h3>\n<p><span class=\"date\">Maig 2016<\/span>CANAL, Eul\u00e0lia. Els fantasmes no truquen a la porta. Roc\u00edo Bonilla [il.]. Barcelona:&#8230;<\/p>\n<\/div>\n<div class=\"recomanacio imatge\">\n<p><a title=\"Un m\u00f3n de jocs\" href=\"http:\/\/www.combeleditorial.com\/ca\/llibre\/un-mon-de-jocs_978-84-9101-029-6\" target=\"_blank\"><img loading=\"lazy\" decoding=\"async\" class=\"imagecache imagecache-recomanacions_llistat_gran\" title=\"Un m\u00f3n de jocs\" src=\"http:\/\/www.lectura.cat\/sites\/default\/files\/imagecache\/recomanacions_llistat_gran\/Rmonjocs.jpg\" alt=\"Un m\u00f3n de jocs\" width=\"85\" height=\"87\" \/><\/a><\/p>\n<h3><a title=\"Un m\u00f3n de jocs\" href=\"http:\/\/www.combeleditorial.com\/ca\/llibre\/un-mon-de-jocs_978-84-9101-029-6\" target=\"_blank\">Un m\u00f3n de jocs<\/a><\/h3>\n<p><span class=\"date\">Maig 2016<\/span>NAVARRO, \u00c0ngels. Un m\u00f3n de jocs. Jordi Sunyer [il.]. Barcelona: Combel, 2016.<\/p>\n<\/div>\n<p>&nbsp;<\/p>\n<div class=\"recomanacio imatge\">\n<p><a title=\" Autoretrats\" href=\"http:\/\/www.combeleditorial.com\/ca\/llibre\/autoretrats_978-84-9101-068-5\" target=\"_blank\"><img loading=\"lazy\" decoding=\"async\" class=\"imagecache imagecache-recomanacions_llistat_gran\" title=\" Autoretrats\" src=\"http:\/\/www.lectura.cat\/sites\/default\/files\/imagecache\/recomanacions_llistat_gran\/RAutoretrats.jpg\" alt=\" Autoretrats\" width=\"85\" height=\"87\" \/><\/a><\/p>\n<h3><a title=\" Autoretrats\" href=\"http:\/\/www.combeleditorial.com\/ca\/llibre\/autoretrats_978-84-9101-068-5\" target=\"_blank\"> Autoretrats<\/a><\/h3>\n<p><span class=\"date\">Abril 2016<\/span>GEIS, Patricia. Autoretrats. Barcelona: Combel, 2016.<\/p>\n<\/div>\n<p>&nbsp;<\/p>\n<div class=\"recomanacio imatge\">\n<p><a title=\"Il\u00b7lusions \u00f2ptiques\" href=\"http:\/\/www.brunolibros.es\/libro.php?id=3934303\" target=\"_blank\"><img loading=\"lazy\" decoding=\"async\" class=\"imagecache imagecache-recomanacions_llistat_gran\" title=\"Il\u00b7lusions \u00f2ptiques\" src=\"http:\/\/www.lectura.cat\/sites\/default\/files\/imagecache\/recomanacions_llistat_gran\/RIl%C2%B7lusions.jpg\" alt=\"Il\u00b7lusions \u00f2ptiques\" width=\"85\" height=\"87\" \/><\/a><\/p>\n<h3><a title=\"Il\u00b7lusions \u00f2ptiques\" href=\"http:\/\/www.brunolibros.es\/libro.php?id=3934303\" target=\"_blank\">Il\u00b7lusions \u00f2ptiques<\/a><\/h3>\n<p><span class=\"date\">Abril 2016<\/span>LENG, Tim. Il\u00b7lusions \u00f2ptiques. Barcelona: Bru\u00f1o, 2015.<\/p>\n<\/div>\n<p>&nbsp;<\/p>\n<div class=\"recomanacio imatge\">\n<p><a title=\"El llibre sense dibuixos\" href=\"https:\/\/www.youtube.com\/watch?v=4vtuElYrtZA\" target=\"_blank\"><img loading=\"lazy\" decoding=\"async\" class=\"imagecache imagecache-recomanacions_llistat_gran\" title=\"El llibre sense dibuixos\" src=\"http:\/\/www.lectura.cat\/sites\/default\/files\/imagecache\/recomanacions_llistat_gran\/Rsensedibuixos.jpg\" alt=\"El llibre sense dibuixos\" width=\"85\" height=\"87\" \/><\/a><\/p>\n<h3><a title=\"El llibre sense dibuixos\" href=\"https:\/\/www.youtube.com\/watch?v=4vtuElYrtZA\" target=\"_blank\">El llibre sense dibuixos<\/a><\/h3>\n<p><span class=\"date\">Abril 2016<\/span>NOVAK, B. J. El llibre sense dibuixos. Barcelona: Estrella Polar, 2015.<\/p>\n<\/div>\n<p>&nbsp;<\/p>\n<div class=\"recomanacio imatge\">\n<p><a title=\"Llibre de les b\u00e8sties\" href=\"http:\/\/www.barcanovainfantilijuvenil.cat\/ficha.php?id=4297116&amp;class=\" target=\"_blank\"><img loading=\"lazy\" decoding=\"async\" class=\"imagecache imagecache-recomanacions_llistat_gran\" title=\"Llibre de les b\u00e8sties\" src=\"http:\/\/www.lectura.cat\/sites\/default\/files\/imagecache\/recomanacions_llistat_gran\/Rbesties.jpg\" alt=\"Llibre de les b\u00e8sties\" width=\"85\" height=\"87\" \/><\/a><\/p>\n<h3><a title=\"Llibre de les b\u00e8sties\" href=\"http:\/\/www.barcanovainfantilijuvenil.cat\/ficha.php?id=4297116&amp;class=\" target=\"_blank\">Llibre de les b\u00e8sties<\/a><\/h3>\n<p><span class=\"date\">Abril 2016<\/span>LLULL, Ramon. Llibre de les b\u00e8sties. Gisela Bombil\u00e0 [il.]. Barcelona: Barcanova, 2016.<\/p>\n<\/div>\n<p>&nbsp;<\/p>\n<div class=\"recomanacio imatge\">\n<p><a title=\"Paraules Nouvingudes\" href=\"http:\/\/www.barcanovainfantilijuvenil.cat\/ficha.php?id=2977337\" target=\"_blank\"><img loading=\"lazy\" decoding=\"async\" class=\"imagecache imagecache-recomanacions_llistat_gran\" title=\"Paraules Nouvingudes\" src=\"http:\/\/www.lectura.cat\/sites\/default\/files\/imagecache\/recomanacions_llistat_gran\/Rnouvingudes.jpg\" alt=\"Paraules Nouvingudes\" width=\"85\" height=\"87\" \/><\/a><\/p>\n<h3><a title=\"Paraules Nouvingudes\" href=\"http:\/\/www.barcanovainfantilijuvenil.cat\/ficha.php?id=2977337\" target=\"_blank\">Paraules Nouvingudes<\/a><\/h3>\n<p><span class=\"date\">Mar\u00e7 2016<\/span>GASOL, Anna; BLANCH, Teresa. Paraules Nouvingudes. Carles Arbat [il.]. Barcelona: Barcanova, 2015.<\/p>\n<\/div>\n<p>&nbsp;<\/p>\n<div class=\"recomanacio imatge\">\n<p><a title=\"El gran llibre dels invents que ens han canviat la vida\" href=\"http:\/\/www.larousse.es\/index.php?opcion=ficha&amp;obrcod=3927534\" target=\"_blank\"><img loading=\"lazy\" decoding=\"async\" class=\"imagecache imagecache-recomanacions_llistat_gran\" title=\"El gran llibre dels invents que ens han canviat la vida\" src=\"http:\/\/www.lectura.cat\/sites\/default\/files\/imagecache\/recomanacions_llistat_gran\/Rinvents.jpg\" alt=\"El gran llibre dels invents que ens han canviat la vida\" width=\"85\" height=\"87\" \/><\/a><\/p>\n<h3><a title=\"El gran llibre dels invents que ens han canviat la vida\" href=\"http:\/\/www.larousse.es\/index.php?opcion=ficha&amp;obrcod=3927534\" target=\"_blank\">El gran llibre dels invents que ens han canviat la vida<\/a><\/h3>\n<p><span class=\"date\">Mar\u00e7 2016<\/span>CR\u00c9PON, Shopie. El gran llibre dels invents que ens han canviat la vida. G\u00e9rald Guerlais i&#8230;<\/p>\n<\/div>\n<p>&nbsp;<\/p>\n<div class=\"recomanacio imatge\">\n<p><a title=\"50 Singulars de la Festa\" href=\"http:\/\/www.elcepilanansa.com\/colleccions\/figures-de-festa\/50-singulars-de-la-festa\/\" target=\"_blank\"><img loading=\"lazy\" decoding=\"async\" class=\"imagecache imagecache-recomanacions_llistat_gran\" title=\"50 Singulars de la Festa\" src=\"http:\/\/www.lectura.cat\/sites\/default\/files\/imagecache\/recomanacions_llistat_gran\/R50singulars.jpg\" alt=\"50 Singulars de la Festa\" width=\"85\" height=\"87\" \/><\/a><\/p>\n<h3><a title=\"50 Singulars de la Festa\" href=\"http:\/\/www.elcepilanansa.com\/colleccions\/figures-de-festa\/50-singulars-de-la-festa\/\" target=\"_blank\">50 Singulars de la Festa<\/a><\/h3>\n<p><span class=\"date\">Mar\u00e7 2016<\/span>MASANA, Heribert. 50 Singulars de la Festa. JuanolO [il.]. Vilanova i la Geltr\u00fa: El cep i la&#8230;<\/p>\n<\/div>\n<p>&nbsp;<\/p>\n<div class=\"recomanacio imatge\">\n<p><a title=\"Quin Cap!\" href=\"http:\/\/www.pageseditors.cat\/CAT\/llibre_milenio2.asp?id=100&amp;id_llibre=2176\" target=\"_blank\"><img loading=\"lazy\" decoding=\"async\" class=\"imagecache imagecache-recomanacions_llistat_gran\" title=\"Quin Cap!\" src=\"http:\/\/www.lectura.cat\/sites\/default\/files\/imagecache\/recomanacions_llistat_gran\/RQuinCap.jpg\" alt=\"Quin Cap!\" width=\"85\" height=\"87\" \/><\/a><\/p>\n<h3><a title=\"Quin Cap!\" href=\"http:\/\/www.pageseditors.cat\/CAT\/llibre_milenio2.asp?id=100&amp;id_llibre=2176\" target=\"_blank\">Quin Cap!<\/a><\/h3>\n<p><span class=\"date\">Mar\u00e7 2016<\/span>RUIZ, Ricard. Quin Cap! Pedro Rodr\u00edguez [Il.]. Lleida: Pag\u00e8s, 2016.<\/p>\n<\/div>\n<p>&nbsp;<\/p>\n<div class=\"recomanacio imatge\">\n<p><a title=\"La Dona que menjava mitjons\" href=\"http:\/\/baula.com\/la-dona-que-menjava-mitjons\/\" target=\"_blank\"><img loading=\"lazy\" decoding=\"async\" class=\"imagecache imagecache-recomanacions_llistat_gran\" title=\"La Dona que menjava mitjons\" src=\"http:\/\/www.lectura.cat\/sites\/default\/files\/imagecache\/recomanacions_llistat_gran\/RDonaMitjons.jpg\" alt=\"La Dona que menjava mitjons\" width=\"85\" height=\"87\" \/><\/a><\/p>\n<h3><a title=\"La Dona que menjava mitjons\" href=\"http:\/\/baula.com\/la-dona-que-menjava-mitjons\/\" target=\"_blank\">La Dona que menjava mitjons<\/a><\/h3>\n<p><span class=\"date\">Febrer 2016<\/span>MOLIST, Pep. La Dona que menjava mitjons. Jorge del Corral [il.]. Barcelona : Baula, 2015.<\/p>\n<\/div>\n<p>&nbsp;<\/p>\n<div class=\"recomanacio imatge\">\n<p><a title=\"Els fils invisibles\" href=\"http:\/\/www.tramuntanaeditorial.com\/ca\/llibres\/els-fils-invisibles-detail\" target=\"_blank\"><img loading=\"lazy\" decoding=\"async\" class=\"imagecache imagecache-recomanacions_llistat_gran\" title=\"Els fils invisibles\" src=\"http:\/\/www.lectura.cat\/sites\/default\/files\/imagecache\/recomanacions_llistat_gran\/RFilsInvisibles.jpg\" alt=\"Els fils invisibles\" width=\"85\" height=\"87\" \/><\/a><\/p>\n<h3><a title=\"Els fils invisibles\" href=\"http:\/\/www.tramuntanaeditorial.com\/ca\/llibres\/els-fils-invisibles-detail\" target=\"_blank\">Els fils invisibles<\/a><\/h3>\n<p><span class=\"date\">Febrer 2016<\/span>TORRENTS, Montse. Els fils invisibles. Matilde Portal\u00e9s [il.]. Sant Feliu de Gu\u00edxols :&#8230;<\/p>\n<\/div>\n<p>&nbsp;<\/p>\n<div class=\"recomanacio imatge\">\n<p><a title=\"Una Festa a la selva\" href=\"http:\/\/birabiroeditorial.com\/wp-content\/uploads\/2015\/09\/FitxaFestaSelva.pdf\" target=\"_blank\"><img loading=\"lazy\" decoding=\"async\" class=\"imagecache imagecache-recomanacions_llistat_gran\" title=\"Una Festa a la selva\" src=\"http:\/\/www.lectura.cat\/sites\/default\/files\/imagecache\/recomanacions_llistat_gran\/RFestaSelva.jpg\" alt=\"Una Festa a la selva\" width=\"85\" height=\"87\" \/><\/a><\/p>\n<h3><a title=\"Una Festa a la selva\" href=\"http:\/\/birabiroeditorial.com\/wp-content\/uploads\/2015\/09\/FitxaFestaSelva.pdf\" target=\"_blank\">Una Festa a la selva<\/a><\/h3>\n<p><span class=\"date\">Febrer 2016<\/span>SILLANI, Febe. Una Festa a la selva. Barcelona : Birabiro, 2015.<\/p>\n<\/div>\n<p>&nbsp;<\/p>\n<div class=\"recomanacio imatge\">\n<p><a title=\"Criatures humanes i altres petits animals\" href=\"http:\/\/mosaicsllibres.com\/edicions\/130-2\/7-2\/didactic\/1-criatures-humanes-i-altres-petits-animals\/\" target=\"_blank\"><img loading=\"lazy\" decoding=\"async\" class=\"imagecache imagecache-recomanacions_llistat_gran\" title=\"Criatures humanes i altres petits animals\" src=\"http:\/\/www.lectura.cat\/sites\/default\/files\/imagecache\/recomanacions_llistat_gran\/RCriatures.jpg\" alt=\"Criatures humanes i altres petits animals\" width=\"85\" height=\"87\" \/><\/a><\/p>\n<h3><a title=\"Criatures humanes i altres petits animals\" href=\"http:\/\/mosaicsllibres.com\/edicions\/130-2\/7-2\/didactic\/1-criatures-humanes-i-altres-petits-animals\/\" target=\"_blank\">Criatures humanes i altres petits animals<\/a><\/h3>\n<p><span class=\"date\">Febrer 2016<\/span>MONTESINOS, Anna. Criatures humanes i altres petits animals. Montse Espa\u00f1ol [il.]. [Barcelona] :&#8230;<\/p>\n<\/div>\n<p>&nbsp;<\/p>\n<div class=\"recomanacio imatge\">\n<p><a title=\"Harry Potter i la pedra filosofal\" href=\"http:\/\/www.grup62.cat\/llibre-harry-potter-i-la-pedra-filosofal-edicio-ilustrada-198881.html\" target=\"_blank\"><img loading=\"lazy\" decoding=\"async\" class=\"imagecache imagecache-recomanacions_llistat_gran\" title=\"Harry Potter i la pedra filosofal\" src=\"http:\/\/www.lectura.cat\/sites\/default\/files\/imagecache\/recomanacions_llistat_gran\/RHarryPotter.jpg\" alt=\"Harry Potter i la pedra filosofal\" width=\"85\" height=\"87\" \/><\/a><\/p>\n<h3><a title=\"Harry Potter i la pedra filosofal\" href=\"http:\/\/www.grup62.cat\/llibre-harry-potter-i-la-pedra-filosofal-edicio-ilustrada-198881.html\" target=\"_blank\">Harry Potter i la pedra filosofal<\/a><\/h3>\n<p><span class=\"date\">Gener 2016<\/span>ROWLING, J. K. Harry Potter i la pedra filosofal. Jim Kay [il.]. Barcelona : Emp\u00faries, 2015.<\/p>\n<\/div>\n<p>&nbsp;<\/p>\n<div class=\"recomanacio imatge\">\n<p><a title=\"Anim\u00e0lium\" href=\"http:\/\/simboleditors.com\/home\/148-animalium-9788415315223.html\" target=\"_blank\"><img loading=\"lazy\" decoding=\"async\" class=\"imagecache imagecache-recomanacions_llistat_gran\" title=\"Anim\u00e0lium\" src=\"http:\/\/www.lectura.cat\/sites\/default\/files\/imagecache\/recomanacions_llistat_gran\/RAnimalium.jpg\" alt=\"Anim\u00e0lium\" width=\"85\" height=\"87\" \/><\/a><\/p>\n<h3><a title=\"Anim\u00e0lium\" href=\"http:\/\/simboleditors.com\/home\/148-animalium-9788415315223.html\" target=\"_blank\">Anim\u00e0lium<\/a><\/h3>\n<p><span class=\"date\">Gener 2016<\/span>BROOM, Jenny. Anim\u00e0lium. Katie Scott [il.]. [Sant Cugat del Vall\u00e8s]: S\u00edmbol, 2015.<\/p>\n<\/div>\n<p>&nbsp;<\/p>\n<div class=\"recomanacio imatge\">\n<p><a title=\"Fun\u00e0mbulus\" href=\"http:\/\/www.fragmenta.cat\/ca\/petit-fragmenta_429198\/431524\" target=\"_blank\"><img loading=\"lazy\" decoding=\"async\" class=\"imagecache imagecache-recomanacions_llistat_gran\" title=\"Fun\u00e0mbulus\" src=\"http:\/\/www.lectura.cat\/sites\/default\/files\/imagecache\/recomanacions_llistat_gran\/RFunambulus.jpg\" alt=\"Fun\u00e0mbulus\" width=\"85\" height=\"87\" \/><\/a><\/p>\n<h3><a title=\"Fun\u00e0mbulus\" href=\"http:\/\/www.fragmenta.cat\/ca\/petit-fragmenta_429198\/431524\" target=\"_blank\">Fun\u00e0mbulus<\/a><\/h3>\n<p><span class=\"date\">Gener 2016<\/span>TOVAR, \u00c0lex. Fun\u00e0mbulus. \u00c0frica Fanlo [il.]. Barcelona: Fragmenta, 2015.<\/p>\n<\/div>\n<p>&nbsp;<\/p>\n<div class=\"recomanacio imatge\">\n<p><a title=\"Hist\u00f2ries de Nasrud\u00edn\" href=\"http:\/\/www.fragmenta.cat\/ca\/cataleg\/assaig\/431735\" target=\"_blank\"><img loading=\"lazy\" decoding=\"async\" class=\"imagecache imagecache-recomanacions_llistat_gran\" title=\"Hist\u00f2ries de Nasrud\u00edn\" src=\"http:\/\/www.lectura.cat\/sites\/default\/files\/imagecache\/recomanacions_llistat_gran\/RNasrudin.jpg\" alt=\"Hist\u00f2ries de Nasrud\u00edn\" width=\"85\" height=\"87\" \/><\/a><\/p>\n<h3><a title=\"Hist\u00f2ries de Nasrud\u00edn\" href=\"http:\/\/www.fragmenta.cat\/ca\/cataleg\/assaig\/431735\" target=\"_blank\">Hist\u00f2ries de Nasrud\u00edn<\/a><\/h3>\n<p><span class=\"date\">Gener 2016<\/span>B\u00c1RCENA, Halil. Hist\u00f2ries de Nasrud\u00edn. Mariona Cabassa [il.]. Barcelona: Fragmenta, 2015.<\/p>\n<\/div>\n<p>&nbsp;<\/p>\n<div class=\"recomanacio imatge\">\n<p><a title=\" Inventari il\u00b7lustrat dels insectes\" href=\"http:\/\/www.kalandraka.com\/ca\/faktoria-k-de-libros\/nombre-coleccion\/detalle-libro\/ver\/inventari-illustrat-dels-insectes\/\" target=\"_blank\"><img loading=\"lazy\" decoding=\"async\" class=\"imagecache imagecache-recomanacions_llistat_gran\" title=\" Inventari il\u00b7lustrat dels insectes\" src=\"http:\/\/www.lectura.cat\/sites\/default\/files\/imagecache\/recomanacions_llistat_gran\/RInventari-insectes.jpg\" alt=\" Inventari il\u00b7lustrat dels insectes\" width=\"85\" height=\"87\" \/><\/a><\/p>\n<h3><a title=\" Inventari il\u00b7lustrat dels insectes\" href=\"http:\/\/www.kalandraka.com\/ca\/faktoria-k-de-libros\/nombre-coleccion\/detalle-libro\/ver\/inventari-illustrat-dels-insectes\/\" target=\"_blank\"> Inventari il\u00b7lustrat dels insectes<\/a><\/h3>\n<p><span class=\"date\">Desembre 2015<\/span>ALADJIDI, Virginie. Inventari il\u00b7lustrat dels insectes. Emmanuelle Tchoukriel [il.]. Pontevedra:&#8230;<\/p>\n<\/div>\n<p>&nbsp;<\/p>\n<div class=\"recomanacio imatge\">\n<p><a title=\"Moletown\" href=\"http:\/\/www.editorialjuventud.es\/4252.html\" target=\"_blank\"><img loading=\"lazy\" decoding=\"async\" class=\"imagecache imagecache-recomanacions_llistat_gran\" title=\"Moletown\" src=\"http:\/\/www.lectura.cat\/sites\/default\/files\/imagecache\/recomanacions_llistat_gran\/RMoletown.jpg\" alt=\"Moletown\" width=\"85\" height=\"87\" \/><\/a><\/p>\n<h3><a title=\"Moletown\" href=\"http:\/\/www.editorialjuventud.es\/4252.html\" target=\"_blank\">Moletown<\/a><\/h3>\n<p><span class=\"date\">Desembre 2015<\/span>KUHLMANN, Torben. Moletown : la ciutat dels talps. Barcelona : Joventut, 2015.<\/p>\n<\/div>\n<p>&nbsp;<\/p>\n<div class=\"recomanacio imatge\">\n<p><a title=\"El Gran viatge de Darwin\" href=\"http:\/\/www.editorialjuventud.es\/3990.html\" target=\"_blank\"><img loading=\"lazy\" decoding=\"async\" class=\"imagecache imagecache-recomanacions_llistat_gran\" title=\"El Gran viatge de Darwin\" src=\"http:\/\/www.lectura.cat\/sites\/default\/files\/imagecache\/recomanacions_llistat_gran\/RDarwin.jpg\" alt=\"El Gran viatge de Darwin\" width=\"85\" height=\"87\" \/><\/a><\/p>\n<h3><a title=\"El Gran viatge de Darwin\" href=\"http:\/\/www.editorialjuventud.es\/3990.html\" target=\"_blank\">El Gran viatge de Darwin<\/a><\/h3>\n<p><span class=\"date\">Desembre 2015<\/span>MANNING, Mick i Brita GRANSTR\u00d6M. El Gran viatge de Darwin. Barcelona: Joventut, 2013.<\/p>\n<\/div>\n<p>&nbsp;<\/p>\n<div class=\"recomanacio imatge\">\n<p><a title=\"Hist\u00f2rium\" href=\"http:\/\/simboleditors.com\/home\/151-historium-9788415315230.html\" target=\"_blank\"><img loading=\"lazy\" decoding=\"async\" class=\"imagecache imagecache-recomanacions_llistat_gran\" title=\"Hist\u00f2rium\" src=\"http:\/\/www.lectura.cat\/sites\/default\/files\/imagecache\/recomanacions_llistat_gran\/RHistorium.jpg\" alt=\"Hist\u00f2rium\" width=\"85\" height=\"87\" \/><\/a><\/p>\n<h3><a title=\"Hist\u00f2rium\" href=\"http:\/\/simboleditors.com\/home\/151-historium-9788415315230.html\" target=\"_blank\">Hist\u00f2rium<\/a><\/h3>\n<p><span class=\"date\">Desembre 2015<\/span>NELSON, Jo. Hist\u00f2rium. Richard Wilkinson [il.]. [Sant Cugat del Vall\u00e8s] : S\u00edmbol, 2015.<\/p>\n<\/div>\n<p>&nbsp;<\/p>\n<div class=\"recomanacio imatge\">\n<p><a title=\"Pipiripip magazine\" href=\"https:\/\/pipiripip.com\/\" target=\"_blank\"><img loading=\"lazy\" decoding=\"async\" class=\"imagecache imagecache-recomanacions_llistat_gran\" title=\"Pipiripip magazine\" src=\"http:\/\/www.lectura.cat\/sites\/default\/files\/imagecache\/recomanacions_llistat_gran\/RPipiripip.jpg\" alt=\"Pipiripip magazine\" width=\"85\" height=\"87\" \/><\/a><\/p>\n<h3><a title=\"Pipiripip magazine\" href=\"https:\/\/pipiripip.com\/\" target=\"_blank\">Pipiripip magazine<\/a><\/h3>\n<p><span class=\"date\">Novembre 2015<\/span>Pipiripip magazine. Manresa : Edicions del Pipiripip, DL 2015-<\/p>\n<\/div>\n<p>&nbsp;<\/p>\n<div class=\"recomanacio imatge\">\n<p><a title=\"La tardor de la Kira\" href=\"http:\/\/www.sdedicions.com\/fitxa_llibre.php?id=229&amp;PHPSESSID=6a0f44eeada771332b11d1343bac0405\" target=\"_blank\"><img loading=\"lazy\" decoding=\"async\" class=\"imagecache imagecache-recomanacions_llistat_gran\" title=\"La tardor de la Kira\" src=\"http:\/\/www.lectura.cat\/sites\/default\/files\/imagecache\/recomanacions_llistat_gran\/RKira_0.png\" alt=\"La tardor de la Kira\" width=\"85\" height=\"87\" \/><\/a><\/p>\n<h3><a title=\"La tardor de la Kira\" href=\"http:\/\/www.sdedicions.com\/fitxa_llibre.php?id=229&amp;PHPSESSID=6a0f44eeada771332b11d1343bac0405\" target=\"_blank\">La tardor de la Kira<\/a><\/h3>\n<p><span class=\"date\">Novembre 2015<\/span>GARC\u00cdA, Alba. La tardor de la Kira. Barcelona: SD, 2015.<\/p>\n<\/div>\n<\/div>\n<\/div>\n<p>&nbsp;<\/p>\n","protected":false},"excerpt":{"rendered":"<p>Us presentem una petita mostra de la selecci\u00f3 de llibres recomanats per l&#8216;equip de LECXIT i us animem a entrar a la seva web per tenir m\u00e9s informaci\u00f3 http:\/\/www.lectura.cat\/recomanacions-de-lectura Bona lectura!! &nbsp; La Veritat segons l&#8217;Artur Gener 2017HOPGOOD, Tim. La Veritat segons l&#8217;Artur. David Tazzyman [il.]. Barcelona: Combel, 2016. &nbsp; La casa dels ratolins Gener [&hellip;]<\/p>\n","protected":false},"author":1,"featured_media":0,"comment_status":"open","ping_status":"open","sticky":false,"template":"","format":"standard","meta":{"_bbp_topic_count":0,"_bbp_reply_count":0,"_bbp_total_topic_count":0,"_bbp_total_reply_count":0,"_bbp_voice_count":0,"_bbp_anonymous_reply_count":0,"_bbp_topic_count_hidden":0,"_bbp_reply_count_hidden":0,"_bbp_forum_subforum_count":0,"site-sidebar-layout":"default","site-content-layout":"","ast-site-content-layout":"","site-content-style":"default","site-sidebar-style":"default","ast-global-header-display":"","ast-banner-title-visibility":"","ast-main-header-display":"","ast-hfb-above-header-display":"","ast-hfb-below-header-display":"","ast-hfb-mobile-header-display":"","site-post-title":"","ast-breadcrumbs-content":"","ast-featured-img":"","footer-sml-layout":"","theme-transparent-header-meta":"","adv-header-id-meta":"","stick-header-meta":"","header-above-stick-meta":"","header-main-stick-meta":"","header-below-stick-meta":"","astra-migrate-meta-layouts":"default","ast-page-background-enabled":"default","ast-page-background-meta":{"desktop":{"background-color":"var(--ast-global-color-4)","background-image":"","background-repeat":"repeat","background-position":"center center","background-size":"auto","background-attachment":"scroll","background-type":"","background-media":"","overlay-type":"","overlay-color":"","overlay-opacity":"","overlay-gradient":""},"tablet":{"background-color":"","background-image":"","background-repeat":"repeat","background-position":"center center","background-size":"auto","background-attachment":"scroll","background-type":"","background-media":"","overlay-type":"","overlay-color":"","overlay-opacity":"","overlay-gradient":""},"mobile":{"background-color":"","background-image":"","background-repeat":"repeat","background-position":"center center","background-size":"auto","background-attachment":"scroll","background-type":"","background-media":"","overlay-type":"","overlay-color":"","overlay-opacity":"","overlay-gradient":""}},"ast-content-background-meta":{"desktop":{"background-color":"var(--ast-global-color-5)","background-image":"","background-repeat":"repeat","background-position":"center center","background-size":"auto","background-attachment":"scroll","background-type":"","background-media":"","overlay-type":"","overlay-color":"","overlay-opacity":"","overlay-gradient":""},"tablet":{"background-color":"var(--ast-global-color-5)","background-image":"","background-repeat":"repeat","background-position":"center center","background-size":"auto","background-attachment":"scroll","background-type":"","background-media":"","overlay-type":"","overlay-color":"","overlay-opacity":"","overlay-gradient":""},"mobile":{"background-color":"var(--ast-global-color-5)","background-image":"","background-repeat":"repeat","background-position":"center center","background-size":"auto","background-attachment":"scroll","background-type":"","background-media":"","overlay-type":"","overlay-color":"","overlay-opacity":"","overlay-gradient":""}},"footnotes":""},"categories":[1,2,22,4],"tags":[],"class_list":["post-3013","post","type-post","status-publish","format-standard","hentry","category-general","category-infantil","category-news","category-portada"],"post_mailing_queue_ids":[],"_links":{"self":[{"href":"https:\/\/agora.xtec.cat\/escolaponent\/wp-json\/wp\/v2\/posts\/3013","targetHints":{"allow":["GET"]}}],"collection":[{"href":"https:\/\/agora.xtec.cat\/escolaponent\/wp-json\/wp\/v2\/posts"}],"about":[{"href":"https:\/\/agora.xtec.cat\/escolaponent\/wp-json\/wp\/v2\/types\/post"}],"author":[{"embeddable":true,"href":"https:\/\/agora.xtec.cat\/escolaponent\/wp-json\/wp\/v2\/users\/1"}],"replies":[{"embeddable":true,"href":"https:\/\/agora.xtec.cat\/escolaponent\/wp-json\/wp\/v2\/comments?post=3013"}],"version-history":[{"count":4,"href":"https:\/\/agora.xtec.cat\/escolaponent\/wp-json\/wp\/v2\/posts\/3013\/revisions"}],"predecessor-version":[{"id":3017,"href":"https:\/\/agora.xtec.cat\/escolaponent\/wp-json\/wp\/v2\/posts\/3013\/revisions\/3017"}],"wp:attachment":[{"href":"https:\/\/agora.xtec.cat\/escolaponent\/wp-json\/wp\/v2\/media?parent=3013"}],"wp:term":[{"taxonomy":"category","embeddable":true,"href":"https:\/\/agora.xtec.cat\/escolaponent\/wp-json\/wp\/v2\/categories?post=3013"},{"taxonomy":"post_tag","embeddable":true,"href":"https:\/\/agora.xtec.cat\/escolaponent\/wp-json\/wp\/v2\/tags?post=3013"}],"curies":[{"name":"wp","href":"https:\/\/api.w.org\/{rel}","templated":true}]}}