{"id":2972,"date":"2017-03-31T09:42:36","date_gmt":"2017-03-31T07:42:36","guid":{"rendered":"http:\/\/agora.xtec.cat\/escolaponent\/?p=2972"},"modified":"2017-03-31T09:42:36","modified_gmt":"2017-03-31T07:42:36","slug":"team-tv-ponentla-noticia-accident-al-mediterrani","status":"publish","type":"post","link":"https:\/\/agora.xtec.cat\/escolaponent\/news\/team-tv-ponentla-noticia-accident-al-mediterrani\/","title":{"rendered":"TEAM TV PONENT:LA NOT\u00cdCIA : ACCIDENT AL MEDITERRANI"},"content":{"rendered":"<h1>ACCIDENT AL MEDITERRANI<\/h1>\n<h2>Un vaixell s&#8217;ha estavellat amb unes roques , quan es dirigia cap al Marroc<\/h2>\n<p>El dilluns d\u2019aquesta setmana un vaixell que anava des de Espanya fins al Marroc va perdre el control i es va estavellar amb una roca. El vaixell es va enfonsar al Mar Mediterrani. Dins el vaixell hi viatjaven 250 persones. Van morir 100 persones ofegades afegint a l\u2019home que portava el vaixell,100 persones es van salvar i les altres 50 persones es van salvar per\u00f2 van sortir ferides.<\/p>\n<p>El vaixell ha quedat super destrossat,des de la platja es pot veure el vaixell all\u00e0 al fons estavellat amb una roca que sobresortia a la superf\u00edcie del mar.<\/p>\n<p>Les 150 persones que no van morir van poder salvar-se perqu\u00e8 en quant les persones que controlen els viatges es van assabentar que el vaixell va perdre el control,van enviar 25 barques per rescatar-los.<\/p>\n<p>La gent que va sobreviure va arribar al Marroc, alguns ferits i altres intactes perqu\u00e8 quan van venir les barques els van portar al Marroc.<\/p>\n<p>Malauradament 100 persones van morir ofegades perqu\u00e8 quan les barques van arribar ells ja s\u2019havien ofegat dins el vaixell.<\/p>\n<p>Quan la gent estigui nedant a la platja es pot fer mal perqu\u00e8 el vaixell est\u00e0 destrossat a trossos petits.<\/p>\n<p>Opini\u00f3 personal: Haurien de vigilar m\u00e9s la traject\u00f2ria del vaixell i tamb\u00e9 ara que ha passat aix\u00f2 haurien de prohibir entrar aquesta platja per la seguretat de les persones.<\/p>\n<p><img loading=\"lazy\" decoding=\"async\" class=\"irc_mi aligncenter\" src=\"http:\/\/i.dailymail.co.uk\/i\/pix\/2016\/09\/25\/17\/38C939F500000578-3806481-image-a-107_1474821685867.jpg\" alt=\"Resultado de imagen de ship crash rock\" width=\"394\" height=\"235\" \/><\/p>\n<p>Not\u00edcia inventada<\/p>\n<p>Mario B.<\/p>\n","protected":false},"excerpt":{"rendered":"<p>ACCIDENT AL MEDITERRANI Un vaixell s&#8217;ha estavellat amb unes roques , quan es dirigia cap al Marroc El dilluns d\u2019aquesta setmana un vaixell que anava des de Espanya fins al Marroc va perdre el control i es va estavellar amb una roca. El vaixell es va enfonsar al Mar Mediterrani. Dins el vaixell hi viatjaven [&hellip;]<\/p>\n","protected":false},"author":1,"featured_media":0,"comment_status":"open","ping_status":"open","sticky":false,"template":"","format":"standard","meta":{"_bbp_topic_count":0,"_bbp_reply_count":0,"_bbp_total_topic_count":0,"_bbp_total_reply_count":0,"_bbp_voice_count":0,"_bbp_anonymous_reply_count":0,"_bbp_topic_count_hidden":0,"_bbp_reply_count_hidden":0,"_bbp_forum_subforum_count":0,"site-sidebar-layout":"default","site-content-layout":"","ast-site-content-layout":"","site-content-style":"default","site-sidebar-style":"default","ast-global-header-display":"","ast-banner-title-visibility":"","ast-main-header-display":"","ast-hfb-above-header-display":"","ast-hfb-below-header-display":"","ast-hfb-mobile-header-display":"","site-post-title":"","ast-breadcrumbs-content":"","ast-featured-img":"","footer-sml-layout":"","theme-transparent-header-meta":"","adv-header-id-meta":"","stick-header-meta":"","header-above-stick-meta":"","header-main-stick-meta":"","header-below-stick-meta":"","astra-migrate-meta-layouts":"default","ast-page-background-enabled":"default","ast-page-background-meta":{"desktop":{"background-color":"var(--ast-global-color-4)","background-image":"","background-repeat":"repeat","background-position":"center center","background-size":"auto","background-attachment":"scroll","background-type":"","background-media":"","overlay-type":"","overlay-color":"","overlay-opacity":"","overlay-gradient":""},"tablet":{"background-color":"","background-image":"","background-repeat":"repeat","background-position":"center center","background-size":"auto","background-attachment":"scroll","background-type":"","background-media":"","overlay-type":"","overlay-color":"","overlay-opacity":"","overlay-gradient":""},"mobile":{"background-color":"","background-image":"","background-repeat":"repeat","background-position":"center center","background-size":"auto","background-attachment":"scroll","background-type":"","background-media":"","overlay-type":"","overlay-color":"","overlay-opacity":"","overlay-gradient":""}},"ast-content-background-meta":{"desktop":{"background-color":"var(--ast-global-color-5)","background-image":"","background-repeat":"repeat","background-position":"center center","background-size":"auto","background-attachment":"scroll","background-type":"","background-media":"","overlay-type":"","overlay-color":"","overlay-opacity":"","overlay-gradient":""},"tablet":{"background-color":"var(--ast-global-color-5)","background-image":"","background-repeat":"repeat","background-position":"center center","background-size":"auto","background-attachment":"scroll","background-type":"","background-media":"","overlay-type":"","overlay-color":"","overlay-opacity":"","overlay-gradient":""},"mobile":{"background-color":"var(--ast-global-color-5)","background-image":"","background-repeat":"repeat","background-position":"center center","background-size":"auto","background-attachment":"scroll","background-type":"","background-media":"","overlay-type":"","overlay-color":"","overlay-opacity":"","overlay-gradient":""}},"footnotes":""},"categories":[22],"tags":[162,161],"class_list":["post-2972","post","type-post","status-publish","format-standard","hentry","category-news","tag-la-noticia","tag-team-tv-ponent"],"post_mailing_queue_ids":[],"_links":{"self":[{"href":"https:\/\/agora.xtec.cat\/escolaponent\/wp-json\/wp\/v2\/posts\/2972","targetHints":{"allow":["GET"]}}],"collection":[{"href":"https:\/\/agora.xtec.cat\/escolaponent\/wp-json\/wp\/v2\/posts"}],"about":[{"href":"https:\/\/agora.xtec.cat\/escolaponent\/wp-json\/wp\/v2\/types\/post"}],"author":[{"embeddable":true,"href":"https:\/\/agora.xtec.cat\/escolaponent\/wp-json\/wp\/v2\/users\/1"}],"replies":[{"embeddable":true,"href":"https:\/\/agora.xtec.cat\/escolaponent\/wp-json\/wp\/v2\/comments?post=2972"}],"version-history":[{"count":1,"href":"https:\/\/agora.xtec.cat\/escolaponent\/wp-json\/wp\/v2\/posts\/2972\/revisions"}],"predecessor-version":[{"id":2973,"href":"https:\/\/agora.xtec.cat\/escolaponent\/wp-json\/wp\/v2\/posts\/2972\/revisions\/2973"}],"wp:attachment":[{"href":"https:\/\/agora.xtec.cat\/escolaponent\/wp-json\/wp\/v2\/media?parent=2972"}],"wp:term":[{"taxonomy":"category","embeddable":true,"href":"https:\/\/agora.xtec.cat\/escolaponent\/wp-json\/wp\/v2\/categories?post=2972"},{"taxonomy":"post_tag","embeddable":true,"href":"https:\/\/agora.xtec.cat\/escolaponent\/wp-json\/wp\/v2\/tags?post=2972"}],"curies":[{"name":"wp","href":"https:\/\/api.w.org\/{rel}","templated":true}]}}