{"id":2686,"date":"2017-03-15T10:50:32","date_gmt":"2017-03-15T09:50:32","guid":{"rendered":"http:\/\/agora.xtec.cat\/escolaponent\/?p=2686"},"modified":"2017-03-15T10:50:32","modified_gmt":"2017-03-15T09:50:32","slug":"team-tv-ponent-la-noticia-tragedia-a-colombia","status":"publish","type":"post","link":"https:\/\/agora.xtec.cat\/escolaponent\/news\/team-tv-ponent-la-noticia-tragedia-a-colombia\/","title":{"rendered":"TEAM TV PONENT: LA NOT\u00cdCIA: TRAG\u00c8DIA A COLOMBIA"},"content":{"rendered":"<h1 align=\"justify\">\nTRAG\u00c8DIA A COLOMBIA<\/h1>\n<h2 align=\"justify\">Un avi\u00f3 va estavellar-se a una muntanya de Colombia ( Not\u00edcia basada en una not\u00edcia real )<\/h2>\n<p align=\"justify\"><span style=\"font-size: large;\">Abans d&#8217;ahir a Col\u00f2mbia es va estavellar un avio amb 121 persones dins , van morir 87 i les altres estan ingressades en un hospital de la capital Bogot\u00e0, Resulta que el pilot es\u00a0 va enlairar\u00a0 sense prou benzina i l&#8217;avio no va poder aguantar fins aterrar, el conductor ja est\u00e0 a pres\u00f3.<\/span><\/p>\n<p align=\"justify\"><span style=\"color: #000000;\"><span style=\"font-size: large;\">Per sort, aquesta vegada no han mort totes les persones que viatjaven en un avi\u00f3. El desplegament de les\u00a0 persones de la creu vermella per ajudar als afectats ha estat molt important per ajudar als ferits.<\/span><\/span><\/p>\n<p align=\"justify\">\n<span style=\"color: #000000;\"><span style=\"font-size: large;\">Una cosa negativa es que a mort molta gent.<\/span><\/span><br style=\"font-size: large;\" \/><\/p>\n<p align=\"justify\"><span style=\"color: #000000;\"><span style=\"font-size: large;\">La <\/span><span style=\"font-size: large;\">meva opini<\/span><span style=\"font-size: large;\">\u00f3<\/span><span style=\"font-size: large;\"> personal es que podrien re<\/span><span style=\"font-size: large;\">v<\/span><span style=\"font-size: large;\">isar el nivell benzina abans d&#8217;enlairar-se.<\/span><\/span><\/p>\n<p align=\"justify\">\n<a href=\"http:\/\/agora.xtec.cat\/escolaponent\/wp-content\/uploads\/usu881\/2017\/03\/TEAMTVPONENTLANOT\u00cdCIALLUIS.png\"><img loading=\"lazy\" decoding=\"async\" class=\"wp-image-2687 aligncenter\" src=\"http:\/\/agora.xtec.cat\/escolaponent\/wp-content\/uploads\/usu881\/2017\/03\/TEAMTVPONENTLANOT\u00cdCIALLUIS.png\" alt=\"teamtvponentlanoticialluis\" width=\"304\" height=\"170\" srcset=\"https:\/\/agora.xtec.cat\/escolaponent\/wp-content\/uploads\/usu881\/2017\/03\/TEAMTVPONENTLANOT\u00cdCIALLUIS.png 530w, https:\/\/agora.xtec.cat\/escolaponent\/wp-content\/uploads\/usu881\/2017\/03\/TEAMTVPONENTLANOT\u00cdCIALLUIS-300x168.png 300w\" sizes=\"auto, (max-width: 304px) 100vw, 304px\" \/><\/a><\/p>\n<p align=\"justify\">Llu\u00eds R.<\/p>\n","protected":false},"excerpt":{"rendered":"<p>TRAG\u00c8DIA A COLOMBIA Un avi\u00f3 va estavellar-se a una muntanya de Colombia ( Not\u00edcia basada en una not\u00edcia real ) Abans d&#8217;ahir a Col\u00f2mbia es va estavellar un avio amb 121 persones dins , van morir 87 i les altres estan ingressades en un hospital de la capital Bogot\u00e0, Resulta que el pilot es\u00a0 va [&hellip;]<\/p>\n","protected":false},"author":1,"featured_media":2687,"comment_status":"open","ping_status":"open","sticky":false,"template":"","format":"standard","meta":{"_bbp_topic_count":0,"_bbp_reply_count":0,"_bbp_total_topic_count":0,"_bbp_total_reply_count":0,"_bbp_voice_count":0,"_bbp_anonymous_reply_count":0,"_bbp_topic_count_hidden":0,"_bbp_reply_count_hidden":0,"_bbp_forum_subforum_count":0,"site-sidebar-layout":"default","site-content-layout":"","ast-site-content-layout":"","site-content-style":"default","site-sidebar-style":"default","ast-global-header-display":"","ast-banner-title-visibility":"","ast-main-header-display":"","ast-hfb-above-header-display":"","ast-hfb-below-header-display":"","ast-hfb-mobile-header-display":"","site-post-title":"","ast-breadcrumbs-content":"","ast-featured-img":"","footer-sml-layout":"","theme-transparent-header-meta":"","adv-header-id-meta":"","stick-header-meta":"","header-above-stick-meta":"","header-main-stick-meta":"","header-below-stick-meta":"","astra-migrate-meta-layouts":"default","ast-page-background-enabled":"default","ast-page-background-meta":{"desktop":{"background-color":"var(--ast-global-color-4)","background-image":"","background-repeat":"repeat","background-position":"center center","background-size":"auto","background-attachment":"scroll","background-type":"","background-media":"","overlay-type":"","overlay-color":"","overlay-opacity":"","overlay-gradient":""},"tablet":{"background-color":"","background-image":"","background-repeat":"repeat","background-position":"center center","background-size":"auto","background-attachment":"scroll","background-type":"","background-media":"","overlay-type":"","overlay-color":"","overlay-opacity":"","overlay-gradient":""},"mobile":{"background-color":"","background-image":"","background-repeat":"repeat","background-position":"center center","background-size":"auto","background-attachment":"scroll","background-type":"","background-media":"","overlay-type":"","overlay-color":"","overlay-opacity":"","overlay-gradient":""}},"ast-content-background-meta":{"desktop":{"background-color":"var(--ast-global-color-5)","background-image":"","background-repeat":"repeat","background-position":"center center","background-size":"auto","background-attachment":"scroll","background-type":"","background-media":"","overlay-type":"","overlay-color":"","overlay-opacity":"","overlay-gradient":""},"tablet":{"background-color":"var(--ast-global-color-5)","background-image":"","background-repeat":"repeat","background-position":"center center","background-size":"auto","background-attachment":"scroll","background-type":"","background-media":"","overlay-type":"","overlay-color":"","overlay-opacity":"","overlay-gradient":""},"mobile":{"background-color":"var(--ast-global-color-5)","background-image":"","background-repeat":"repeat","background-position":"center center","background-size":"auto","background-attachment":"scroll","background-type":"","background-media":"","overlay-type":"","overlay-color":"","overlay-opacity":"","overlay-gradient":""}},"footnotes":""},"categories":[22],"tags":[],"class_list":["post-2686","post","type-post","status-publish","format-standard","has-post-thumbnail","hentry","category-news"],"post_mailing_queue_ids":[],"_links":{"self":[{"href":"https:\/\/agora.xtec.cat\/escolaponent\/wp-json\/wp\/v2\/posts\/2686","targetHints":{"allow":["GET"]}}],"collection":[{"href":"https:\/\/agora.xtec.cat\/escolaponent\/wp-json\/wp\/v2\/posts"}],"about":[{"href":"https:\/\/agora.xtec.cat\/escolaponent\/wp-json\/wp\/v2\/types\/post"}],"author":[{"embeddable":true,"href":"https:\/\/agora.xtec.cat\/escolaponent\/wp-json\/wp\/v2\/users\/1"}],"replies":[{"embeddable":true,"href":"https:\/\/agora.xtec.cat\/escolaponent\/wp-json\/wp\/v2\/comments?post=2686"}],"version-history":[{"count":1,"href":"https:\/\/agora.xtec.cat\/escolaponent\/wp-json\/wp\/v2\/posts\/2686\/revisions"}],"predecessor-version":[{"id":2689,"href":"https:\/\/agora.xtec.cat\/escolaponent\/wp-json\/wp\/v2\/posts\/2686\/revisions\/2689"}],"wp:featuredmedia":[{"embeddable":true,"href":"https:\/\/agora.xtec.cat\/escolaponent\/wp-json\/wp\/v2\/media\/2687"}],"wp:attachment":[{"href":"https:\/\/agora.xtec.cat\/escolaponent\/wp-json\/wp\/v2\/media?parent=2686"}],"wp:term":[{"taxonomy":"category","embeddable":true,"href":"https:\/\/agora.xtec.cat\/escolaponent\/wp-json\/wp\/v2\/categories?post=2686"},{"taxonomy":"post_tag","embeddable":true,"href":"https:\/\/agora.xtec.cat\/escolaponent\/wp-json\/wp\/v2\/tags?post=2686"}],"curies":[{"name":"wp","href":"https:\/\/api.w.org\/{rel}","templated":true}]}}