{"id":2683,"date":"2017-03-15T10:43:34","date_gmt":"2017-03-15T09:43:34","guid":{"rendered":"http:\/\/agora.xtec.cat\/escolaponent\/?p=2683"},"modified":"2017-03-15T10:43:34","modified_gmt":"2017-03-15T09:43:34","slug":"teamtvponent-la-noticia-terroristes-a-brasil","status":"publish","type":"post","link":"https:\/\/agora.xtec.cat\/escolaponent\/news\/teamtvponent-la-noticia-terroristes-a-brasil\/","title":{"rendered":"TEAMTVPONENT: LA NOT\u00cdCIA: TERRORISTES A BRASIL"},"content":{"rendered":"<h1 align=\"left\">ATEMPTAT A BRASIL<\/h1>\n<h2 align=\"left\">Sembla ser que hi ha hagut un atemptat amb v\u00edctimes a Brasil ( Not\u00edcia inventada )<\/h2>\n<p align=\"left\">\n<p align=\"left\"><span style=\"font-family: Liberation Serif;\"><span style=\"font-size: x-large;\">Ahir al pa\u00eds Brasil els terroristes van matar a 25 persones i 16 persones van resultar ferides. Aquestes van ser ingressades a l&#8217;hospital . <\/span><\/span><\/p>\n<p align=\"left\"><span style=\"font-family: Liberation Serif;\"><span style=\"font-size: x-large;\">Sembla ser que les autoritats han trobat als 2 terroristes responsables. I les 17 persones que van anar a l\u00b4hospital i estan millor. Per contra podria ser que dos dels responsables haguessin escapat.<\/span><\/span><\/p>\n<p align=\"left\"><span style=\"font-family: Liberation Serif;\"><span style=\"font-size: x-large;\">La meva opini\u00f3 personal es que haur\u00edem de trobar una soluci\u00f3 entre tots per evitar aquests atemptats, arreu del m\u00f3n.<\/span><\/span><\/p>\n<p align=\"left\">( \u00c9s una not\u00edcia Inventada )<\/p>\n<p align=\"left\">Alex M.<\/p>\n<p align=\"left\"><a href=\"http:\/\/agora.xtec.cat\/escolaponent\/wp-content\/uploads\/usu881\/2017\/03\/teamtvponentlanotic\u00edaalexm.jpg\"><img loading=\"lazy\" decoding=\"async\" class=\"wp-image-2684 aligncenter\" src=\"http:\/\/agora.xtec.cat\/escolaponent\/wp-content\/uploads\/usu881\/2017\/03\/teamtvponentlanotic\u00edaalexm.jpg\" alt=\"teamtvponentlanoticiaalexm\" width=\"127\" height=\"95\" srcset=\"https:\/\/agora.xtec.cat\/escolaponent\/wp-content\/uploads\/usu881\/2017\/03\/teamtvponentlanotic\u00edaalexm.jpg 590w, https:\/\/agora.xtec.cat\/escolaponent\/wp-content\/uploads\/usu881\/2017\/03\/teamtvponentlanotic\u00edaalexm-300x224.jpg 300w, https:\/\/agora.xtec.cat\/escolaponent\/wp-content\/uploads\/usu881\/2017\/03\/teamtvponentlanotic\u00edaalexm-200x150.jpg 200w\" sizes=\"auto, (max-width: 127px) 100vw, 127px\" \/><\/a><\/p>\n","protected":false},"excerpt":{"rendered":"<p>ATEMPTAT A BRASIL Sembla ser que hi ha hagut un atemptat amb v\u00edctimes a Brasil ( Not\u00edcia inventada ) Ahir al pa\u00eds Brasil els terroristes van matar a 25 persones i 16 persones van resultar ferides. Aquestes van ser ingressades a l&#8217;hospital . Sembla ser que les autoritats han trobat als 2 terroristes responsables. I [&hellip;]<\/p>\n","protected":false},"author":1,"featured_media":2684,"comment_status":"open","ping_status":"open","sticky":false,"template":"","format":"standard","meta":{"_bbp_topic_count":0,"_bbp_reply_count":0,"_bbp_total_topic_count":0,"_bbp_total_reply_count":0,"_bbp_voice_count":0,"_bbp_anonymous_reply_count":0,"_bbp_topic_count_hidden":0,"_bbp_reply_count_hidden":0,"_bbp_forum_subforum_count":0,"site-sidebar-layout":"default","site-content-layout":"","ast-site-content-layout":"","site-content-style":"default","site-sidebar-style":"default","ast-global-header-display":"","ast-banner-title-visibility":"","ast-main-header-display":"","ast-hfb-above-header-display":"","ast-hfb-below-header-display":"","ast-hfb-mobile-header-display":"","site-post-title":"","ast-breadcrumbs-content":"","ast-featured-img":"","footer-sml-layout":"","theme-transparent-header-meta":"","adv-header-id-meta":"","stick-header-meta":"","header-above-stick-meta":"","header-main-stick-meta":"","header-below-stick-meta":"","astra-migrate-meta-layouts":"default","ast-page-background-enabled":"default","ast-page-background-meta":{"desktop":{"background-color":"var(--ast-global-color-4)","background-image":"","background-repeat":"repeat","background-position":"center center","background-size":"auto","background-attachment":"scroll","background-type":"","background-media":"","overlay-type":"","overlay-color":"","overlay-opacity":"","overlay-gradient":""},"tablet":{"background-color":"","background-image":"","background-repeat":"repeat","background-position":"center center","background-size":"auto","background-attachment":"scroll","background-type":"","background-media":"","overlay-type":"","overlay-color":"","overlay-opacity":"","overlay-gradient":""},"mobile":{"background-color":"","background-image":"","background-repeat":"repeat","background-position":"center center","background-size":"auto","background-attachment":"scroll","background-type":"","background-media":"","overlay-type":"","overlay-color":"","overlay-opacity":"","overlay-gradient":""}},"ast-content-background-meta":{"desktop":{"background-color":"var(--ast-global-color-5)","background-image":"","background-repeat":"repeat","background-position":"center center","background-size":"auto","background-attachment":"scroll","background-type":"","background-media":"","overlay-type":"","overlay-color":"","overlay-opacity":"","overlay-gradient":""},"tablet":{"background-color":"var(--ast-global-color-5)","background-image":"","background-repeat":"repeat","background-position":"center center","background-size":"auto","background-attachment":"scroll","background-type":"","background-media":"","overlay-type":"","overlay-color":"","overlay-opacity":"","overlay-gradient":""},"mobile":{"background-color":"var(--ast-global-color-5)","background-image":"","background-repeat":"repeat","background-position":"center center","background-size":"auto","background-attachment":"scroll","background-type":"","background-media":"","overlay-type":"","overlay-color":"","overlay-opacity":"","overlay-gradient":""}},"footnotes":""},"categories":[22],"tags":[],"class_list":["post-2683","post","type-post","status-publish","format-standard","has-post-thumbnail","hentry","category-news"],"post_mailing_queue_ids":[],"_links":{"self":[{"href":"https:\/\/agora.xtec.cat\/escolaponent\/wp-json\/wp\/v2\/posts\/2683","targetHints":{"allow":["GET"]}}],"collection":[{"href":"https:\/\/agora.xtec.cat\/escolaponent\/wp-json\/wp\/v2\/posts"}],"about":[{"href":"https:\/\/agora.xtec.cat\/escolaponent\/wp-json\/wp\/v2\/types\/post"}],"author":[{"embeddable":true,"href":"https:\/\/agora.xtec.cat\/escolaponent\/wp-json\/wp\/v2\/users\/1"}],"replies":[{"embeddable":true,"href":"https:\/\/agora.xtec.cat\/escolaponent\/wp-json\/wp\/v2\/comments?post=2683"}],"version-history":[{"count":1,"href":"https:\/\/agora.xtec.cat\/escolaponent\/wp-json\/wp\/v2\/posts\/2683\/revisions"}],"predecessor-version":[{"id":2685,"href":"https:\/\/agora.xtec.cat\/escolaponent\/wp-json\/wp\/v2\/posts\/2683\/revisions\/2685"}],"wp:featuredmedia":[{"embeddable":true,"href":"https:\/\/agora.xtec.cat\/escolaponent\/wp-json\/wp\/v2\/media\/2684"}],"wp:attachment":[{"href":"https:\/\/agora.xtec.cat\/escolaponent\/wp-json\/wp\/v2\/media?parent=2683"}],"wp:term":[{"taxonomy":"category","embeddable":true,"href":"https:\/\/agora.xtec.cat\/escolaponent\/wp-json\/wp\/v2\/categories?post=2683"},{"taxonomy":"post_tag","embeddable":true,"href":"https:\/\/agora.xtec.cat\/escolaponent\/wp-json\/wp\/v2\/tags?post=2683"}],"curies":[{"name":"wp","href":"https:\/\/api.w.org\/{rel}","templated":true}]}}