{"id":20368,"date":"2026-01-13T21:46:18","date_gmt":"2026-01-13T20:46:18","guid":{"rendered":"https:\/\/agora.xtec.cat\/escolaponent\/?p=20368"},"modified":"2026-01-13T21:46:18","modified_gmt":"2026-01-13T20:46:18","slug":"acrosport-als-ambients-de-mitjans","status":"publish","type":"post","link":"https:\/\/agora.xtec.cat\/escolaponent\/general\/acrosport-als-ambients-de-mitjans\/","title":{"rendered":"Acrosport als ambients de mitjans!"},"content":{"rendered":"<div>\n<p><span style=\"font-size: 16px\">Aquest curs hem estrenat un nou ambient<strong> d\u2019Acrosport<\/strong> a la comunitat de mitjans, <strong>una proposta engrescadora<\/strong> que combina <strong>moviment<\/strong>, <strong>creativitat i esfor\u00e7 f\u00edsic<\/strong> a trav\u00e9s del treball cooperatiu amb el <strong>cos<\/strong>.<\/span><\/p>\n<\/div>\n<div>\n<p>L\u2019Acrosport permet als infants <strong>crear i representar figures corporals<\/strong> de manera individual i col\u00b7lectiva. Al llarg de tres sessions, els nens i nenes exploren diferents possibilitats del seu cos i del treball en equip: des de representar lletres de l\u2019abecedari fins a construir figures amb 2, 3, 4 i fins a 5 persones. Aquest proc\u00e9s <strong>afavoreix la imaginaci\u00f3<\/strong>, la <strong>coordinaci\u00f3<\/strong>, la <strong>confian\u00e7a<\/strong> i el <strong>respecte pels companys.<\/strong><\/p>\n<\/div>\n<div>\n<p>Un dels punts forts d\u2019aquest ambient \u00e9s que \u00e9s<strong> inclusiu<\/strong> i accessible per a tothom. Les figures tenen diversos nivells de dificultat, fet que permet que cada infant participi segons les seves capacitats, se senti segur i visqui l\u2019\u00e8xit personal i col\u00b7lectiu.<\/p>\n<\/div>\n<div>\n<p>A les dues primeres sessions, l\u2019objectiu principal \u00e9s la pr\u00e0ctica i l\u2019experimentaci\u00f3: provar figures, equivocar-se, adaptar-les i aprendre plegats. A la tercera sessi\u00f3, els grups preparen una petita representaci\u00f3 davant dels companys, on mostren dues figures escollides, posant en valor l\u2019esfor\u00e7, la cooperaci\u00f3 i la superaci\u00f3 personal.<\/p>\n<\/div>\n<div>\n<p>L\u2019ambient es desenvolupa a l\u2019edifici d\u2019infantil, a l\u2019aula de psicomotricitat, un espai ideal gr\u00e0cies als matalassos, que ajuden a reduir la por i donen seguretat a l\u2019hora de realitzar les figures. A m\u00e9s, l\u2019activitat es duu a terme amb m\u00fasica, creant un ambient din\u00e0mic i motivador que promou el gust per la pr\u00e0ctica esportiva.<\/p>\n<\/div>\n<div>\n<p>Amb aquest nou ambient d\u2019Acrosport, l\u2019escola continua apostant per <strong>propostes educatives que fomenten el benestar f\u00edsic, el treball en equip i el desenvolupament integral dels infants,<\/strong> aprenent a trav\u00e9s del joc i el moviment.<\/p>\n<p><a href=\"https:\/\/agora.xtec.cat\/escolaponent\/wp-content\/uploads\/usu881\/2026\/01\/20251120_160229-scaled.jpg\"><img loading=\"lazy\" decoding=\"async\" class=\"alignnone size-large wp-image-20376\" src=\"https:\/\/agora.xtec.cat\/escolaponent\/wp-content\/uploads\/usu881\/2026\/01\/20251120_160229-1024x592.jpg\" alt=\"\" width=\"1024\" height=\"592\" srcset=\"https:\/\/agora.xtec.cat\/escolaponent\/wp-content\/uploads\/usu881\/2026\/01\/20251120_160229-1024x592.jpg 1024w, https:\/\/agora.xtec.cat\/escolaponent\/wp-content\/uploads\/usu881\/2026\/01\/20251120_160229-300x173.jpg 300w, https:\/\/agora.xtec.cat\/escolaponent\/wp-content\/uploads\/usu881\/2026\/01\/20251120_160229-768x444.jpg 768w, https:\/\/agora.xtec.cat\/escolaponent\/wp-content\/uploads\/usu881\/2026\/01\/20251120_160229-1536x888.jpg 1536w, https:\/\/agora.xtec.cat\/escolaponent\/wp-content\/uploads\/usu881\/2026\/01\/20251120_160229-2048x1184.jpg 2048w\" sizes=\"auto, (max-width: 1024px) 100vw, 1024px\" \/><\/a><a href=\"https:\/\/agora.xtec.cat\/escolaponent\/wp-content\/uploads\/usu881\/2026\/01\/20251120_160146-scaled.jpg\"><img loading=\"lazy\" decoding=\"async\" class=\"alignnone size-large wp-image-20375\" src=\"https:\/\/agora.xtec.cat\/escolaponent\/wp-content\/uploads\/usu881\/2026\/01\/20251120_160146-1024x540.jpg\" alt=\"\" width=\"1024\" height=\"540\" srcset=\"https:\/\/agora.xtec.cat\/escolaponent\/wp-content\/uploads\/usu881\/2026\/01\/20251120_160146-1024x540.jpg 1024w, https:\/\/agora.xtec.cat\/escolaponent\/wp-content\/uploads\/usu881\/2026\/01\/20251120_160146-300x158.jpg 300w, https:\/\/agora.xtec.cat\/escolaponent\/wp-content\/uploads\/usu881\/2026\/01\/20251120_160146-768x405.jpg 768w, https:\/\/agora.xtec.cat\/escolaponent\/wp-content\/uploads\/usu881\/2026\/01\/20251120_160146-1536x811.jpg 1536w, https:\/\/agora.xtec.cat\/escolaponent\/wp-content\/uploads\/usu881\/2026\/01\/20251120_160146-2048x1081.jpg 2048w\" sizes=\"auto, (max-width: 1024px) 100vw, 1024px\" \/><\/a><a href=\"https:\/\/agora.xtec.cat\/escolaponent\/wp-content\/uploads\/usu881\/2026\/01\/20251211_160350-scaled.jpg\"><img loading=\"lazy\" decoding=\"async\" class=\"alignnone size-large wp-image-20374\" src=\"https:\/\/agora.xtec.cat\/escolaponent\/wp-content\/uploads\/usu881\/2026\/01\/20251211_160350-1024x819.jpg\" alt=\"\" width=\"1024\" height=\"819\" srcset=\"https:\/\/agora.xtec.cat\/escolaponent\/wp-content\/uploads\/usu881\/2026\/01\/20251211_160350-1024x819.jpg 1024w, https:\/\/agora.xtec.cat\/escolaponent\/wp-content\/uploads\/usu881\/2026\/01\/20251211_160350-300x240.jpg 300w, https:\/\/agora.xtec.cat\/escolaponent\/wp-content\/uploads\/usu881\/2026\/01\/20251211_160350-768x614.jpg 768w, https:\/\/agora.xtec.cat\/escolaponent\/wp-content\/uploads\/usu881\/2026\/01\/20251211_160350-1536x1228.jpg 1536w, https:\/\/agora.xtec.cat\/escolaponent\/wp-content\/uploads\/usu881\/2026\/01\/20251211_160350-2048x1638.jpg 2048w\" sizes=\"auto, (max-width: 1024px) 100vw, 1024px\" \/><\/a><a href=\"https:\/\/agora.xtec.cat\/escolaponent\/wp-content\/uploads\/usu881\/2026\/01\/20251211_160300-scaled.jpg\"><img loading=\"lazy\" decoding=\"async\" class=\"alignnone size-large wp-image-20373\" src=\"https:\/\/agora.xtec.cat\/escolaponent\/wp-content\/uploads\/usu881\/2026\/01\/20251211_160300-1024x630.jpg\" alt=\"\" width=\"1024\" height=\"630\" srcset=\"https:\/\/agora.xtec.cat\/escolaponent\/wp-content\/uploads\/usu881\/2026\/01\/20251211_160300-1024x630.jpg 1024w, https:\/\/agora.xtec.cat\/escolaponent\/wp-content\/uploads\/usu881\/2026\/01\/20251211_160300-300x185.jpg 300w, https:\/\/agora.xtec.cat\/escolaponent\/wp-content\/uploads\/usu881\/2026\/01\/20251211_160300-768x473.jpg 768w, https:\/\/agora.xtec.cat\/escolaponent\/wp-content\/uploads\/usu881\/2026\/01\/20251211_160300-1536x945.jpg 1536w, https:\/\/agora.xtec.cat\/escolaponent\/wp-content\/uploads\/usu881\/2026\/01\/20251211_160300-2048x1261.jpg 2048w\" sizes=\"auto, (max-width: 1024px) 100vw, 1024px\" \/><\/a><a href=\"https:\/\/agora.xtec.cat\/escolaponent\/wp-content\/uploads\/usu881\/2026\/01\/20251211_160044-scaled.jpg\"><img loading=\"lazy\" decoding=\"async\" class=\"alignnone size-large wp-image-20372\" src=\"https:\/\/agora.xtec.cat\/escolaponent\/wp-content\/uploads\/usu881\/2026\/01\/20251211_160044-1024x768.jpg\" alt=\"\" width=\"1024\" height=\"768\" srcset=\"https:\/\/agora.xtec.cat\/escolaponent\/wp-content\/uploads\/usu881\/2026\/01\/20251211_160044-1024x768.jpg 1024w, https:\/\/agora.xtec.cat\/escolaponent\/wp-content\/uploads\/usu881\/2026\/01\/20251211_160044-300x225.jpg 300w, https:\/\/agora.xtec.cat\/escolaponent\/wp-content\/uploads\/usu881\/2026\/01\/20251211_160044-768x576.jpg 768w, https:\/\/agora.xtec.cat\/escolaponent\/wp-content\/uploads\/usu881\/2026\/01\/20251211_160044-1536x1152.jpg 1536w, https:\/\/agora.xtec.cat\/escolaponent\/wp-content\/uploads\/usu881\/2026\/01\/20251211_160044-2048x1536.jpg 2048w\" sizes=\"auto, (max-width: 1024px) 100vw, 1024px\" \/><\/a><\/p>\n<\/div>\n","protected":false},"excerpt":{"rendered":"<p>Aquest curs hem estrenat un nou ambient d\u2019Acrosport a la comunitat de mitjans, una proposta engrescadora que combina moviment, creativitat i esfor\u00e7 f\u00edsic a trav\u00e9s del treball cooperatiu amb el cos. L\u2019Acrosport permet als infants crear i representar figures corporals de manera individual i col\u00b7lectiva. Al llarg de tres sessions, els nens i nenes exploren [&hellip;]<\/p>\n","protected":false},"author":57,"featured_media":20375,"comment_status":"open","ping_status":"open","sticky":false,"template":"","format":"standard","meta":{"_bbp_topic_count":0,"_bbp_reply_count":0,"_bbp_total_topic_count":0,"_bbp_total_reply_count":0,"_bbp_voice_count":0,"_bbp_anonymous_reply_count":0,"_bbp_topic_count_hidden":0,"_bbp_reply_count_hidden":0,"_bbp_forum_subforum_count":0,"site-sidebar-layout":"default","site-content-layout":"","ast-site-content-layout":"default","site-content-style":"default","site-sidebar-style":"default","ast-global-header-display":"","ast-banner-title-visibility":"","ast-main-header-display":"","ast-hfb-above-header-display":"","ast-hfb-below-header-display":"","ast-hfb-mobile-header-display":"","site-post-title":"","ast-breadcrumbs-content":"","ast-featured-img":"","footer-sml-layout":"","theme-transparent-header-meta":"default","adv-header-id-meta":"","stick-header-meta":"","header-above-stick-meta":"","header-main-stick-meta":"","header-below-stick-meta":"","astra-migrate-meta-layouts":"set","ast-page-background-enabled":"default","ast-page-background-meta":{"desktop":{"background-color":"var(--ast-global-color-4)","background-image":"","background-repeat":"repeat","background-position":"center center","background-size":"auto","background-attachment":"scroll","background-type":"","background-media":"","overlay-type":"","overlay-color":"","overlay-opacity":"","overlay-gradient":""},"tablet":{"background-color":"","background-image":"","background-repeat":"repeat","background-position":"center center","background-size":"auto","background-attachment":"scroll","background-type":"","background-media":"","overlay-type":"","overlay-color":"","overlay-opacity":"","overlay-gradient":""},"mobile":{"background-color":"","background-image":"","background-repeat":"repeat","background-position":"center center","background-size":"auto","background-attachment":"scroll","background-type":"","background-media":"","overlay-type":"","overlay-color":"","overlay-opacity":"","overlay-gradient":""}},"ast-content-background-meta":{"desktop":{"background-color":"var(--ast-global-color-5)","background-image":"","background-repeat":"repeat","background-position":"center center","background-size":"auto","background-attachment":"scroll","background-type":"","background-media":"","overlay-type":"","overlay-color":"","overlay-opacity":"","overlay-gradient":""},"tablet":{"background-color":"var(--ast-global-color-5)","background-image":"","background-repeat":"repeat","background-position":"center center","background-size":"auto","background-attachment":"scroll","background-type":"","background-media":"","overlay-type":"","overlay-color":"","overlay-opacity":"","overlay-gradient":""},"mobile":{"background-color":"var(--ast-global-color-5)","background-image":"","background-repeat":"repeat","background-position":"center center","background-size":"auto","background-attachment":"scroll","background-type":"","background-media":"","overlay-type":"","overlay-color":"","overlay-opacity":"","overlay-gradient":""}},"footnotes":""},"categories":[204,1,4],"tags":[],"class_list":["post-20368","post","type-post","status-publish","format-standard","has-post-thumbnail","hentry","category-ambients","category-general","category-portada"],"post_mailing_queue_ids":[],"_links":{"self":[{"href":"https:\/\/agora.xtec.cat\/escolaponent\/wp-json\/wp\/v2\/posts\/20368","targetHints":{"allow":["GET"]}}],"collection":[{"href":"https:\/\/agora.xtec.cat\/escolaponent\/wp-json\/wp\/v2\/posts"}],"about":[{"href":"https:\/\/agora.xtec.cat\/escolaponent\/wp-json\/wp\/v2\/types\/post"}],"author":[{"embeddable":true,"href":"https:\/\/agora.xtec.cat\/escolaponent\/wp-json\/wp\/v2\/users\/57"}],"replies":[{"embeddable":true,"href":"https:\/\/agora.xtec.cat\/escolaponent\/wp-json\/wp\/v2\/comments?post=20368"}],"version-history":[{"count":1,"href":"https:\/\/agora.xtec.cat\/escolaponent\/wp-json\/wp\/v2\/posts\/20368\/revisions"}],"predecessor-version":[{"id":20377,"href":"https:\/\/agora.xtec.cat\/escolaponent\/wp-json\/wp\/v2\/posts\/20368\/revisions\/20377"}],"wp:featuredmedia":[{"embeddable":true,"href":"https:\/\/agora.xtec.cat\/escolaponent\/wp-json\/wp\/v2\/media\/20375"}],"wp:attachment":[{"href":"https:\/\/agora.xtec.cat\/escolaponent\/wp-json\/wp\/v2\/media?parent=20368"}],"wp:term":[{"taxonomy":"category","embeddable":true,"href":"https:\/\/agora.xtec.cat\/escolaponent\/wp-json\/wp\/v2\/categories?post=20368"},{"taxonomy":"post_tag","embeddable":true,"href":"https:\/\/agora.xtec.cat\/escolaponent\/wp-json\/wp\/v2\/tags?post=20368"}],"curies":[{"name":"wp","href":"https:\/\/api.w.org\/{rel}","templated":true}]}}