{"id":19533,"date":"2025-02-16T10:00:30","date_gmt":"2025-02-16T09:00:30","guid":{"rendered":"https:\/\/agora.xtec.cat\/escolaponent\/?p=19533"},"modified":"2025-02-16T10:12:40","modified_gmt":"2025-02-16T09:12:40","slug":"la-historia-den-pep-i-la-flora","status":"publish","type":"post","link":"https:\/\/agora.xtec.cat\/escolaponent\/general\/la-historia-den-pep-i-la-flora\/","title":{"rendered":"La hist\u00f2ria d&#8217;en Pep i la Flora"},"content":{"rendered":"<p data-start=\"0\" data-end=\"141\">Dijous a la tarda, la Marta Canals, una mestra que ha estat molts anys a l&#8217;escola, va venir a explicar-nos la hist\u00f2ria d&#8217;en Pep i la Flora.<\/p>\n<p data-start=\"143\" data-end=\"259\">Va ser una experi\u00e8ncia molt interessant, ja que vam poder con\u00e8ixer de primera m\u00e0 la hist\u00f2ria dels nostres gegants.<\/p>\n<p><a href=\"https:\/\/agora.xtec.cat\/escolaponent\/wp-content\/uploads\/usu881\/2025\/02\/gegants-ballant-2-1.jpg\"><img loading=\"lazy\" decoding=\"async\" class=\"aligncenter size-medium wp-image-19540\" src=\"https:\/\/agora.xtec.cat\/escolaponent\/wp-content\/uploads\/usu881\/2025\/02\/gegants-ballant-2-1-300x225.jpg\" alt=\"\" width=\"300\" height=\"225\" srcset=\"https:\/\/agora.xtec.cat\/escolaponent\/wp-content\/uploads\/usu881\/2025\/02\/gegants-ballant-2-1-300x225.jpg 300w, https:\/\/agora.xtec.cat\/escolaponent\/wp-content\/uploads\/usu881\/2025\/02\/gegants-ballant-2-1-768x576.jpg 768w, https:\/\/agora.xtec.cat\/escolaponent\/wp-content\/uploads\/usu881\/2025\/02\/gegants-ballant-2-1-200x150.jpg 200w, https:\/\/agora.xtec.cat\/escolaponent\/wp-content\/uploads\/usu881\/2025\/02\/gegants-ballant-2-1.jpg 1024w\" sizes=\"auto, (max-width: 300px) 100vw, 300px\" \/><\/a> <a href=\"https:\/\/agora.xtec.cat\/escolaponent\/wp-content\/uploads\/usu881\/2025\/02\/gegants-ballant-1.jpg\"><img loading=\"lazy\" decoding=\"async\" class=\"aligncenter size-medium wp-image-19541\" src=\"https:\/\/agora.xtec.cat\/escolaponent\/wp-content\/uploads\/usu881\/2025\/02\/gegants-ballant-1-300x225.jpg\" alt=\"\" width=\"300\" height=\"225\" srcset=\"https:\/\/agora.xtec.cat\/escolaponent\/wp-content\/uploads\/usu881\/2025\/02\/gegants-ballant-1-300x225.jpg 300w, https:\/\/agora.xtec.cat\/escolaponent\/wp-content\/uploads\/usu881\/2025\/02\/gegants-ballant-1-768x576.jpg 768w, https:\/\/agora.xtec.cat\/escolaponent\/wp-content\/uploads\/usu881\/2025\/02\/gegants-ballant-1-200x150.jpg 200w, https:\/\/agora.xtec.cat\/escolaponent\/wp-content\/uploads\/usu881\/2025\/02\/gegants-ballant-1.jpg 1024w\" sizes=\"auto, (max-width: 300px) 100vw, 300px\" \/><\/a><\/p>\n<p data-start=\"261\" data-end=\"444\">Tot va comen\u00e7ar a Matadepera, quan els ve\u00efns d\u2019un carrer van decidir celebrar la seva pr\u00f2pia festa major i van crear els seus gegants, en Pau i l\u2019Alegria, fets amb caixes de cartr\u00f3.<\/p>\n<p data-start=\"261\" data-end=\"444\"><a href=\"https:\/\/agora.xtec.cat\/escolaponent\/wp-content\/uploads\/usu881\/2025\/02\/SKM_C3350i25020610222-scaled-e1739695358330.jpg\"><img loading=\"lazy\" decoding=\"async\" class=\"size-medium wp-image-19536 aligncenter\" src=\"https:\/\/agora.xtec.cat\/escolaponent\/wp-content\/uploads\/usu881\/2025\/02\/SKM_C3350i25020610222-scaled-e1739695358330-183x300.jpg\" alt=\"\" width=\"183\" height=\"300\" srcset=\"https:\/\/agora.xtec.cat\/escolaponent\/wp-content\/uploads\/usu881\/2025\/02\/SKM_C3350i25020610222-scaled-e1739695358330-183x300.jpg 183w, https:\/\/agora.xtec.cat\/escolaponent\/wp-content\/uploads\/usu881\/2025\/02\/SKM_C3350i25020610222-scaled-e1739695358330-626x1024.jpg 626w, https:\/\/agora.xtec.cat\/escolaponent\/wp-content\/uploads\/usu881\/2025\/02\/SKM_C3350i25020610222-scaled-e1739695358330.jpg 746w\" sizes=\"auto, (max-width: 183px) 100vw, 183px\" \/><\/a><\/p>\n<p data-start=\"446\" data-end=\"639\">Amb el temps, aquests gegants es van deteriorar i es van reconstruir amb l\u2019aspecte que tenen actualment.<\/p>\n<p data-start=\"446\" data-end=\"639\"><a href=\"https:\/\/agora.xtec.cat\/escolaponent\/wp-content\/uploads\/usu881\/2025\/02\/SKM_C3350i25020610230-scaled-e1739695328445.jpg\"><img loading=\"lazy\" decoding=\"async\" class=\"size-medium wp-image-19535 aligncenter\" src=\"https:\/\/agora.xtec.cat\/escolaponent\/wp-content\/uploads\/usu881\/2025\/02\/SKM_C3350i25020610230-scaled-e1739695328445-300x211.jpg\" alt=\"\" width=\"300\" height=\"211\" srcset=\"https:\/\/agora.xtec.cat\/escolaponent\/wp-content\/uploads\/usu881\/2025\/02\/SKM_C3350i25020610230-scaled-e1739695328445-300x211.jpg 300w, https:\/\/agora.xtec.cat\/escolaponent\/wp-content\/uploads\/usu881\/2025\/02\/SKM_C3350i25020610230-scaled-e1739695328445-1024x720.jpg 1024w, https:\/\/agora.xtec.cat\/escolaponent\/wp-content\/uploads\/usu881\/2025\/02\/SKM_C3350i25020610230-scaled-e1739695328445-768x540.jpg 768w, https:\/\/agora.xtec.cat\/escolaponent\/wp-content\/uploads\/usu881\/2025\/02\/SKM_C3350i25020610230-scaled-e1739695328445.jpg 1194w\" sizes=\"auto, (max-width: 300px) 100vw, 300px\" \/><\/a><\/p>\n<p data-start=\"446\" data-end=\"639\">Aleshores, se&#8217;ls va donar noms reials: Bernat de Sant Lloren\u00e7 i Elisenda de Santpedor.<\/p>\n<p data-start=\"641\" data-end=\"894\"><a href=\"https:\/\/agora.xtec.cat\/escolaponent\/wp-content\/uploads\/usu881\/2025\/02\/SKM_C3350i25020610261-scaled-e1739695292188.jpg\"><img loading=\"lazy\" decoding=\"async\" class=\"aligncenter size-medium wp-image-19534\" src=\"https:\/\/agora.xtec.cat\/escolaponent\/wp-content\/uploads\/usu881\/2025\/02\/SKM_C3350i25020610261-scaled-e1739695292188-212x300.jpg\" alt=\"\" width=\"212\" height=\"300\" srcset=\"https:\/\/agora.xtec.cat\/escolaponent\/wp-content\/uploads\/usu881\/2025\/02\/SKM_C3350i25020610261-scaled-e1739695292188-212x300.jpg 212w, https:\/\/agora.xtec.cat\/escolaponent\/wp-content\/uploads\/usu881\/2025\/02\/SKM_C3350i25020610261-scaled-e1739695292188-724x1024.jpg 724w, https:\/\/agora.xtec.cat\/escolaponent\/wp-content\/uploads\/usu881\/2025\/02\/SKM_C3350i25020610261-scaled-e1739695292188-768x1086.jpg 768w, https:\/\/agora.xtec.cat\/escolaponent\/wp-content\/uploads\/usu881\/2025\/02\/SKM_C3350i25020610261-scaled-e1739695292188.jpg 1083w\" sizes=\"auto, (max-width: 212px) 100vw, 212px\" \/><\/a><\/p>\n<p data-start=\"641\" data-end=\"894\">M\u00e9s endavant, els ve\u00efns van anar marxant d\u2019aquell carrer i els gegants van quedar guardats en un traster. Al cap d\u2019un temps, gr\u00e0cies a la col\u00b7laboraci\u00f3 de les fam\u00edlies i les mestres de l\u2019escola, en Bernat i l\u2019Elisenda van arribar al Ponent durant el curs 2007-08.<\/p>\n<p data-start=\"641\" data-end=\"894\"><a href=\"https:\/\/agora.xtec.cat\/escolaponent\/wp-content\/uploads\/usu881\/2025\/02\/2007-2008-e1739695754828.jpg\"><img loading=\"lazy\" decoding=\"async\" class=\"aligncenter size-medium wp-image-19537\" src=\"https:\/\/agora.xtec.cat\/escolaponent\/wp-content\/uploads\/usu881\/2025\/02\/2007-2008-e1739695754828-300x231.jpg\" alt=\"\" width=\"300\" height=\"231\" srcset=\"https:\/\/agora.xtec.cat\/escolaponent\/wp-content\/uploads\/usu881\/2025\/02\/2007-2008-e1739695754828-300x231.jpg 300w, https:\/\/agora.xtec.cat\/escolaponent\/wp-content\/uploads\/usu881\/2025\/02\/2007-2008-e1739695754828-1024x790.jpg 1024w, https:\/\/agora.xtec.cat\/escolaponent\/wp-content\/uploads\/usu881\/2025\/02\/2007-2008-e1739695754828-768x593.jpg 768w, https:\/\/agora.xtec.cat\/escolaponent\/wp-content\/uploads\/usu881\/2025\/02\/2007-2008-e1739695754828.jpg 1300w\" sizes=\"auto, (max-width: 300px) 100vw, 300px\" \/><\/a><\/p>\n<p data-start=\"896\" data-end=\"1022\">All\u00e0 se\u2019ls va restaurar i, amb la participaci\u00f3 de tota la comunitat educativa, se\u2019ls va donar un nou nom: en Pep i la Flora.<\/p>\n<p data-start=\"1024\" data-end=\"1210\" data-is-last-node=\"\">Ara, amb l&#8217;ajuda de les fam\u00edlies, en Pep i la Flora cobren vida cada vegada que tenim una festa. Des de la Castanyada fins a Carnestoltes, estan molt presents a les nostres celebracions.<\/p>\n<p data-start=\"1024\" data-end=\"1210\" data-is-last-node=\"\"><a href=\"https:\/\/agora.xtec.cat\/escolaponent\/wp-content\/uploads\/usu881\/2025\/02\/IMG-20250216-WA0000.jpg\"><img loading=\"lazy\" decoding=\"async\" class=\"aligncenter size-medium wp-image-19546\" src=\"https:\/\/agora.xtec.cat\/escolaponent\/wp-content\/uploads\/usu881\/2025\/02\/IMG-20250216-WA0000-225x300.jpg\" alt=\"\" width=\"225\" height=\"300\" srcset=\"https:\/\/agora.xtec.cat\/escolaponent\/wp-content\/uploads\/usu881\/2025\/02\/IMG-20250216-WA0000-225x300.jpg 225w, https:\/\/agora.xtec.cat\/escolaponent\/wp-content\/uploads\/usu881\/2025\/02\/IMG-20250216-WA0000-768x1024.jpg 768w, https:\/\/agora.xtec.cat\/escolaponent\/wp-content\/uploads\/usu881\/2025\/02\/IMG-20250216-WA0000-1152x1536.jpg 1152w, https:\/\/agora.xtec.cat\/escolaponent\/wp-content\/uploads\/usu881\/2025\/02\/IMG-20250216-WA0000.jpg 1500w\" sizes=\"auto, (max-width: 225px) 100vw, 225px\" \/><\/a><\/p>\n<p data-start=\"1024\" data-end=\"1210\" data-is-last-node=\"\">Gr\u00e0cies Marta per venir a l&#8217;escola a explicar-nos d&#8217;on provenen els nostres gegants.<\/p>\n<p><span style=\"color: #2795b6;\"><a style=\"color: #2795b6;\" href=\"https:\/\/agora.xtec.cat\/escolaponent\/wp-content\/uploads\/usu881\/2025\/02\/Marta.jpg\"><img loading=\"lazy\" decoding=\"async\" class=\"size-medium wp-image-19542 aligncenter\" src=\"https:\/\/agora.xtec.cat\/escolaponent\/wp-content\/uploads\/usu881\/2025\/02\/Marta-300x285.jpg\" alt=\"\" width=\"300\" height=\"285\" srcset=\"https:\/\/agora.xtec.cat\/escolaponent\/wp-content\/uploads\/usu881\/2025\/02\/Marta-300x285.jpg 300w, https:\/\/agora.xtec.cat\/escolaponent\/wp-content\/uploads\/usu881\/2025\/02\/Marta-768x730.jpg 768w, https:\/\/agora.xtec.cat\/escolaponent\/wp-content\/uploads\/usu881\/2025\/02\/Marta.jpg 1024w\" sizes=\"auto, (max-width: 300px) 100vw, 300px\" \/><\/a><\/span><\/p>\n<p>&nbsp;<\/p>\n","protected":false},"excerpt":{"rendered":"<p>Dijous a la tarda, la Marta Canals, una mestra que ha estat molts anys a l&#8217;escola, va venir a explicar-nos la hist\u00f2ria d&#8217;en Pep i la Flora. Va ser una experi\u00e8ncia molt interessant, ja que vam poder con\u00e8ixer de primera m\u00e0 la hist\u00f2ria dels nostres gegants. Tot va comen\u00e7ar a Matadepera, quan els ve\u00efns d\u2019un [&hellip;]<\/p>\n","protected":false},"author":6,"featured_media":19537,"comment_status":"open","ping_status":"closed","sticky":false,"template":"","format":"standard","meta":{"_bbp_topic_count":0,"_bbp_reply_count":0,"_bbp_total_topic_count":0,"_bbp_total_reply_count":0,"_bbp_voice_count":0,"_bbp_anonymous_reply_count":0,"_bbp_topic_count_hidden":0,"_bbp_reply_count_hidden":0,"_bbp_forum_subforum_count":0,"site-sidebar-layout":"default","site-content-layout":"","ast-site-content-layout":"","site-content-style":"default","site-sidebar-style":"default","ast-global-header-display":"","ast-banner-title-visibility":"","ast-main-header-display":"","ast-hfb-above-header-display":"","ast-hfb-below-header-display":"","ast-hfb-mobile-header-display":"","site-post-title":"","ast-breadcrumbs-content":"","ast-featured-img":"","footer-sml-layout":"","theme-transparent-header-meta":"","adv-header-id-meta":"","stick-header-meta":"","header-above-stick-meta":"","header-main-stick-meta":"","header-below-stick-meta":"","astra-migrate-meta-layouts":"default","ast-page-background-enabled":"default","ast-page-background-meta":{"desktop":{"background-color":"var(--ast-global-color-4)","background-image":"","background-repeat":"repeat","background-position":"center center","background-size":"auto","background-attachment":"scroll","background-type":"","background-media":"","overlay-type":"","overlay-color":"","overlay-opacity":"","overlay-gradient":""},"tablet":{"background-color":"","background-image":"","background-repeat":"repeat","background-position":"center center","background-size":"auto","background-attachment":"scroll","background-type":"","background-media":"","overlay-type":"","overlay-color":"","overlay-opacity":"","overlay-gradient":""},"mobile":{"background-color":"","background-image":"","background-repeat":"repeat","background-position":"center center","background-size":"auto","background-attachment":"scroll","background-type":"","background-media":"","overlay-type":"","overlay-color":"","overlay-opacity":"","overlay-gradient":""}},"ast-content-background-meta":{"desktop":{"background-color":"var(--ast-global-color-5)","background-image":"","background-repeat":"repeat","background-position":"center center","background-size":"auto","background-attachment":"scroll","background-type":"","background-media":"","overlay-type":"","overlay-color":"","overlay-opacity":"","overlay-gradient":""},"tablet":{"background-color":"var(--ast-global-color-5)","background-image":"","background-repeat":"repeat","background-position":"center center","background-size":"auto","background-attachment":"scroll","background-type":"","background-media":"","overlay-type":"","overlay-color":"","overlay-opacity":"","overlay-gradient":""},"mobile":{"background-color":"var(--ast-global-color-5)","background-image":"","background-repeat":"repeat","background-position":"center center","background-size":"auto","background-attachment":"scroll","background-type":"","background-media":"","overlay-type":"","overlay-color":"","overlay-opacity":"","overlay-gradient":""}},"footnotes":""},"categories":[363,313,269,237,207,194,3,1,417,404,2,4,5],"tags":[],"class_list":["post-19533","post","type-post","status-publish","format-standard","has-post-thumbnail","hentry","category-1r","category-2n","category-tercer","category-quart","category-cinque","category-sise","category-exalumnes-sise-2526","category-general","category-i3","category-i5-2","category-infantil","category-portada","category-primaria"],"post_mailing_queue_ids":[],"_links":{"self":[{"href":"https:\/\/agora.xtec.cat\/escolaponent\/wp-json\/wp\/v2\/posts\/19533","targetHints":{"allow":["GET"]}}],"collection":[{"href":"https:\/\/agora.xtec.cat\/escolaponent\/wp-json\/wp\/v2\/posts"}],"about":[{"href":"https:\/\/agora.xtec.cat\/escolaponent\/wp-json\/wp\/v2\/types\/post"}],"author":[{"embeddable":true,"href":"https:\/\/agora.xtec.cat\/escolaponent\/wp-json\/wp\/v2\/users\/6"}],"replies":[{"embeddable":true,"href":"https:\/\/agora.xtec.cat\/escolaponent\/wp-json\/wp\/v2\/comments?post=19533"}],"version-history":[{"count":4,"href":"https:\/\/agora.xtec.cat\/escolaponent\/wp-json\/wp\/v2\/posts\/19533\/revisions"}],"predecessor-version":[{"id":19547,"href":"https:\/\/agora.xtec.cat\/escolaponent\/wp-json\/wp\/v2\/posts\/19533\/revisions\/19547"}],"wp:featuredmedia":[{"embeddable":true,"href":"https:\/\/agora.xtec.cat\/escolaponent\/wp-json\/wp\/v2\/media\/19537"}],"wp:attachment":[{"href":"https:\/\/agora.xtec.cat\/escolaponent\/wp-json\/wp\/v2\/media?parent=19533"}],"wp:term":[{"taxonomy":"category","embeddable":true,"href":"https:\/\/agora.xtec.cat\/escolaponent\/wp-json\/wp\/v2\/categories?post=19533"},{"taxonomy":"post_tag","embeddable":true,"href":"https:\/\/agora.xtec.cat\/escolaponent\/wp-json\/wp\/v2\/tags?post=19533"}],"curies":[{"name":"wp","href":"https:\/\/api.w.org\/{rel}","templated":true}]}}